{"id":106498,"date":"2022-12-22T12:05:03","date_gmt":"2022-12-22T15:05:03","guid":{"rendered":"https:\/\/grandepremio.com\/br\/noticias\/diagnostico-doenca-crohn-jonny-edgar-reforca-mp-formula-3-2023\/"},"modified":"2022-12-22T12:18:36","modified_gmt":"2022-12-22T15:18:36","slug":"diagnostico-doenca-crohn-jonny-edgar-reforca-mp-formula-3-2023","status":"publish","type":"post","link":"https:\/\/grandepremio.com\/br\/f3\/diagnostico-doenca-crohn-jonny-edgar-reforca-mp-formula-3-2023\/","title":{"rendered":"Ap\u00f3s enfrentar diagn\u00f3stico de doen\u00e7a rara, Edgar refor\u00e7a MP no grid da F\u00f3rmula 3 2023"},"content":{"rendered":"\n<p class=\"wp-block-paragraph\"><a href=\"https:\/\/www.grandepremio.com\/br\/f3\/noticias\/piloto-formula-3-jonny-edgar-anuncia-pausa-carreira-tratar-doenca-crohn\/\" class=\"ek-link\">Depois de ser diagnosticado com doen\u00e7a de Crohn<\/a> \u2014 que causa inflama\u00e7\u00f5es no trato digest\u00f3rio e n\u00e3o tem cura, mas pode ser tratada \u2014 e perder duas rodadas da temporada 2022 da <strong>F\u00f3rmula 3<\/strong>, <strong>Jonny Edgar<\/strong> foi anunciado nesta quinta-feira (22) como refor\u00e7o da <strong>MP<\/strong> para o pr\u00f3ximo campeonato. Al\u00e9m do brit\u00e2nico, o time holand\u00eas tamb\u00e9m vai contar com o estreante <strong>Mari Boya<\/strong>, restando definir quem ficar\u00e1 com a terceira vaga.<\/p>\n\n\n\n<p class=\"wp-block-paragraph\">Edgar foi surpreendido com o diagn\u00f3stico da doen\u00e7a rara logo ap\u00f3s a rodada do Bahrein, a segunda da temporada, e ficou de fora das etapas da Em\u00edlia-Romanha e de Barcelona. Aos 18 anos, o jovem \u00e9 membro da academia de Pilotos da Red Bull e estreou na F3 em 2021 com a Carlin. Este ano, mudou para a Trident e alcan\u00e7ou seu melhor resultado na categoria: o quarto lugar na sprint race da B\u00e9lgica.<\/p>\n\n\n\n<p class=\"wp-block-paragraph\"><strong>\u25b6\ufe0f\u00a0Inscreva-se nos dois canais do GRANDE PR\u00caMIO no YouTube:\u00a0<a href=\"https:\/\/www.youtube.com\/channel\/UC9OlHEgxoaY6QY6nWPoiqQg?sub_confirmation=1\" target=\"_blank\" rel=\"noreferrer noopener\">GP<\/a>\u00a0|\u00a0<a href=\"https:\/\/www.youtube.com\/channel\/UC9csiS6q_C3C0FYhyr1rnFA?sub_confirmation=1\" target=\"_blank\" rel=\"noreferrer noopener\">GP2<\/a><\/strong><br><strong>\u25b6\ufe0f\u00a0<a href=\"https:\/\/www.twitch.tv\/grandepremio\" target=\"_blank\" rel=\"noreferrer noopener\">Conhe\u00e7a o canal do GRANDE PR\u00caMIO na Twitch clicando aqui!<\/a><\/strong><\/p>\n\n\n\n<figure class=\"wp-block-image size-full\"><img decoding=\"async\" src=\"https:\/\/www.grandepremio.com\/br\/wp-content\/uploads\/2022\/12\/jonny-edgar-F3-MP.jpg\" alt=\"\" class=\"wp-image-641044\"\/><figcaption>Edgar participou dos testes p\u00f3s-temporada com a MP (Foto: F3)<\/figcaption><\/figure>\n\n\n\n<p class=\"wp-block-paragraph\">&#8220;Estou muito feliz por me tornar parte da fam\u00edlia MP em 2023&#8221;, disse Edgar, que participou dos testes de p\u00f3s-temporada com o time laranja realizados em Jerez. &#8220;A MP \u00e9 uma equipe comprovadamente vencedora na F3, fato que foi mostrado consistentemente nas \u00faltimas temporadas. Foi \u00f3timo estar com eles em Jerez, encontrar Mari [Boya] e todos os demais&#8221;, acrescentou.<\/p>\n\n\n\n<p class=\"wp-block-paragraph\">&#8220;[2022] foi um ano dif\u00edcil por causa dos problemas de sa\u00fade que tive, mas lutei e trabalhei bastante minha parte f\u00edsica. Agora estou desfrutando da ideia de um novo modo de ataque na F3, pois \u00e9 como um neg\u00f3cio inacabado para mim. Estou ansioso para come\u00e7ar&#8221;, ressaltou Edgar.<\/p>\n\n\n\n<p class=\"wp-block-paragraph\">Sander Dorsman, chefe de equipe da MP, falou sobre a satisfa\u00e7\u00e3o de receber Edgar, destacando o seu &#8220;talento natural&#8221; para pilotar comprovado pelos t\u00edtulos no kart e na F4. &#8220;Estamos ansiosos para ajud\u00e1-lo nesse retorno em sua promissora carreira, dando a ele um carro competitivo. Ficamos felizes por trabalhar com ele em Jerez e queremos ajud\u00e1-lo a converter toda a sua velocidade bruta em fortes resultados. Que venha 2023&#8221;, concluiu.<\/p>\n\n\n\n<p class=\"wp-block-paragraph\">Em 2022, a MP teve Alexander Smolyar, Caio Collet e Kush Maini. Destes, apenas o indiano j\u00e1 tem destino certo para o pr\u00f3ximo ano: vai defender a Campos na F\u00f3rmula 2.<\/p>\n\n\n\n<figure class=\"wp-block-embed is-type-video is-provider-youtube wp-block-embed-youtube wp-embed-aspect-16-9 wp-has-aspect-ratio\"><div class=\"wp-block-embed__wrapper\">\n<iframe loading=\"lazy\" title=\"FITTIPALDI, HADJAR E MALONEY: RED BULL MONTA ESQUADR\u00c3O PARA ATROPELAR NA F2 2023 | GP \u00e0s 10\" width=\"500\" height=\"281\" src=\"https:\/\/www.youtube.com\/embed\/cEGRd1ChfXM?feature=oembed\" frameborder=\"0\" allow=\"accelerometer; autoplay; clipboard-write; encrypted-media; gyroscope; picture-in-picture; web-share\" referrerpolicy=\"strict-origin-when-cross-origin\" allowfullscreen><\/iframe>\n<\/div><\/figure>\n","protected":false},"excerpt":{"rendered":"<p>Jonny Edgar chegou a perder duas rodadas da F3 este ano ap\u00f3s ser diagnosticado com doen\u00e7a de Crohn, que n\u00e3o tem cura. O brit\u00e2nico defendeu a Trident e agora vai correr com a MP em 2023<\/p>\n","protected":false},"author":0,"featured_media":1000641045,"comment_status":"closed","ping_status":"closed","sticky":false,"template":"","format":"standard","meta":{"42wp_featured_image_caption":"","42wp_featured_image_credits":"","42wp_featured_video":"","42wp_featured_image_hidden":false,"42wp_authors_list":[],"footnotes":""},"categories":[10],"tags":[1008,32564,8057,1491,599,4606],"42wp_author":[47147],"class_list":["post-106498","post","type-post","status-publish","format-standard","has-post-thumbnail","hentry","category-f3","tag-f3","tag-f3-2023","tag-formula-3","tag-grande-premio","tag-jonny-edgar","tag-mp","42wp_author-luana-marino"],"_links":{"self":[{"href":"https:\/\/grandepremio.com\/br\/wp-json\/wp\/v2\/posts\/106498","targetHints":{"allow":["GET"]}}],"collection":[{"href":"https:\/\/grandepremio.com\/br\/wp-json\/wp\/v2\/posts"}],"about":[{"href":"https:\/\/grandepremio.com\/br\/wp-json\/wp\/v2\/types\/post"}],"replies":[{"embeddable":true,"href":"https:\/\/grandepremio.com\/br\/wp-json\/wp\/v2\/comments?post=106498"}],"version-history":[{"count":0,"href":"https:\/\/grandepremio.com\/br\/wp-json\/wp\/v2\/posts\/106498\/revisions"}],"wp:featuredmedia":[{"embeddable":true,"href":"https:\/\/grandepremio.com\/br\/wp-json\/wp\/v2\/media\/1000641045"}],"wp:attachment":[{"href":"https:\/\/grandepremio.com\/br\/wp-json\/wp\/v2\/media?parent=106498"}],"wp:term":[{"taxonomy":"category","embeddable":true,"href":"https:\/\/grandepremio.com\/br\/wp-json\/wp\/v2\/categories?post=106498"},{"taxonomy":"post_tag","embeddable":true,"href":"https:\/\/grandepremio.com\/br\/wp-json\/wp\/v2\/tags?post=106498"},{"taxonomy":"42wp_author","embeddable":true,"href":"https:\/\/grandepremio.com\/br\/wp-json\/wp\/v2\/42wp_author?post=106498"}],"curies":[{"name":"wp","href":"https:\/\/api.w.org\/{rel}","templated":true}]}}