{"id":106511,"date":"2022-12-21T14:13:55","date_gmt":"2022-12-21T17:13:55","guid":{"rendered":"https:\/\/grandepremio.com\/br\/noticias\/art-anuncia-kaylen-frederick-fecha-trio-formula-3-temporada-2023\/"},"modified":"2022-12-21T14:25:10","modified_gmt":"2022-12-21T17:25:10","slug":"art-anuncia-kaylen-frederick-fecha-trio-formula-3-temporada-2023","status":"publish","type":"post","link":"https:\/\/grandepremio.com\/br\/f3\/art-anuncia-kaylen-frederick-fecha-trio-formula-3-temporada-2023\/","title":{"rendered":"ART anuncia Frederick e fecha trio da F\u00f3rmula 3 para temporada 2023"},"content":{"rendered":"\n<figure class=\"wp-block-embed is-type-video is-provider-youtube wp-block-embed-youtube wp-embed-aspect-16-9 wp-has-aspect-ratio\"><div class=\"wp-block-embed__wrapper\">\n<iframe loading=\"lazy\" title=\"MERCEDES \u00c9 MELHOR DESTINO PARA SCHUMACHER REVIVER CARREIRA NA F1 | GP \u00c0S 10\" width=\"500\" height=\"281\" src=\"https:\/\/www.youtube.com\/embed\/7vNPAdi94-g?feature=oembed\" frameborder=\"0\" allow=\"accelerometer; autoplay; clipboard-write; encrypted-media; gyroscope; picture-in-picture; web-share\" referrerpolicy=\"strict-origin-when-cross-origin\" allowfullscreen><\/iframe>\n<\/div><\/figure>\n\n\n\n<p class=\"wp-block-paragraph\">A <strong>ART<\/strong> \u00e9 mais uma a definir o trio de pilotos para a temporada 2023 da <strong>F\u00f3rmula 3<\/strong>. A equipe francesa anunciou ter\u00e7a-feira (20) o americano <strong>Kaylen Frederick<\/strong> como companheiro de equipe de<strong> Gr\u00e9goire Saucy<\/strong> e <strong><a href=\"https:\/\/www.grandepremio.com\/br\/f3\/noticias\/protegido-fernando-alonso-nikola-tsolov-acerta-art-disputa-temporada-2023-f3\/\" class=\"ek-link\">Nikola Tsolov<\/a><\/strong>.<\/p>\n\n\n\n<p class=\"wp-block-paragraph\">Frederick estreou na F3 em 2021 com a Carlin e competiu na Hitech no campeonato deste ano. O americano tem como melhor resultado o quinto lugar na sprint race deste ano, em Silverstone, e fechou a temporada em 17\u00ba lugar, com 27 pontos.<\/p>\n\n\n\n<p class=\"wp-block-paragraph\"><strong>\u25b6\ufe0f\u00a0Inscreva-se nos dois canais do GRANDE PR\u00caMIO no YouTube:\u00a0<a href=\"https:\/\/www.youtube.com\/channel\/UC9OlHEgxoaY6QY6nWPoiqQg?sub_confirmation=1\" target=\"_blank\" rel=\"noreferrer noopener\">GP<\/a>\u00a0|\u00a0<a href=\"https:\/\/www.youtube.com\/channel\/UC9csiS6q_C3C0FYhyr1rnFA?sub_confirmation=1\" target=\"_blank\" rel=\"noreferrer noopener\">GP2<\/a><\/strong><br><strong>\u25b6\ufe0f\u00a0<a href=\"https:\/\/www.twitch.tv\/grandepremio\" target=\"_blank\" rel=\"noreferrer noopener\">Conhe\u00e7a o canal do GRANDE PR\u00caMIO na Twitch clicando aqui!<\/a><\/strong><\/p>\n\n\n\n<figure class=\"wp-block-image size-full\"><img decoding=\"async\" src=\"https:\/\/www.grandepremio.com\/br\/wp-content\/uploads\/2022\/12\/Kayen-Frederick-F3-ART.jpg\" alt=\"\" class=\"wp-image-640974\"\/><figcaption>Frederick andou com a ART nos testes p\u00f3s-temporada, em Jerez (Foto: F3)<\/figcaption><\/figure>\n\n\n\n<p class=\"wp-block-paragraph\">Sobre a nova fase, o americano se disse feliz por se juntar \u00e0 ART e destacou a tradi\u00e7\u00e3o da equipe nas categorias de base. &#8220;Estou muito feliz por ingressar na ART para a temporada 2023 da F3. \u00c9 extremamente emocionante fazer parte de uma equipe de tanto prest\u00edgio, e vamos ver o que o futuro reserva para nossa parceria\u201d, declarou.<\/p>\n\n\n\n<p class=\"wp-block-paragraph\">\u201cMuito obrigado \u00e0 minha equipe e patrocinadores por tornar isso poss\u00edvel, e a todos na ART por nos receberem&#8221;, continuou o piloto, que andou com o carro franc\u00eas nos dois dias de testes p\u00f3s-temporada realizados em <strong>Jerez de la Frontera<\/strong>. &#8220;Nosso desempenho e relacionamento t\u00eam sido promissores desde as primeiras idas \u00e0 pista, e estou ansioso para desenvolver isso durante o inverno e a pr\u00f3xima temporada&#8221;, completou.<\/p>\n\n\n\n<p class=\"wp-block-paragraph\">Para o chefe de equipe, <strong>S\u00e9bastien Phillipe<\/strong>, o desempenho de Frederick nos testes em Jerez foi determinante para a escolha final. O piloto figurou entre os dez primeiros em todas as quatro sess\u00f5es realizadas e chegou a liderar a bateria da tarde no primeiro dia.<\/p>\n\n\n\n<p class=\"wp-block-paragraph\">&#8220;Kaylen confirmou o talento que imagin\u00e1vamos, e confiamos em sua capacidade para explorar todo esse potencial com a ART. Campe\u00e3o ingl\u00eas de F3, Kaylen sabe administrar um campeonato em que est\u00e1 na lideran\u00e7a, e suas qualidades como piloto s\u00e3o ineg\u00e1veis. Ele ser\u00e1, portanto, um trunfo em uma temporada longa e complexa&#8221;, finalizou o dirigente.<\/p>\n\n\n\n<figure class=\"wp-block-embed is-type-video is-provider-youtube wp-block-embed-youtube wp-embed-aspect-16-9 wp-has-aspect-ratio\"><div class=\"wp-block-embed__wrapper\">\n<iframe loading=\"lazy\" title=\"FITTIPALDI, HADJAR E MALONEY: RED BULL MONTA ESQUADR\u00c3O PARA ATROPELAR NA F2 2023 | GP \u00e0s 10\" width=\"500\" height=\"281\" src=\"https:\/\/www.youtube.com\/embed\/cEGRd1ChfXM?feature=oembed\" frameborder=\"0\" allow=\"accelerometer; autoplay; clipboard-write; encrypted-media; gyroscope; picture-in-picture; web-share\" referrerpolicy=\"strict-origin-when-cross-origin\" allowfullscreen><\/iframe>\n<\/div><\/figure>\n","protected":false},"excerpt":{"rendered":"<p>Depois de defender a Hitech em 2022, Kaylen Frederick vai vestir as cores da ART no ano que vem ao lado de Gr\u00e9goire Saucy e Nikola Tsolov na F\u00f3rmula 3<\/p>\n","protected":false},"author":0,"featured_media":1000640973,"comment_status":"closed","ping_status":"closed","sticky":false,"template":"","format":"standard","meta":{"42wp_featured_image_caption":"","42wp_featured_image_credits":"","42wp_featured_video":"","42wp_featured_image_hidden":false,"42wp_authors_list":[],"footnotes":""},"categories":[10],"tags":[6086,1008,32564,8057,32563,1491,25438,114,31049,33331],"42wp_author":[47147],"class_list":["post-106511","post","type-post","status-publish","format-standard","has-post-thumbnail","hentry","category-f3","tag-art","tag-f3","tag-f3-2023","tag-formula-3","tag-formula-3-2023","tag-grande-premio","tag-gregoire-saucy","tag-hitech","tag-nikola-tsolov","tag-temporada-2023-f3","42wp_author-luana-marino"],"_links":{"self":[{"href":"https:\/\/grandepremio.com\/br\/wp-json\/wp\/v2\/posts\/106511","targetHints":{"allow":["GET"]}}],"collection":[{"href":"https:\/\/grandepremio.com\/br\/wp-json\/wp\/v2\/posts"}],"about":[{"href":"https:\/\/grandepremio.com\/br\/wp-json\/wp\/v2\/types\/post"}],"replies":[{"embeddable":true,"href":"https:\/\/grandepremio.com\/br\/wp-json\/wp\/v2\/comments?post=106511"}],"version-history":[{"count":0,"href":"https:\/\/grandepremio.com\/br\/wp-json\/wp\/v2\/posts\/106511\/revisions"}],"wp:featuredmedia":[{"embeddable":true,"href":"https:\/\/grandepremio.com\/br\/wp-json\/wp\/v2\/media\/1000640973"}],"wp:attachment":[{"href":"https:\/\/grandepremio.com\/br\/wp-json\/wp\/v2\/media?parent=106511"}],"wp:term":[{"taxonomy":"category","embeddable":true,"href":"https:\/\/grandepremio.com\/br\/wp-json\/wp\/v2\/categories?post=106511"},{"taxonomy":"post_tag","embeddable":true,"href":"https:\/\/grandepremio.com\/br\/wp-json\/wp\/v2\/tags?post=106511"},{"taxonomy":"42wp_author","embeddable":true,"href":"https:\/\/grandepremio.com\/br\/wp-json\/wp\/v2\/42wp_author?post=106511"}],"curies":[{"name":"wp","href":"https:\/\/api.w.org\/{rel}","templated":true}]}}