{"id":106535,"date":"2022-12-20T10:58:20","date_gmt":"2022-12-20T13:58:20","guid":{"rendered":"https:\/\/grandepremio.com\/br\/noticias\/romain-grosjean-menosprezo-fia-indy-pede-teste-f1-scott-mclaughlin\/"},"modified":"2022-12-20T11:23:36","modified_gmt":"2022-12-20T14:23:36","slug":"romain-grosjean-menosprezo-fia-indy-pede-teste-f1-scott-mclaughlin","status":"publish","type":"post","link":"https:\/\/grandepremio.com\/br\/f1\/romain-grosjean-menosprezo-fia-indy-pede-teste-f1-scott-mclaughlin\/","title":{"rendered":"Grosjean v\u00ea menosprezo da FIA com Indy e pede teste na F1 para &#8220;especial&#8221; McLaughlin"},"content":{"rendered":"\n<figure class=\"wp-block-embed is-type-video is-provider-youtube wp-block-embed-youtube wp-embed-aspect-16-9 wp-has-aspect-ratio\"><div class=\"wp-block-embed__wrapper\">\n<iframe loading=\"lazy\" title=\"VERSTAPPEN DOMINA E ALCAN\u00c7A BICAMPEONATO | RETROSPECTIVA F1 2022\" width=\"500\" height=\"281\" src=\"https:\/\/www.youtube.com\/embed\/-QD3VQkcMM8?feature=oembed\" frameborder=\"0\" allow=\"accelerometer; autoplay; clipboard-write; encrypted-media; gyroscope; picture-in-picture; web-share\" referrerpolicy=\"strict-origin-when-cross-origin\" allowfullscreen><\/iframe>\n<\/div><\/figure>\n\n\n\n<p class=\"wp-block-paragraph\">O caso <strong>Colton Herta <\/strong>levantou um grande debate em torno da pontua\u00e7\u00e3o dada aos pilotos da <strong>Indy <\/strong>para a obten\u00e7\u00e3o da superlicen\u00e7a, mas testes recentes realizados com <strong>\u00c1lex Palou<\/strong> e <strong>Pato O&#8217;Ward <\/strong>provam que os nomes que correm na principal categoria do automobilismo americano est\u00e3o aptos a guiar um <strong>F\u00f3rmula 1<\/strong>. E essa \u00e9 a vis\u00e3o de quem j\u00e1 esteve no grid da categoria, Romain Grosjean, que defendeu, inclusive, a chance para outro piloto que tem se destacado nos Estados Unidos: <strong>Scott McLaughlin<\/strong>.<\/p>\n\n\n\n<p class=\"wp-block-paragraph\">Multicampe\u00e3o da V8 Supercars australiana, o neozeland\u00eas apareceu de vez para a\u00a0<a href=\"https:\/\/www.grandepremio.com\/formula-indy\/\" target=\"_blank\" rel=\"noreferrer noopener\">Indy<\/a>\u00a0em 2022, aos 29 anos, depois de um campeonato de novato bastante t\u00edmido em 2021. Este ano, Scott conquistou tr\u00eas triunfos e chegou \u00e0 \u00faltima etapa, em Laguna Seca, com chances de t\u00edtulo, mas fechou o campeonato na quarta coloca\u00e7\u00e3o. <\/p>\n\n\n\n<p class=\"wp-block-paragraph\"><strong>\u25b6\ufe0f\u00a0Inscreva-se nos dois canais do GRANDE PR\u00caMIO no YouTube:\u00a0<a href=\"https:\/\/www.youtube.com\/channel\/UC9OlHEgxoaY6QY6nWPoiqQg?sub_confirmation=1\" target=\"_blank\" rel=\"noreferrer noopener\">GP<\/a>\u00a0|\u00a0<a href=\"https:\/\/www.youtube.com\/channel\/UC9csiS6q_C3C0FYhyr1rnFA?sub_confirmation=1\" target=\"_blank\" rel=\"noreferrer noopener\">GP2<\/a><\/strong><br><strong>\u25b6\ufe0f\u00a0<a href=\"https:\/\/www.twitch.tv\/grandepremio\" target=\"_blank\" rel=\"noreferrer noopener\">Conhe\u00e7a o canal do GRANDE PR\u00caMIO na Twitch clicando aqui!<\/a><\/strong><\/p>\n\n\n\n<figure class=\"wp-block-image size-large\"><img decoding=\"async\" src=\"https:\/\/www.grandepremio.com\/br\/wp-content\/uploads\/2022\/09\/Scott-McLaughlin-2022-INDYCAR-Championship-Contenders-By_-Joe-Skibinski_Large-Image-Without-Watermark_m70033-1024x683.jpg\" alt=\"\" class=\"wp-image-613395\"\/><figcaption>Scott McLaughlin venceu tr\u00eas corridas na Indy em 2022 e ganhou elogios de Romain Grosjean (Foto: IndyCar)<\/figcaption><\/figure>\n\n\n\n<p class=\"wp-block-paragraph\">Mesmo assim, a s\u00f3lida temporada rendeu elogios de Grosjean, que citou o representante da Penske ao falar sobre a qualidade dos pilotos que correm na classe americana atualmente. \u00c0 MotorSport Maganize, o franc\u00eas come\u00e7ou o tema defendendo o teste realizado por Palou como prova da habilidade dos corredores da Indy.<\/p>\n\n\n\n<p class=\"wp-block-paragraph\">&#8220;Um dos melhores exemplos foi quando Palou participou do TL1 com a McLaren em Austin e, com os mesmos pneus de Lando (Norris), ficou a dois ou tr\u00eas d\u00e9cimos, o que \u00e9 muito, muito bom&#8221;, declarou o veterano, que continuou sobre Herta: &#8220;O cen\u00e1rio em torno de Colton era maior. Ele tem capacidade e velocidade para estar na F1, mas se olharmos para a carreira, ele nunca venceu um campeonato. Ent\u00e3o entendo ele n\u00e3o ter os pontos para a superlicen\u00e7a, pois n\u00e3o venceu a Indy Lights ou a Indy. Mas acho que o que est\u00e1 errado \u00e9 a quantidade de pontos que s\u00e3o distribu\u00eddos para a Indy.&#8221;<\/p>\n\n\n\n<p class=\"wp-block-paragraph\">Na tabela de pontos da FIA, apenas o campe\u00e3o da Indy garante automaticamente os 40 pontos exigidos para concorrer a uma vaga no grid da F1. J\u00e1 na F\u00f3rmula 2, que \u00e9 considerada o \u00faltimo degrau antes da elite do automobilismo mundial, a superlicen\u00e7a \u00e9 alcan\u00e7ada pelos tr\u00eas primeiros. Para se ter uma ideia da diferen\u00e7a, o terceiro colocado da Indy garante apenas 20 dos 40 tentos.<\/p>\n\n\n\n<p class=\"wp-block-paragraph\">&#8220;Acho que deveria ser ao menos no n\u00edvel da F\u00f3rmula 2, at\u00e9 mais, porque o n\u00edvel \u00e9 acima&#8221;, defende Grosjean. &#8220;Existem alguns pilotos por l\u00e1 que s\u00e3o muito r\u00e1pidos. Isso \u00e9 o que est\u00e1 errado. Por\u00e9m eu entendo o fato de ele [Herta] n\u00e3o ter os pontos por n\u00e3o ter vencido um campeonato. Mas h\u00e1 pilotos que s\u00e3o muito talentosos. Um dos que mais me surpreenderam \u00e9 Scott McLaughlin. Ele deveria fazer um teste na F1, seria r\u00e1pido. Esse cara \u00e9 muito especial&#8221;, ressaltou.<\/p>\n\n\n\n<p class=\"wp-block-paragraph\">&#8220;Se pensarmos que ele correu no Supercars por tantos anos e est\u00e1 indo t\u00e3o bem na Indy, \u00e9 algo muito natural. A Indy funciona um pouco diferente da F1 em termos de experi\u00eancia de corrida exigida, e \u00e9 por isso que pilotos mais velhos se d\u00e3o t\u00e3o bem&#8221;, continuou o piloto, ressaltando que o n\u00edvel da Indy est\u00e1 muito acima de outras categorias.<\/p>\n\n\n\n<p class=\"wp-block-paragraph\">&#8220;As corridas s\u00e3o duras e o n\u00edvel da competi\u00e7\u00e3o \u00e9 alto. Voc\u00ea n\u00e3o pode fazer uma volta de classifica\u00e7\u00e3o pensando &#8216;Ok, vou dar 95% porque sei que tenho um bom carro&#8217;. Isso n\u00e3o ser\u00e1 o bastante, voc\u00ea precisa de 100% em cada volta, e isso \u00e9 desafiador, mas \u00e9 muito divertido&#8221;, encerrou o piloto.<\/p>\n\n\n\n<figure class=\"wp-block-embed is-type-video is-provider-youtube wp-block-embed-youtube wp-embed-aspect-16-9 wp-has-aspect-ratio\"><div class=\"wp-block-embed__wrapper\">\n<iframe loading=\"lazy\" title=\"ARMSTRONG \u00c9 TENTATIVA DA GANASSI EM ENCONTRAR NOVO PALOU | GP \u00c0S 10\" width=\"500\" height=\"281\" src=\"https:\/\/www.youtube.com\/embed\/FU854CmSAZo?feature=oembed\" frameborder=\"0\" allow=\"accelerometer; autoplay; clipboard-write; encrypted-media; gyroscope; picture-in-picture; web-share\" referrerpolicy=\"strict-origin-when-cross-origin\" allowfullscreen><\/iframe>\n<\/div><\/figure>\n","protected":false},"excerpt":{"rendered":"<p>Romain Grosjean defendeu que os pilotos da Indy recebam ao menos a mesma pontua\u00e7\u00e3o aplicada \u00e0 F\u00f3rmula 2 quando o assunto \u00e9 superlicen\u00e7a e citou exemplos de competidores que j\u00e1 provaram ter qualidade para correr na elite do automobilismo mundial<\/p>\n","protected":false},"author":0,"featured_media":1000620902,"comment_status":"closed","ping_status":"closed","sticky":false,"template":"","format":"standard","meta":{"42wp_featured_image_caption":"","42wp_featured_image_credits":"","42wp_featured_video":"","42wp_featured_image_hidden":false,"42wp_authors_list":[],"footnotes":""},"categories":[2],"tags":[9828,1579,147,103,2208,1491,93,90,99,120,266,26088],"42wp_author":[47147],"class_list":["post-106535","post","type-post","status-publish","format-standard","has-post-thumbnail","hentry","category-f1","tag-alex-palou","tag-colton-herta","tag-f1","tag-fia","tag-formula-2","tag-grande-premio","tag-indy","tag-mclaren","tag-pato-oward","tag-romain-grosjean","tag-scott-mclaughlin","tag-superlicenca","42wp_author-luana-marino"],"_links":{"self":[{"href":"https:\/\/grandepremio.com\/br\/wp-json\/wp\/v2\/posts\/106535","targetHints":{"allow":["GET"]}}],"collection":[{"href":"https:\/\/grandepremio.com\/br\/wp-json\/wp\/v2\/posts"}],"about":[{"href":"https:\/\/grandepremio.com\/br\/wp-json\/wp\/v2\/types\/post"}],"replies":[{"embeddable":true,"href":"https:\/\/grandepremio.com\/br\/wp-json\/wp\/v2\/comments?post=106535"}],"version-history":[{"count":0,"href":"https:\/\/grandepremio.com\/br\/wp-json\/wp\/v2\/posts\/106535\/revisions"}],"wp:featuredmedia":[{"embeddable":true,"href":"https:\/\/grandepremio.com\/br\/wp-json\/wp\/v2\/media\/1000620902"}],"wp:attachment":[{"href":"https:\/\/grandepremio.com\/br\/wp-json\/wp\/v2\/media?parent=106535"}],"wp:term":[{"taxonomy":"category","embeddable":true,"href":"https:\/\/grandepremio.com\/br\/wp-json\/wp\/v2\/categories?post=106535"},{"taxonomy":"post_tag","embeddable":true,"href":"https:\/\/grandepremio.com\/br\/wp-json\/wp\/v2\/tags?post=106535"},{"taxonomy":"42wp_author","embeddable":true,"href":"https:\/\/grandepremio.com\/br\/wp-json\/wp\/v2\/42wp_author?post=106535"}],"curies":[{"name":"wp","href":"https:\/\/api.w.org\/{rel}","templated":true}]}}