{"id":10661,"date":"2026-03-26T02:00:57","date_gmt":"2026-03-26T05:00:57","guid":{"rendered":"https:\/\/grandepremio.com\/br\/noticias\/aston-martin-apronta-atualizacoes-fixa-meta-gp-japao-importante-honda\/"},"modified":"2026-03-26T03:13:21","modified_gmt":"2026-03-26T06:13:21","slug":"aston-martin-apronta-atualizacoes-fixa-meta-gp-japao-importante-honda","status":"publish","type":"post","link":"https:\/\/grandepremio.com\/br\/f1\/aston-martin-apronta-atualizacoes-fixa-meta-gp-japao-importante-honda\/","title":{"rendered":"Aston Martin apronta atualiza\u00e7\u00f5es e fixa meta em &#8220;GP do Jap\u00e3o importante para Honda&#8221;"},"content":{"rendered":"\n<p class=\"wp-block-paragraph\">A<strong> Aston Martin<\/strong> ter\u00e1 um desafio e tanto pela frente neste fim de semana, no <strong>Jap\u00e3o<\/strong>, casa da <strong>Honda<\/strong>. Depois dos abandonos duplos nos dois primeiros GPs do ano,<strong> Mike Krack<\/strong>, diretor de pista, confirmou que a equipe prepara um pacote de atualiza\u00e7\u00f5es para <strong>Suzuka <\/strong>e espera ao menos terminar a corrida com <strong>Fernando Alonso<\/strong> e <strong>Lance Stroll<\/strong>, j\u00e1 que se trata de uma etapa especial para a montadora japonesa.<\/p>\n\n\n\n<p class=\"wp-block-paragraph\">O time de <strong>Silverstone <\/strong>chega a Suzuka buscando desesperadamente uma luz no fim do t\u00fanel. Desde a pr\u00e9-temporada, um problema cr\u00f4nico na bateria da unidade de pot\u00eancia da Honda transformou o sonho de se aproximar do top-4 no novo ciclo de regras em pesadelo.<\/p>\n\n\n\n<p class=\"wp-block-paragraph\"><strong><mark>+ GP EXPERIENCE: o novo produto do GRANDE PR\u00caMIO conecta voc\u00ea aos maiores eventos de esporte a motor do mundo. V\u00e1 para Indian\u00e1polis com a gente:&nbsp;<a href=\"https:\/\/gpexperience.tur.br\/\">saiba aqui todos os detalhes<\/a>.<\/mark><\/strong><\/p>\n\n\n\n<figure class=\"wp-block-embed is-type-video is-provider-youtube wp-block-embed-youtube wp-embed-aspect-16-9 wp-has-aspect-ratio\"><div class=\"wp-block-embed__wrapper\">\n<iframe loading=\"lazy\" title=\"FERRARI VAI \u00c0 FIA CONTRA MERCEDES! \u00c9 GUERRA? | TTGP #212\" width=\"500\" height=\"281\" src=\"https:\/\/www.youtube.com\/embed\/maDD88UUWa4?feature=oembed\" frameborder=\"0\" allow=\"accelerometer; autoplay; clipboard-write; encrypted-media; gyroscope; picture-in-picture; web-share\" referrerpolicy=\"strict-origin-when-cross-origin\" allowfullscreen><\/iframe>\n<\/div><\/figure>\n\n\n\n<p class=\"wp-block-paragraph\">A crise, no entanto, n\u00e3o \u00e9 apenas t\u00e9cnica, uma vez que o projetista <strong>Adrian Newey<\/strong> <a href=\"https:\/\/www.grandepremio.com\/br\/f1\/noticias\/adrian-newey-lidera-busca-aston-martin-novo-chefe-equipe-formula-1\/\">procura algu\u00e9m para substitui-lo no cargo de chefia da equipe<\/a>, segundo o portal <em>PlanetF1<\/em>. Mesmo assim,<strong>Shintaro Orihara<\/strong>, engenheiro-chefe da <strong>Honda<\/strong>, deixou claro em coletiva de imprensa que o objetivo \u00e9 &#8220;mostrar m\u00e1ximo desempenho&#8221; no GP do Jap\u00e3o.<\/p>\n\n\n\n<p class=\"wp-block-paragraph\">&#8220;Na corrida anterior [GP da China], tivemos problemas com o carro #18 [de Stroll]. Implementamos as medidas corretivas necess\u00e1rias para este evento. No entanto, n\u00e3o podemos fazer altera\u00e7\u00f5es para melhorar o desempenho. Por isso, analisamos os dados coletados na China e aprimoramos nossa estrat\u00e9gia de gerenciamento de energia para esta prova&#8221;, disse Orihara.<\/p>\n\n\n\n<p class=\"wp-block-paragraph\">&#8220;N\u00e3o posso dar detalhes sobre onde ocorreu o problema. Mas entendemos o que aconteceu na divis\u00e3o de corrida em Sakura&#8221;, acrescentou, garantindo que a quebra de Stroll n\u00e3o teve rela\u00e7\u00e3o com as vibra\u00e7\u00f5es da bateria.<\/p>\n\n\n\n<p class=\"wp-block-paragraph\">&#8220;Em rela\u00e7\u00e3o \u00e0 confiabilidade da bateria, acredito que fizemos melhorias da primeira para a segunda corrida. Portanto, em termos de confiabilidade, estamos confiantes de que podemos terminar a prova. Contudo, o problema ocorrido da \u00faltima vez foi uma quest\u00e3o distinta do problema de vibra\u00e7\u00e3o&#8221;, explicou.<\/p>\n\n\n\n<figure class=\"wp-block-image size-large\"><img decoding=\"async\" src=\"https:\/\/www.grandepremio.com\/br\/wp-content\/uploads\/2025\/11\/sao-paulo-2025-f1-classificacao-sprint-aston-martin-mike-krack-berton-02-1200x800.jpg\" alt=\"\" class=\"wp-image-1030889\"\/><figcaption class=\"wp-element-caption\">Mike Krack afirmou que a Aston Martin leva novidades para o Jap\u00e3o (Foto: Rodrigo Berton\/Ag\u00eancia Warm Up)<\/figcaption><\/figure>\n\n\n\n<p class=\"wp-block-paragraph\">Krack, por sua vez, refor\u00e7ou que a Aston Martin est\u00e1 trabalhando com a Honda para resolver a quest\u00e3o. &#8220;Estamos trabalhando juntos, cada um com seus pr\u00f3prios crit\u00e9rios, visando mitigar os efeitos da vibra\u00e7\u00e3o. Isso se aplica tanto ao hardware quanto \u00e0 perspectiva do piloto.&#8221;<\/p>\n\n\n\n<p class=\"wp-block-paragraph\">&#8220;Portanto, h\u00e1 coisas que precisamos testar desta vez. Depois disso, consideraremos o que fazer a seguir&#8221;, continuou, salientando que o foco \u00e9 cruzar a linha de chegada. &#8220;Para marcar pontos no futuro, precisamos primeiro terminar a corrida. Esse \u00e9 o nosso objetivo.&#8221;<\/p>\n\n\n\n<p class=\"wp-block-paragraph\">&#8220;Acho que fizemos progressos nessa dire\u00e7\u00e3o na China, mas n\u00e3o foi o suficiente. Ent\u00e3o, nosso objetivo atual \u00e9 que ambos os carros terminem a corrida&#8221;, cravou.<\/p>\n\n\n\n<p class=\"wp-block-paragraph\">Orihara ainda destacou o valor do GP do Jap\u00e3o para a fabricante, mas manteve os p\u00e9s no ch\u00e3o ao projetar metas. &#8220;\u00c9 uma corrida muito importante para a Honda. \u00c9 a nossa corrida caseira, onde sempre temos de entregar \u00f3timos resultados para os f\u00e3s japoneses.&#8221;<\/p>\n\n\n\n<p class=\"wp-block-paragraph\">&#8220;Infelizmente, n\u00e3o estamos nessa posi\u00e7\u00e3o no momento. Mas queremos ter o melhor desempenho poss\u00edvel e mostrar aos f\u00e3s que estamos nos esfor\u00e7ando ao m\u00e1ximo. H\u00e1 faixas e bandeiras nas arquibancadas nos apoiando. Agradecemos o caloroso suporte&#8221;, seguiu.<\/p>\n\n\n\n<p class=\"wp-block-paragraph\">Quanto \u00e0s atualiza\u00e7\u00f5es, Krack afirmou que o chassi trar\u00e1 v\u00e1rias novidades \u2014 &#8220;algumas vis\u00edveis, outras n\u00e3o&#8221;.<\/p>\n\n\n\n<p class=\"wp-block-paragraph\">&#8220;\u00c9 claro que estamos focados em melhorar a confiabilidade, mas tamb\u00e9m \u00e9 verdade que n\u00e3o somos r\u00e1pidos o suficiente. Mesmo que consigamos terminar a corrida, n\u00e3o seremos fortes o bastante para marcar pontos&#8221;, come\u00e7ou.<\/p>\n\n\n\n<p class=\"wp-block-paragraph\">&#8220;Portanto, no que diz respeito \u00e0 unidade de pot\u00eancia, n\u00e3o podemos desenvolv\u00ea-la livremente por causa das regras, ent\u00e3o, temos de esperar [pelo ADUO \u2014 oportunidades adicionais de desenvolvimento e atualiza\u00e7\u00e3o \u2014, recurso permitido \u00e0s equipes quando h\u00e1 um d\u00e9ficit de desempenho muito grande comparado \u00e0s equipes de ponta]&#8221;, acrescentou.<\/p>\n\n\n\n<p class=\"wp-block-paragraph\">&#8220;No que diz respeito ao chassi, estamos trabalhando arduamente para melhorar o desempenho. Planejamos diversas atualiza\u00e7\u00f5es amanh\u00e3 [sexta-feira]. Algumas ser\u00e3o vis\u00edveis, outras n\u00e3o. De qualquer forma, \u00e9 evidente que melhorias s\u00e3o necess\u00e1rias&#8221;, encerrou Krack.<\/p>\n\n\n\n<p class=\"wp-block-paragraph\" id=\"h-gp-experience-o-novo-produto-do-grande-premio-conecta-voce-aos-maiores-eventos-de-esporte-a-motor-do-mundo-va-para-indianapolis-com-a-gente-saiba-aqui-todos-os-detalhes\">A F1 volta \u00e0 pista para a terceira etapa da temporada neste fim de semana, no&nbsp;<strong>GP do Jap\u00e3o<\/strong>, entre os dias&nbsp;<strong>27 e 29 de mar\u00e7o<\/strong>. O&nbsp;<strong>GRANDE PR\u00caMIO<\/strong>&nbsp;acompanha todas as atividades<a href=\"https:\/\/www.grandepremio.com\/br\/ao-vivo\/f1\/\">&nbsp;<strong>AO VIVO E EM&nbsp;<\/strong><\/a><strong><a href=\"https:\/\/www.grandepremio.com\/br\/ao-vivo\/\" target=\"_blank\" rel=\"noreferrer noopener\">TEMPO REAL<\/a><\/strong>,&nbsp;<a href=\"https:\/\/www.youtube.com\/@GrandePremio1\/streams\">al\u00e9m de classifica\u00e7\u00e3o e corrida em&nbsp;<strong>SEGUNDA TELA&nbsp;<\/strong>no YouTube<\/a>, em parceria com a&nbsp;<strong>Voz do Esporte<\/strong>. O&nbsp;<strong>Briefing&nbsp;<\/strong>chega para analisar ap\u00f3s o fim de cada dia de atividades nas redes sociais e na&nbsp;<strong>GPTV<\/strong>.<\/p>\n\n\n\n<h2 class=\"wp-block-heading\" id=\"h-gp-do-japao-de-f1-veja-os-horarios-em-brasil-cabo-verde-nbsp-portugal-angola-e-mocambique\"><strong>GP do Jap\u00e3o de F1: veja os hor\u00e1rios em Brasil, Cabo Verde,&nbsp;<a href=\"https:\/\/grandepremio.pt\/\" target=\"_blank\" rel=\"noreferrer noopener\">Portugal<\/a>, Angola e Mo\u00e7ambique:<\/strong><\/h2>\n\n\n\n<figure class=\"wp-block-table\"><table class=\"has-fixed-layout\"><tbody><tr><td class=\"has-text-align-left\" data-align=\"left\"><strong>Sess\u00e3o<\/strong><\/td><td class=\"has-text-align-left\" data-align=\"left\"><strong>BRA*<\/strong><\/td><td class=\"has-text-align-left\" data-align=\"left\"><strong>CBV<\/strong><\/td><td class=\"has-text-align-left\" data-align=\"left\"><strong>POR<\/strong><br><strong>ANG<\/strong><\/td><td class=\"has-text-align-left\" data-align=\"left\"><strong>MOZ<\/strong><\/td><\/tr><tr><td class=\"has-text-align-left\" data-align=\"left\">Treino livre 1<\/td><td class=\"has-text-align-left\" data-align=\"left\">23:30<\/td><td class=\"has-text-align-left\" data-align=\"left\">01:30<\/td><td class=\"has-text-align-left\" data-align=\"left\">03:30<\/td><td class=\"has-text-align-left\" data-align=\"left\">04:30<\/td><\/tr><tr><td class=\"has-text-align-left\" data-align=\"left\">Treino livre 2<\/td><td class=\"has-text-align-left\" data-align=\"left\">03:00<\/td><td class=\"has-text-align-left\" data-align=\"left\">05:30<\/td><td class=\"has-text-align-left\" data-align=\"left\">07:00<\/td><td class=\"has-text-align-left\" data-align=\"left\">08:00<\/td><\/tr><tr><td class=\"has-text-align-left\" data-align=\"left\">Treino livre 3<\/td><td class=\"has-text-align-left\" data-align=\"left\">23:30<\/td><td class=\"has-text-align-left\" data-align=\"left\">01:30<\/td><td class=\"has-text-align-left\" data-align=\"left\">03:30<\/td><td class=\"has-text-align-left\" data-align=\"left\">04:30<\/td><\/tr><tr><td class=\"has-text-align-left\" data-align=\"left\">Classifica\u00e7\u00e3o<\/td><td class=\"has-text-align-left\" data-align=\"left\">03:00<\/td><td class=\"has-text-align-left\" data-align=\"left\">05:30<\/td><td class=\"has-text-align-left\" data-align=\"left\">07:00<\/td><td class=\"has-text-align-left\" data-align=\"left\">08:00<\/td><\/tr><tr><td class=\"has-text-align-left\" data-align=\"left\">Corrida<\/td><td class=\"has-text-align-left\" data-align=\"left\">02:00<\/td><td class=\"has-text-align-left\" data-align=\"left\">04:30<\/td><td class=\"has-text-align-left\" data-align=\"left\">06:00<\/td><td class=\"has-text-align-left\" data-align=\"left\">07:00<\/td><\/tr><\/tbody><\/table><\/figure>\n\n\n\n<p class=\"wp-block-paragraph\"><em>*Hor\u00e1rio de Bras\u00edlia<\/em><\/p>\n\n\n\n<p class=\"wp-block-paragraph\"><strong>\u25b6\ufe0f<\/strong> <strong>Inscreva-se nos dois canais do GRANDE PR\u00caMIO no YouTube:&nbsp;<a href=\"https:\/\/www.youtube.com\/channel\/UC9OlHEgxoaY6QY6nWPoiqQg?sub_confirmation=1\">GP<\/a>&nbsp;|&nbsp;<a href=\"https:\/\/www.youtube.com\/channel\/UC9csiS6q_C3C0FYhyr1rnFA?sub_confirmation=1\">GPTV<\/a><\/strong><\/p>\n\n\n\n<h2 class=\"wp-block-heading\" id=\"h-f1-hoje-saiba-aqui-as-noticias-mais-importantes-do-dia-da-formula-1\"><strong>F1 hoje: saiba aqui as not\u00edcias mais importantes do dia da F\u00f3rmula 1<\/strong><\/h2>\n\n\n\n<p class=\"wp-block-paragraph\">\u25b6\ufe0f <strong><a href=\"https:\/\/www.grandepremio.com\/br\/f1\/noticias\/max-verstappen-reforca-expectativa-gp-do-japao-sempre-ansioso-voltar\/\">Verstappen se diz \u201csempre ansioso\u201d por voltar ao Jap\u00e3o e refor\u00e7a confian\u00e7a na Red Bull<\/a><\/strong><br>\u25b6\ufe0f <a href=\"https:\/\/www.grandepremio.com\/br\/f1\/noticias\/chefe-nova-regra-motores-fazer-mercedes-perder-vantagem-f1\/\"><strong>Chefe admite que Mercedes pode \u201cperder vantagem\u201d com nova regra de motores na F1<\/strong><\/a><br>\u25b6\ufe0f <strong><a href=\"https:\/\/www.grandepremio.com\/br\/f1\/noticias\/liberdade-tecnica-menos-distracoes-por-que-adrian-newey-quer-deixar-chefia-aston-martin\/\">Liberdade t\u00e9cnica e menos distra\u00e7\u00f5es: por que Newey quer deixar chefia da Aston Martin<\/a><\/strong><br>\u25b6\ufe0f <strong><a href=\"https:\/\/www.grandepremio.com\/br\/f1\/noticias\/fernando-alonso-fica-fora-quinta-feira-japao-expectativa-nascimento-1-filho\/\">Alonso fica fora da quinta-feira no Jap\u00e3o por expectativa<\/a><\/strong> <strong>de nascimento de filho<\/strong><\/p>\n","protected":false},"excerpt":{"rendered":"<p>Diretor de pista da Aston Martin, Mike Krack explicou que os problemas relacionados \u00e0 unidade de pot\u00eancia ainda dependem da flexibiliza\u00e7\u00e3o das regras para serem resolvidos, mas a equipe trabalha em novidades no chassi<\/p>\n","protected":false},"author":0,"featured_media":1001067250,"comment_status":"closed","ping_status":"closed","sticky":false,"template":"","format":"standard","meta":{"42wp_featured_image_caption":"","42wp_featured_image_credits":"","42wp_featured_video":"","42wp_featured_image_hidden":false,"42wp_authors_list":[],"footnotes":""},"categories":[2],"tags":[309,26271,5273,147,29516,29148,180,31425,28995,3023,38972,1491,28285,130,30840,24855,46326,32659,30559,35129,608,46327,32660,31470],"42wp_author":[47147],"class_list":["post-10661","post","type-post","status-publish","format-standard","has-post-thumbnail","hentry","category-f1","tag-aston-martin","tag-calendario-f1","tag-classificacao-f1","tag-f1","tag-f1-2026","tag-f1-hoje","tag-formula-1","tag-formula-1-2026","tag-formula-1-hoje","tag-gp-do-japao","tag-gp-do-japao-f1","tag-grande-premio","tag-grandepremio","tag-honda","tag-horarios-f1","tag-japao","tag-japao-2026","tag-japao-f1","tag-mike-krack","tag-onde-assistir-f1","tag-suzuka","tag-suzuka-2026","tag-suzuka-f1","tag-temporada-2026-f1","42wp_author-luana-marino"],"_links":{"self":[{"href":"https:\/\/grandepremio.com\/br\/wp-json\/wp\/v2\/posts\/10661","targetHints":{"allow":["GET"]}}],"collection":[{"href":"https:\/\/grandepremio.com\/br\/wp-json\/wp\/v2\/posts"}],"about":[{"href":"https:\/\/grandepremio.com\/br\/wp-json\/wp\/v2\/types\/post"}],"replies":[{"embeddable":true,"href":"https:\/\/grandepremio.com\/br\/wp-json\/wp\/v2\/comments?post=10661"}],"version-history":[{"count":0,"href":"https:\/\/grandepremio.com\/br\/wp-json\/wp\/v2\/posts\/10661\/revisions"}],"wp:featuredmedia":[{"embeddable":true,"href":"https:\/\/grandepremio.com\/br\/wp-json\/wp\/v2\/media\/1001067250"}],"wp:attachment":[{"href":"https:\/\/grandepremio.com\/br\/wp-json\/wp\/v2\/media?parent=10661"}],"wp:term":[{"taxonomy":"category","embeddable":true,"href":"https:\/\/grandepremio.com\/br\/wp-json\/wp\/v2\/categories?post=10661"},{"taxonomy":"post_tag","embeddable":true,"href":"https:\/\/grandepremio.com\/br\/wp-json\/wp\/v2\/tags?post=10661"},{"taxonomy":"42wp_author","embeddable":true,"href":"https:\/\/grandepremio.com\/br\/wp-json\/wp\/v2\/42wp_author?post=10661"}],"curies":[{"name":"wp","href":"https:\/\/api.w.org\/{rel}","templated":true}]}}