{"id":106618,"date":"2022-12-14T13:20:13","date_gmt":"2022-12-14T16:20:13","guid":{"rendered":"https:\/\/grandepremio.com\/br\/noticias\/maximilian-gunther-lideranca-segundo-dia-pre-temporada-formula-e-valencia\/"},"modified":"2022-12-16T09:04:18","modified_gmt":"2022-12-16T12:04:18","slug":"maximilian-gunther-lideranca-segundo-dia-pre-temporada-formula-e-valencia","status":"publish","type":"post","link":"https:\/\/grandepremio.com\/br\/formula-e\/maximilian-gunther-lideranca-segundo-dia-pre-temporada-formula-e-valencia\/","title":{"rendered":"G\u00fcnther repete lideran\u00e7a no segundo dia de pr\u00e9-temporada da F\u00f3rmula E em Val\u00eancia"},"content":{"rendered":"\n<p class=\"wp-block-paragraph\">O segundo dia de pr\u00e9-temporada da <strong>F\u00f3rmula E <\/strong>chegou ao fim nesta quarta-feira (14), em <strong>Val\u00eancia<\/strong>, com mais uma sess\u00e3o de duas horas de treinos livres. Ao fim da atividade, <strong>Maximilian G\u00fcnther<\/strong> se manteve na ponta mais uma vez e seguiu o dom\u00ednio estabelecido pela <strong>Maserati <\/strong>at\u00e9 aqui, liderando todos os treinos com o piloto alem\u00e3o. <strong>Stoffel Vandoorne <\/strong>ficou em segundo, e <strong>Norman Nato <\/strong>completou os tr\u00eas primeiros.<\/p>\n\n\n\n<p class=\"wp-block-paragraph\">A \u00faltima sess\u00e3o do dia aconteceu ap\u00f3s o <a aria-label=\"encerramento da corrida experimental (opens in a new tab)\" href=\"https:\/\/www.grandepremio.com\/br\/formula-e\/noticias\/jake-hughes-vence-corrida-experimental-formula-e-pre-temporada-valencia\/\" target=\"_blank\" rel=\"noreferrer noopener\" class=\"ek-link\">encerramento da corrida experimental<\/a>, vencida por <strong>Jake Hughes<\/strong>, e as equipes demoraram bastante tempo para irem \u00e0 pista. <strong>Nick Cassidy <\/strong>foi o primeiro a sair, seguido por <strong>Norman Nato<\/strong>, mas n\u00e3o conseguiu registrar um tempo competitivo e ficou em pen\u00faltimo entre aqueles que participaram. <strong>S\u00e9bastien Buemi <\/strong>e <strong>Dan Ticktum <\/strong>foram os \u00fanicos a ficarem de fora da sess\u00e3o, mas <strong>Envision <\/strong>e <strong>NIO <\/strong>n\u00e3o explicaram os motivos.<\/p>\n\n\n\n<p class=\"wp-block-paragraph\"><strong>\u25b6\ufe0f&nbsp;<a href=\"https:\/\/www.twitch.tv\/grandepremio\" target=\"_blank\" rel=\"noreferrer noopener\">Conhe\u00e7a o canal do GRANDE PR\u00caMIO na Twitch clicando aqui!<\/a><\/strong><\/p>\n\n\n\n<figure class=\"wp-block-image size-large\"><img decoding=\"async\" src=\"https:\/\/www.grandepremio.com\/br\/wp-content\/uploads\/2022\/12\/Vandoorne-1024x683.jpeg\" alt=\"\" class=\"wp-image-639863\"\/><figcaption>Atual campe\u00e3o, Stoffel Vandoorne ficou atr\u00e1s apenas de G\u00fcnther na \u00faltima sess\u00e3o do dia (Foto: F\u00f3rmula E)<\/figcaption><\/figure>\n\n\n\n<p class=\"wp-block-paragraph\"><strong>\u25b6\ufe0f&nbsp;Inscreva-se nos dois canais do GRANDE PR\u00caMIO no YouTube:&nbsp;<a href=\"https:\/\/www.youtube.com\/channel\/UC9OlHEgxoaY6QY6nWPoiqQg?sub_confirmation=1\" target=\"_blank\" rel=\"noreferrer noopener\">GP<\/a>&nbsp;|&nbsp;<a href=\"https:\/\/www.youtube.com\/channel\/UC9csiS6q_C3C0FYhyr1rnFA?sub_confirmation=1\" target=\"_blank\" rel=\"noreferrer noopener\">GP2<\/a><\/strong><\/p>\n\n\n\n<p class=\"wp-block-paragraph\"><a aria-label=\"Criticados pela falta de velocidade no primeiro dia de testes (opens in a new tab)\" href=\"https:\/\/www.grandepremio.com\/br\/formula-e\/noticias\/pilotos-formula-espantam-lentidao-muito-descobrir-gen3\/\" target=\"_blank\" rel=\"noreferrer noopener\" class=\"ek-link\">Criticados pela falta de velocidade no primeiro dia de testes<\/a>, os carros <strong>Gen3 <\/strong>enfim conseguiram baixar os tempos registrados pelos Gen2 em Val\u00eancia. G\u00fcnther, inclusive, marcou <strong>1min25s449 <\/strong>e tomou o recorde da pista na categoria, anteriormente estabelecido por Edoardo Mortara na pr\u00e9-temporada do ano passado.<\/p>\n\n\n\n<p class=\"wp-block-paragraph\">Entre os brasileiros, <strong>S\u00e9rgio Sette C\u00e2mara <\/strong>andou entre os \u00faltimos durante boa parte do tempo, mas entrou no top-10 restando aproximadamente 15 minutos para o fim, com <strong>1min26s768 <\/strong>\u2014 o brasileiro ainda conseguiu baixar o tempo algumas voltas depois, mas terminou em 13\u00ba. <strong>Lucas Di Grassi<\/strong>, por sua vez, registrou <strong>1min26s801<\/strong> em sua volta mais r\u00e1pida e foi o 15\u00ba.<\/p>\n\n\n\n<p class=\"wp-block-paragraph\">Ao fim da sess\u00e3o, o top-10 acabou composto por <strong>G\u00fcnther<\/strong>, <strong>Vandoorne<\/strong>, <strong>Nato<\/strong>, <strong>Jean-\u00c8ric Vergne<\/strong>, <strong>Mortara<\/strong>, <strong>Robin Frijns<\/strong>, <strong>Hughes<\/strong>, <strong>Pascal Wehrlein<\/strong>, <strong>Ant\u00f3nio F\u00e9lix da Costa<\/strong> e <strong>Sacha Fenestraz<\/strong>.<\/p>\n\n\n\n<h2 class=\"wp-block-heading\" id=\"h-formula-e-2022-23-pre-temporada-valencia-dia-2\">F\u00f3rmula E 2022\/23, Pr\u00e9-Temporada, Val\u00eancia, Dia 2:<\/h2>\n\n\n\n<figure class=\"wp-block-table\"><table><tbody><tr><td>1<\/td><td>M G\u00dcNTHER<\/td><td>Maserati<\/td><td>1:25.449<\/td><td>&nbsp;<\/td><\/tr><tr><td>2<\/td><td>S VANDOORNE<\/td><td>DS Penske<\/td><td>1:25.712<\/td><td>+0.263<\/td><\/tr><tr><td>3<\/td><td>N NATO<\/td><td>Jaguar<\/td><td>1:25.895<\/td><td>+0.446<\/td><\/tr><tr><td>4<\/td><td>J.E VERGNE<\/td><td>DS Penske<\/td><td>1:26.129<\/td><td>+0.680<\/td><\/tr><tr><td>5<\/td><td>E MORTARA<\/td><td>Maserati<\/td><td>1:26.174<\/td><td>+0.725<\/td><\/tr><tr><td>6<\/td><td>R FRIJNS<\/td><td>Abt<\/td><td>1:26.279<\/td><td>+0.830<\/td><\/tr><tr><td>7<\/td><td>J HUGHES<\/td><td>McLaren<\/td><td>1:26.298<\/td><td>+0.849<\/td><\/tr><tr><td>8<\/td><td>P WEHRLEIN<\/td><td>Porsche<\/td><td>1:26.350<\/td><td>+0.901<\/td><\/tr><tr><td>9<\/td><td>A.F DA COSTA<\/td><td>Porsche<\/td><td>1:26.427<\/td><td>+0.978<\/td><\/tr><tr><td>10<\/td><td>S FENESTRAZ<\/td><td>Nissan<\/td><td>1:26.490<\/td><td>+1.041<\/td><\/tr><tr><td>11<\/td><td>R RAST<\/td><td>McLaren<\/td><td>1:26.506<\/td><td>+1.057<\/td><\/tr><tr><td>12<\/td><td>J DENNIS<\/td><td>Andretti<\/td><td>1:26.526<\/td><td>+1.077<\/td><\/tr><tr><td>13<\/td><td>S. SETTE C\u00c2MARA<\/td><td>NIO<\/td><td>1:26.593<\/td><td>+1.144<\/td><\/tr><tr><td>14<\/td><td>S BIRD<\/td><td>Jaguar<\/td><td>1:26.781<\/td><td>+1.332<\/td><\/tr><tr><td>15<\/td><td>L DI GRASSI<\/td><td>Mahindra<\/td><td>1:26.801<\/td><td>+1.352<\/td><\/tr><tr><td>16<\/td><td>M EVANS<\/td><td>Jaguar<\/td><td>1:26.941<\/td><td>+1.492<\/td><\/tr><tr><td>17<\/td><td>A LOTTERER<\/td><td>Andretti<\/td><td>1:27.024<\/td><td>+1.575<\/td><\/tr><tr><td>18<\/td><td>N M\u00dcLLER<\/td><td>Abt<\/td><td>1:27.554<\/td><td>+2.105<\/td><\/tr><tr><td>19<\/td><td>N CASSIDY<\/td><td>Envision<\/td><td>1:32.664<\/td><td>+7.215<\/td><\/tr><tr><td>20<\/td><td>O ROWLAND<\/td><td>Mahindra<\/td><td>1:33.402<\/td><td>+7.953<\/td><\/tr><tr><td>21<\/td><td>S BUEMI<\/td><td>Envision<\/td><td>\u2014<\/td><td>\u2014<\/td><\/tr><tr><td>22<\/td><td>D TICKTUM<\/td><td>NIO<\/td><td>\u2014<\/td><td>\u2014<\/td><\/tr><\/tbody><\/table><\/figure>\n","protected":false},"excerpt":{"rendered":"<p>Ponteiro nas duas sess\u00f5es do primeiro dia da pr\u00e9-temporada da F\u00f3rmula E, Maximilian G\u00fcnther manteve Maserati no topo em sess\u00e3o que encerrou a quarta-feira (14) em Val\u00eancia<\/p>\n","protected":false},"author":0,"featured_media":1000640056,"comment_status":"closed","ping_status":"closed","sticky":false,"template":"","format":"standard","meta":{"42wp_featured_image_caption":"","42wp_featured_image_credits":"","42wp_featured_video":"","42wp_featured_image_hidden":false,"42wp_authors_list":[],"footnotes":""},"categories":[19],"tags":[24893,28679,6853,379,27903,840,28327,1601,1491,30103,28285,912,2717,2716],"42wp_author":[47142],"class_list":["post-106618","post","type-post","status-publish","format-standard","has-post-thumbnail","hentry","category-formula-e","tag-calendario","tag-calendario-formula-e","tag-classificacao-formula-e","tag-fe","tag-fe-2022","tag-formula-e","tag-formula-e-2022","tag-gen3","tag-grande-premio","tag-grande-premio-f1","tag-grandepremio","tag-maximilian-gunther","tag-pre-temporada","tag-valencia","42wp_author-jp-nascimento"],"_links":{"self":[{"href":"https:\/\/grandepremio.com\/br\/wp-json\/wp\/v2\/posts\/106618","targetHints":{"allow":["GET"]}}],"collection":[{"href":"https:\/\/grandepremio.com\/br\/wp-json\/wp\/v2\/posts"}],"about":[{"href":"https:\/\/grandepremio.com\/br\/wp-json\/wp\/v2\/types\/post"}],"replies":[{"embeddable":true,"href":"https:\/\/grandepremio.com\/br\/wp-json\/wp\/v2\/comments?post=106618"}],"version-history":[{"count":0,"href":"https:\/\/grandepremio.com\/br\/wp-json\/wp\/v2\/posts\/106618\/revisions"}],"wp:featuredmedia":[{"embeddable":true,"href":"https:\/\/grandepremio.com\/br\/wp-json\/wp\/v2\/media\/1000640056"}],"wp:attachment":[{"href":"https:\/\/grandepremio.com\/br\/wp-json\/wp\/v2\/media?parent=106618"}],"wp:term":[{"taxonomy":"category","embeddable":true,"href":"https:\/\/grandepremio.com\/br\/wp-json\/wp\/v2\/categories?post=106618"},{"taxonomy":"post_tag","embeddable":true,"href":"https:\/\/grandepremio.com\/br\/wp-json\/wp\/v2\/tags?post=106618"},{"taxonomy":"42wp_author","embeddable":true,"href":"https:\/\/grandepremio.com\/br\/wp-json\/wp\/v2\/42wp_author?post=106618"}],"curies":[{"name":"wp","href":"https:\/\/api.w.org\/{rel}","templated":true}]}}