{"id":106640,"date":"2022-12-13T11:31:33","date_gmt":"2022-12-13T14:31:33","guid":{"rendered":"https:\/\/grandepremio.com\/br\/noticias\/mclaren-muda-nome-equipe-indy-retira-iniciais-schmidt-peterson\/"},"modified":"2022-12-13T12:52:50","modified_gmt":"2022-12-13T15:52:50","slug":"mclaren-muda-nome-equipe-indy-retira-iniciais-schmidt-peterson","status":"publish","type":"post","link":"https:\/\/grandepremio.com\/br\/indy\/mclaren-muda-nome-equipe-indy-retira-iniciais-schmidt-peterson\/","title":{"rendered":"McLaren muda nome de equipe na Indy e retira iniciais de Schmidt Peterson"},"content":{"rendered":"\n<p class=\"wp-block-paragraph\">A<strong> McLaren <\/strong>anunciou uma mudan\u00e7a de nome para a temporada 2023 na <strong>Indy<\/strong>. Agora, a antiga Arrow McLaren SP se chamar\u00e1 apenas<strong> Arrow McLaren<\/strong> a partir do pr\u00f3ximo campeonato.<\/p>\n\n\n\n<p class=\"wp-block-paragraph\">A mudan\u00e7a tira o nome de <strong>Sam Schmidt<\/strong> e <strong>Ric Peterson<\/strong>, criadores da antiga equipe Schmidt Peterson e que venderam 75% de sua sociedade para a McLaren em 2021. Apesar da remo\u00e7\u00e3o, ambos seguem no conselho de administra\u00e7\u00e3o da equipe.<\/p>\n\n\n\n<p class=\"wp-block-paragraph\">A <a href=\"https:\/\/www.grandepremio.com\/br\/indy\/noticias\/mclaren-oficializa-reestruturacao-interna-indy-coloca-rosenqvist-terceiro-carro\/\" class=\"ek-link\">equipe passou por uma<\/a> reestrutura\u00e7\u00e3o interna durante a intertemporada da Indy. Antigo presidente, <strong>Taylor Kiel<\/strong> deixou a equipe e se transferiu para a Ganassi. <strong>Gavin Ward <\/strong>virou diretor de corridas, enquanto <strong>Brian Barnhart<\/strong> assumiu o posto de diretor geral.<\/p>\n\n\n\n<p class=\"wp-block-paragraph\"><strong>\u25b6\ufe0f\u00a0Inscreva-se nos dois canais do GRANDE PR\u00caMIO no YouTube:\u00a0<a href=\"https:\/\/www.youtube.com\/channel\/UC9OlHEgxoaY6QY6nWPoiqQg?sub_confirmation=1\" target=\"_blank\" rel=\"noreferrer noopener\">GP<\/a>\u00a0|\u00a0<a href=\"https:\/\/www.youtube.com\/channel\/UC9csiS6q_C3C0FYhyr1rnFA?sub_confirmation=1\" target=\"_blank\" rel=\"noreferrer noopener\">GP2<\/a><\/strong><br><strong>\u25b6\ufe0f\u00a0<a href=\"https:\/\/www.twitch.tv\/grandepremio\" target=\"_blank\" rel=\"noreferrer noopener\">Conhe\u00e7a o canal do GRANDE PR\u00caMIO na Twitch clicando aqui!<\/a><\/strong><\/p>\n\n\n\n<figure class=\"wp-block-image size-large\"><img decoding=\"async\" src=\"https:\/\/www.grandepremio.com\/br\/wp-content\/uploads\/2022\/07\/Gallagher-Grand-Prix-Friday_-July-29_-2022_Large-Image-Without-Watermark_m65693-1024x683.jpg\" alt=\"\" class=\"wp-image-600032\"\/><figcaption>Pato O&#8217;Ward \u00e9 um dos pilotos da Arrow McLaren (Foto: IndyCar)<\/figcaption><\/figure>\n\n\n\n<p class=\"wp-block-paragraph\">A mudan\u00e7a de nome do conglomerado \u00e9 mais uma para a cole\u00e7\u00e3o desde a funda\u00e7\u00e3o da equipe da Indy, em 2001, ainda como Sam Schmidt Motorsports. Em 2011, com a chegada do piloto Davey Hamilton como acionista, virou Schmidt Hamilton. O lugar de Davey foi tomado em 2013 pelo empres\u00e1rio canadense Ric Peterson, eventualmente virando Schmidt Peterson Motorsport.<\/p>\n\n\n\n<p class=\"wp-block-paragraph\">O nome foi o segundo mais long\u00ednquo, durando at\u00e9 2019, quando a patrocinadora Arrow Eletronics aumentou a participa\u00e7\u00e3o nas a\u00e7\u00f5es, tornando o time Arrow Schmidt Peterson Motorsports, mas a mudan\u00e7a durou uma temporada, j\u00e1 que a McLaren entrou na Indy com uma parceria e eventualmente comprou 75% do time.<\/p>\n\n\n\n<p class=\"wp-block-paragraph\">Para 2023, a Arrow McLaren ter\u00e1 tr\u00eas carros, com os pilotos <strong>Pato O&#8217;Ward, Alexander Rossi e Felix Rosenqvist<\/strong>. O programa ganha uma expans\u00e3o na Indy 500 com o brasileiro <strong>Tony Kanaan<\/strong>. A temporada tem in\u00edcio no dia 5 de mar\u00e7o.<\/p>\n","protected":false},"excerpt":{"rendered":"<p>Agora Arrow McLaren, equipe tirou iniciais dos acionistas Sam Schmidt e Ric Peterson da nomenclatura. Por\u00e9m, dupla de empres\u00e1rios segue com participa\u00e7\u00e3o no conselho de administra\u00e7\u00e3o do time<\/p>\n","protected":false},"author":0,"featured_media":1000583474,"comment_status":"closed","ping_status":"closed","sticky":false,"template":"","format":"standard","meta":{"42wp_featured_image_caption":"","42wp_featured_image_credits":"","42wp_featured_video":"","42wp_featured_image_hidden":false,"42wp_authors_list":[],"footnotes":""},"categories":[3],"tags":[619,1491,28285,93,25977,90,2701],"42wp_author":[47119],"class_list":["post-106640","post","type-post","status-publish","format-standard","has-post-thumbnail","hentry","category-indy","tag-formula-indy","tag-grande-premio","tag-grandepremio","tag-indy","tag-indy-2023","tag-mclaren","tag-mclaren-indy","42wp_author-gabriel-carvalho"],"_links":{"self":[{"href":"https:\/\/grandepremio.com\/br\/wp-json\/wp\/v2\/posts\/106640","targetHints":{"allow":["GET"]}}],"collection":[{"href":"https:\/\/grandepremio.com\/br\/wp-json\/wp\/v2\/posts"}],"about":[{"href":"https:\/\/grandepremio.com\/br\/wp-json\/wp\/v2\/types\/post"}],"replies":[{"embeddable":true,"href":"https:\/\/grandepremio.com\/br\/wp-json\/wp\/v2\/comments?post=106640"}],"version-history":[{"count":0,"href":"https:\/\/grandepremio.com\/br\/wp-json\/wp\/v2\/posts\/106640\/revisions"}],"wp:featuredmedia":[{"embeddable":true,"href":"https:\/\/grandepremio.com\/br\/wp-json\/wp\/v2\/media\/1000583474"}],"wp:attachment":[{"href":"https:\/\/grandepremio.com\/br\/wp-json\/wp\/v2\/media?parent=106640"}],"wp:term":[{"taxonomy":"category","embeddable":true,"href":"https:\/\/grandepremio.com\/br\/wp-json\/wp\/v2\/categories?post=106640"},{"taxonomy":"post_tag","embeddable":true,"href":"https:\/\/grandepremio.com\/br\/wp-json\/wp\/v2\/tags?post=106640"},{"taxonomy":"42wp_author","embeddable":true,"href":"https:\/\/grandepremio.com\/br\/wp-json\/wp\/v2\/42wp_author?post=106640"}],"curies":[{"name":"wp","href":"https:\/\/api.w.org\/{rel}","templated":true}]}}