{"id":106642,"date":"2022-12-13T10:39:51","date_gmt":"2022-12-13T13:39:51","guid":{"rendered":"https:\/\/grandepremio.com\/br\/noticias\/alexander-albon-logan-sargeant-despedem-jost-capito-saida-williams-apenas-chefe\/"},"modified":"2022-12-13T14:37:37","modified_gmt":"2022-12-13T17:37:37","slug":"alexander-albon-logan-sargeant-despedem-jost-capito-saida-williams-apenas-chefe","status":"publish","type":"post","link":"https:\/\/grandepremio.com\/br\/f1\/alexander-albon-logan-sargeant-despedem-jost-capito-saida-williams-apenas-chefe\/","title":{"rendered":"Albon e Sargeant se despedem de Capito ap\u00f3s sa\u00edda da Williams: &#8220;N\u00e3o foi apenas um chefe&#8221;"},"content":{"rendered":"\n<p class=\"wp-block-paragraph\">A <strong>Williams <\/strong>confirmou na \u00faltima segunda-feira (12) a sa\u00edda do ent\u00e3o chefe <strong>Jost Capito<\/strong>, e os titulares da equipe para o ano que vem \u2014 <strong>Alexander Albon <\/strong>e <strong>Logan Sargeant <\/strong>\u2014 fizeram quest\u00e3o de deixar suas mensagens de despedida para o agora ex-patr\u00e3o. N\u00e3o foi a \u00fanica mudan\u00e7a na alta c\u00fapula da equipe de Grove nos \u00faltimos dias, j\u00e1 que o diretor-t\u00e9cnico Fran\u00e7ois-Xavier Demaison tamb\u00e9m deixou o staff. At\u00e9 o momento, seus substitutos n\u00e3o foram anunciados.<\/p>\n\n\n\n<p class=\"wp-block-paragraph\">De volta \u00e0 <strong>F\u00f3rmula 1<\/strong> em 2022 ap\u00f3s um ano fora, <strong>Albon <\/strong>agradeceu a Capito pela oportunidade de retornar ao grid e destacou sua rela\u00e7\u00e3o com o chefe, considerado por ele como um &#8220;grande amigo&#8221; dentro da equipe. Alex encerrou a temporada na 19\u00aa coloca\u00e7\u00e3o, com quatro pontos conquistados, e garantiu uma extens\u00e3o de contrato para os pr\u00f3ximos anos.<\/p>\n\n\n\n<p class=\"wp-block-paragraph\"><strong>\u25b6\ufe0f&nbsp;<a href=\"https:\/\/www.twitch.tv\/grandepremio\" target=\"_blank\" rel=\"noreferrer noopener\">Conhe\u00e7a o canal do GRANDE PR\u00caMIO na Twitch clicando aqui!<\/a><\/strong><\/p>\n\n\n\n<figure class=\"wp-block-image size-full\"><img decoding=\"async\" src=\"https:\/\/www.grandepremio.com\/br\/wp-content\/uploads\/2016\/01\/2016121194423_vw-20151022-6456_DMa.jpg\" alt=\"\" class=\"wp-image-234589\"\/><figcaption>Capito ainda n\u00e3o confirmou seus planos para o futuro, e a Williams tamb\u00e9m n\u00e3o apresentou um substituto (Foto: Volkswagen)<\/figcaption><\/figure>\n\n\n\n<p class=\"wp-block-paragraph\"><strong>\u25b6\ufe0f&nbsp;Inscreva-se nos dois canais do GRANDE PR\u00caMIO no YouTube:&nbsp;<a href=\"https:\/\/www.youtube.com\/channel\/UC9OlHEgxoaY6QY6nWPoiqQg?sub_confirmation=1\" target=\"_blank\" rel=\"noreferrer noopener\">GP<\/a>&nbsp;|&nbsp;<a href=\"https:\/\/www.youtube.com\/channel\/UC9csiS6q_C3C0FYhyr1rnFA?sub_confirmation=1\" target=\"_blank\" rel=\"noreferrer noopener\">GP2<\/a><\/strong><\/p>\n\n\n\n<p class=\"wp-block-paragraph\">&#8220;N\u00f3s tivemos apenas um ano trabalhando juntos&#8221;, disse Albon por meio de suas redes sociais. &#8220;Mas durante esse tempo, voc\u00ea n\u00e3o foi apenas um chefe de equipe, mas tamb\u00e9m um grande amigo. Obrigado ao Jost [Capito] por sua f\u00e9 em mim esse ano e todo o apoio que veio com isso. Desejo apenas o melhor para o futuro&#8221;, completou.<\/p>\n\n\n\n<p class=\"wp-block-paragraph\"><strong>Sargeant<\/strong>, por outro lado, n\u00e3o chegou a correr sob o comando do chefe, j\u00e1 que a temporada 2022 foi com <strong>Nicholas Latifi <\/strong>ao lado do tailand\u00eas. No entanto, Capito teve um papel fundamental na ascens\u00e3o do americano na escada da F\u00f3rmula 1, e Sargeant fez quest\u00e3o de agradecer ao alem\u00e3o em sua mensagem de despedida.<\/p>\n\n\n\n<p class=\"wp-block-paragraph\">&#8220;Jost, obrigado por ter confian\u00e7a e acreditar em mim durante meu tempo na academia, e por me ajudar em meu caminho rumo \u00e0 F1&#8221;, escreveu Sargeant. &#8220;Ele me deu uma oportunidade para mostrar meu potencial e correr na F\u00f3rmula 2. Foi um grande l\u00edder para a equipe, e desejo a ele o melhor para o que o futuro reservar&#8221;, finalizou.<\/p>\n\n\n\n<p class=\"wp-block-paragraph\">A F\u00f3rmula 1, agora, retorna apenas em fevereiro, com a disputa da pr\u00e9-temporada no <strong>Bahrein<\/strong>. O in\u00edcio oficial da temporada 2023 est\u00e1 marcado para o dia 5 de mar\u00e7o, com a corrida inaugural disputada ainda em <strong>Sakhir<\/strong>.<\/p>\n","protected":false},"excerpt":{"rendered":"<p>Chefe da Williams pelos \u00faltimos dois anos, Jost Capito confirmou desligamento na segunda-feira (12) e recebeu mensagens de Alexander Albon e Logan Sargeant, titulares confirmados para 2023<\/p>\n","protected":false},"author":0,"featured_media":1000454352,"comment_status":"closed","ping_status":"closed","sticky":false,"template":"","format":"standard","meta":{"42wp_featured_image_caption":"","42wp_featured_image_credits":"","42wp_featured_video":"","42wp_featured_image_hidden":false,"42wp_authors_list":[],"footnotes":""},"categories":[2],"tags":[654,147,1357,180,25424,1491,30103,28285,14195,25553,215,1901],"42wp_author":[47142],"class_list":["post-106642","post","type-post","status-publish","format-standard","has-post-thumbnail","hentry","category-f1","tag-alexander-albon","tag-f1","tag-f1-2022","tag-formula-1","tag-gp-de-abu-dhabi","tag-grande-premio","tag-grande-premio-f1","tag-grandepremio","tag-jost-capito","tag-logan-sargeant","tag-williams","tag-yas-marina","42wp_author-jp-nascimento"],"_links":{"self":[{"href":"https:\/\/grandepremio.com\/br\/wp-json\/wp\/v2\/posts\/106642","targetHints":{"allow":["GET"]}}],"collection":[{"href":"https:\/\/grandepremio.com\/br\/wp-json\/wp\/v2\/posts"}],"about":[{"href":"https:\/\/grandepremio.com\/br\/wp-json\/wp\/v2\/types\/post"}],"replies":[{"embeddable":true,"href":"https:\/\/grandepremio.com\/br\/wp-json\/wp\/v2\/comments?post=106642"}],"version-history":[{"count":0,"href":"https:\/\/grandepremio.com\/br\/wp-json\/wp\/v2\/posts\/106642\/revisions"}],"wp:featuredmedia":[{"embeddable":true,"href":"https:\/\/grandepremio.com\/br\/wp-json\/wp\/v2\/media\/1000454352"}],"wp:attachment":[{"href":"https:\/\/grandepremio.com\/br\/wp-json\/wp\/v2\/media?parent=106642"}],"wp:term":[{"taxonomy":"category","embeddable":true,"href":"https:\/\/grandepremio.com\/br\/wp-json\/wp\/v2\/categories?post=106642"},{"taxonomy":"post_tag","embeddable":true,"href":"https:\/\/grandepremio.com\/br\/wp-json\/wp\/v2\/tags?post=106642"},{"taxonomy":"42wp_author","embeddable":true,"href":"https:\/\/grandepremio.com\/br\/wp-json\/wp\/v2\/42wp_author?post=106642"}],"curies":[{"name":"wp","href":"https:\/\/api.w.org\/{rel}","templated":true}]}}