{"id":106643,"date":"2022-12-13T10:12:07","date_gmt":"2022-12-13T13:12:07","guid":{"rendered":"https:\/\/grandepremio.com\/br\/noticias\/liam-lawson-deixa-f2-estreia-super-formula-2023\/"},"modified":"2022-12-13T10:27:23","modified_gmt":"2022-12-13T13:27:23","slug":"liam-lawson-deixa-f2-estreia-super-formula-2023","status":"publish","type":"post","link":"https:\/\/grandepremio.com\/br\/automobilismo\/liam-lawson-deixa-f2-estreia-super-formula-2023\/","title":{"rendered":"Lawson deixa F2 ap\u00f3s dois anos e estreia na Super F\u00f3rmula em 2023"},"content":{"rendered":"\n<p class=\"wp-block-paragraph\"><strong>Liam Lawson<\/strong> est\u00e1 de mudan\u00e7a para a <strong>Super F\u00f3rmula<\/strong>. Ap\u00f3s duas temporadas na <strong>F\u00f3rmula 2<\/strong>, o neozeland\u00eas, que faz parte do Red Bull Junior Team e \u00e9 piloto reserva dos taurinos na F\u00f3rmula 1, vai disputar a classe japonesa com a atual campe\u00e3 entre as equipe, a <strong>Mugen<\/strong>.<\/p>\n\n\n\n<p class=\"wp-block-paragraph\">A ida de Lawson para a categoria foi confirmada segunda-feira (12) pela <strong>Honda<\/strong>. O jovem de 20 anos vai assumir o posto deixado por <strong>Ukyo Sasahara<\/strong>, que vai para a Toyota, e ter\u00e1 ao seu lado o atual bicampe\u00e3o da classe, <strong>Tomoki Nojiri<\/strong>.<\/p>\n\n\n\n<p class=\"wp-block-paragraph\"><strong>\u25b6\ufe0f\u00a0Inscreva-se nos dois canais do GRANDE PR\u00caMIO no YouTube:\u00a0<a href=\"https:\/\/www.youtube.com\/channel\/UC9OlHEgxoaY6QY6nWPoiqQg?sub_confirmation=1\" target=\"_blank\" rel=\"noreferrer noopener\">GP<\/a>\u00a0|\u00a0<a href=\"https:\/\/www.youtube.com\/channel\/UC9csiS6q_C3C0FYhyr1rnFA?sub_confirmation=1\" target=\"_blank\" rel=\"noreferrer noopener\">GP2<\/a><\/strong><br><strong>\u25b6\ufe0f\u00a0<a href=\"https:\/\/www.twitch.tv\/grandepremio\" target=\"_blank\" rel=\"noreferrer noopener\">Conhe\u00e7a o canal do GRANDE PR\u00caMIO na Twitch clicando aqui!<\/a><\/strong><\/p>\n\n\n\n<figure class=\"wp-block-image size-large\"><img decoding=\"async\" src=\"https:\/\/www.grandepremio.com\/br\/wp-content\/uploads\/2022\/12\/Lawson-super-formula2-1024x683.jpg\" alt=\"\" class=\"wp-image-639775\"\/><figcaption>Lawson andou com a Mugen nos testes p\u00f3s-temporada, em Suzuka (Foto: Super F\u00f3rmula)<\/figcaption><\/figure>\n\n\n\n<p class=\"wp-block-paragraph\">Liam participou de testes com a equipe Mugen ap\u00f3s o final da temporada, em Suzuka. Em suas primeiras impress\u00f5es, disse que o carro da Super F\u00f3rmula \u00e9 bastante r\u00e1pido e muito similar ao F1. &#8220;Desde crian\u00e7a, quis correr em Suzuka, e foi uma experi\u00eancia enorme finalmente conseguir correr l\u00e1&#8221;, comemorou. Em seguida, fez compara\u00e7\u00f5es com o b\u00f3lido da F2.<\/p>\n\n\n\n<p class=\"wp-block-paragraph\">&#8220;O F2 tamb\u00e9m tem um turbocompressor, mas a maneira como entrega pot\u00eancia \u00e9 diferente do SF; o Super F\u00f3rmula parece mais confort\u00e1vel, e a pot\u00eancia aparece. Os pneus tamb\u00e9m s\u00e3o completamente diferentes. Andei com os Pirelli por cinco anos, e esta foi a primeira vez que guiei [um carro] com os compostos Yokohama. \u00c9 um bom pneu, principalmente a superf\u00edcie dele&#8221;, acrescentou.<\/p>\n\n\n\n<p class=\"wp-block-paragraph\">&#8220;Os carros da SF se movem muito bruscamente, principalmente nos trechos de alta velocidade, e a rea\u00e7\u00e3o [do carro] ao mover o volante \u00e9 muito boa&#8221;, completou o piloto.<\/p>\n\n\n\n<p class=\"wp-block-paragraph\">Com a ida para a Super F\u00f3rmula, Lawson segue os passos de pilotos como Pierre Gasly, Dan Ticktum, Pato O&#8217;Ward e J\u00fcri Vips, que tamb\u00e9m representaram a equipe Mugen na categoria. O neozeland\u00eas disputou as \u00faltimas duas temporadas na F2 com a Hitech e depois com a Carlin. Este ano, conquistou quatro vit\u00f3rias e terminou na terceira coloca\u00e7\u00e3o, com 149 pontos.<\/p>\n","protected":false},"excerpt":{"rendered":"<p>Liam Lawson vai defender a equipe Mugen na Super F\u00f3rmula no ano que vem e ter\u00e1 ao seu lado o atual bicampe\u00e3o da categoria, Tomoki Nojiri<\/p>\n","protected":false},"author":0,"featured_media":1000634517,"comment_status":"closed","ping_status":"closed","sticky":false,"template":"","format":"standard","meta":{"42wp_featured_image_caption":"","42wp_featured_image_credits":"","42wp_featured_video":"","42wp_featured_image_hidden":false,"42wp_authors_list":[],"footnotes":""},"categories":[22],"tags":[111,29651,2208,1491,595,1512,25978],"42wp_author":[47147],"class_list":["post-106643","post","type-post","status-publish","format-standard","has-post-thumbnail","hentry","category-automobilismo","tag-f2","tag-f2-2022","tag-formula-2","tag-grande-premio","tag-liam-lawson","tag-super-formula","tag-temporada-2023","42wp_author-luana-marino"],"_links":{"self":[{"href":"https:\/\/grandepremio.com\/br\/wp-json\/wp\/v2\/posts\/106643","targetHints":{"allow":["GET"]}}],"collection":[{"href":"https:\/\/grandepremio.com\/br\/wp-json\/wp\/v2\/posts"}],"about":[{"href":"https:\/\/grandepremio.com\/br\/wp-json\/wp\/v2\/types\/post"}],"replies":[{"embeddable":true,"href":"https:\/\/grandepremio.com\/br\/wp-json\/wp\/v2\/comments?post=106643"}],"version-history":[{"count":0,"href":"https:\/\/grandepremio.com\/br\/wp-json\/wp\/v2\/posts\/106643\/revisions"}],"wp:featuredmedia":[{"embeddable":true,"href":"https:\/\/grandepremio.com\/br\/wp-json\/wp\/v2\/media\/1000634517"}],"wp:attachment":[{"href":"https:\/\/grandepremio.com\/br\/wp-json\/wp\/v2\/media?parent=106643"}],"wp:term":[{"taxonomy":"category","embeddable":true,"href":"https:\/\/grandepremio.com\/br\/wp-json\/wp\/v2\/categories?post=106643"},{"taxonomy":"post_tag","embeddable":true,"href":"https:\/\/grandepremio.com\/br\/wp-json\/wp\/v2\/tags?post=106643"},{"taxonomy":"42wp_author","embeddable":true,"href":"https:\/\/grandepremio.com\/br\/wp-json\/wp\/v2\/42wp_author?post=106643"}],"curies":[{"name":"wp","href":"https:\/\/api.w.org\/{rel}","templated":true}]}}