{"id":10666,"date":"2026-03-25T16:21:50","date_gmt":"2026-03-25T19:21:50","guid":{"rendered":"https:\/\/grandepremio.com\/br\/noticias\/alexander-albon-admite-lista-problemas-williams-enorme-surpreendente\/"},"modified":"2026-03-25T16:24:54","modified_gmt":"2026-03-25T19:24:54","slug":"alexander-albon-admite-lista-problemas-williams-enorme-surpreendente","status":"publish","type":"post","link":"https:\/\/grandepremio.com\/br\/f1\/alexander-albon-admite-lista-problemas-williams-enorme-surpreendente\/","title":{"rendered":"Albon admite que lista de problemas da Williams &#8220;\u00e9 enorme e surpreendente&#8221;"},"content":{"rendered":"\n<p class=\"wp-block-paragraph\">Ap\u00f3s terminar na quinta coloca\u00e7\u00e3o no <strong>Mundial de Construtores<\/strong> de 2025, a <strong>Williams<\/strong> deu v\u00e1rios passos para tr\u00e1s e enfrenta diversas dificuldades no in\u00edcio da temporada 2026 da <strong>F\u00f3rmula 1<\/strong>. <strong>Alexander Albon <\/strong>admitiu que a confiabilidade e outras qualidades apresentadas na pr\u00e9-temporada parecem ter sumido e que a lista de problemas das primeiras duas etapas \u00e9 enorme e surpreendente.<\/p>\n\n\n\n<p class=\"wp-block-paragraph\">A Williams foi uma das primeiras equipes a focar o desenvolvimento no carro de 2026, mas perdeu completamente o shakedown em <strong>Barcelona <\/strong>ap\u00f3s\u00a0<a href=\"https:\/\/www.grandepremio.com\/br\/f1\/noticias\/williams-ve-presenca-testes-privados-barcelona-ameacada-falha-tecnica\/\">o FW48 falhar nos testes de impacto da\u00a0<strong>Federa\u00e7\u00e3o Internacional de Automobilismo (FIA)<\/strong><\/a>. A necessidade de ajustes estruturais de \u00faltima hora comprometeu o projeto, gerando um sobrepeso estimado entre 20 e 30 kg em rela\u00e7\u00e3o ao peso m\u00ednimo. Por\u00e9m, as defici\u00eancias v\u00e3o muito al\u00e9m disso.<\/p>\n\n\n\n<figure class=\"wp-block-embed is-type-video is-provider-youtube wp-block-embed-youtube wp-embed-aspect-16-9 wp-has-aspect-ratio\"><div class=\"wp-block-embed__wrapper\">\n<iframe loading=\"lazy\" title=\"GOI\u00c2NIA VIRA UM DESASTRE NA MOTOGP E A F1 TEM BOMBA COM BORTOLETO | Paddock GP #448\" width=\"500\" height=\"281\" src=\"https:\/\/www.youtube.com\/embed\/64gFVYs3sZM?feature=oembed\" frameborder=\"0\" allow=\"accelerometer; autoplay; clipboard-write; encrypted-media; gyroscope; picture-in-picture; web-share\" referrerpolicy=\"strict-origin-when-cross-origin\" allowfullscreen><\/iframe>\n<\/div><\/figure>\n\n\n\n<h3 class=\"wp-block-heading\" id=\"h-gp-experience-o-novo-produto-do-grande-premio-conecta-voce-aos-maiores-eventos-de-esporte-a-motor-do-mundo-va-para-indianapolis-com-a-gente-saiba-aqui-todos-os-detalhes\"><strong><mark style=\"background-color:rgba(0, 0, 0, 0)\" class=\"has-inline-color has-vivid-red-color\">+ GP EXPERIENCE: o novo produto do GRANDE PR\u00caMIO conecta voc\u00ea aos maiores eventos de esporte a motor do mundo. V\u00e1 para Indian\u00e1polis com a gente:\u00a0<a href=\"https:\/\/gpexperience.tur.br\/\" target=\"_blank\" rel=\"noreferrer noopener\">saiba aqui todos os detalhes<\/a>.<\/mark><\/strong><\/h3>\n\n\n\n<p class=\"wp-block-paragraph\">Embora tenha tido um desempenho positivo nos testes de pr\u00e9-temporada no Bahrein, o time de <strong>Grove <\/strong>teve um choque de realidade nas primeiras duas corridas. Al\u00e9m de sofrer com o ritmo de corrida, tamb\u00e9m apresentou problemas de confiabilidade. No <strong>GP da China<\/strong>, inclusive, Albon foi um dos quatro pilotos que sequer conseguiu largar.<\/p>\n\n\n\n<p class=\"wp-block-paragraph\">\u201cTivemos alguns problemas hidr\u00e1ulicos, ent\u00e3o nem conseguimos verificar se o carro estava em boas condi\u00e7\u00f5es. Isso dificulta um pouco o nosso trabalho\u201d, afirmou o tailand\u00eas.<\/p>\n\n\n\n<figure class=\"wp-block-image size-large\"><img decoding=\"async\" src=\"https:\/\/www.grandepremio.com\/br\/wp-content\/uploads\/2026\/03\/china-classificacao-f1-2026-williams-alexander-albon-01-1200x800.jpg\" alt=\"\" class=\"wp-image-1067628\"\/><figcaption class=\"wp-element-caption\">Alexander Albon admitiu que lista de problemas da Williams \u00e9 enorme  (Foto: Williams)<\/figcaption><\/figure>\n\n\n\n<p class=\"wp-block-paragraph\">\u201cEu esperava poder voltar \u00e0 pista para dar algumas voltas e testar o carro para o Jap\u00e3o, mas, como n\u00e3o conseguimos retornar, tivemos de levar o<strong> FW48<\/strong> de volta ao <strong>Reino Unido<\/strong>. Precisamos entender bem como ele funciona&#8221;, explicou.<\/p>\n\n\n\n<p class=\"wp-block-paragraph\">&#8220;Realisticamente, como equipe, algumas coisas estavam sob nosso controle. Outras, n\u00e3o. Mas a lista de problemas que tivemos nos \u00faltimos dois fins de semana \u00e9 enorme e um pouco surpreendente para n\u00f3s&#8221;, reconheceu.<\/p>\n\n\n\n<p class=\"wp-block-paragraph\">\u201cA confiabilidade e os pontos fortes que demonstramos nos testes de pr\u00e9-temporada no Bahrein parecem ter desaparecido nestes dois \u00faltimos fins de semana\u201d, completou Albon.<\/p>\n\n\n\n<p class=\"wp-block-paragraph\">Com o adiamento dos GPs do <strong>Bahrein<\/strong> e da <strong>Ar\u00e1bia Saudita<\/strong>, a Williams ter\u00e1 cinco semanas livres ap\u00f3s o GP do Jap\u00e3o para evoluir e corrigir os problemas do FW48 antes da etapa de <strong>Miami<\/strong>, no in\u00edcio de maio.<\/p>\n\n\n\n<p class=\"wp-block-paragraph\">A F1 volta \u00e0 pista para a terceira etapa da temporada neste fim de semana, no\u00a0<strong>GP do Jap\u00e3o<\/strong>, entre os dias\u00a0<strong>27 e 29 de mar\u00e7o<\/strong>. O\u00a0<strong>GRANDE PR\u00caMIO<\/strong>\u00a0acompanha todas as atividades<a href=\"https:\/\/www.grandepremio.com\/br\/ao-vivo\/f1\/\">\u00a0<strong>AO VIVO E EM\u00a0<\/strong><\/a><strong><a href=\"https:\/\/www.grandepremio.com\/br\/ao-vivo\/\" target=\"_blank\" rel=\"noreferrer noopener\">TEMPO REAL<\/a><\/strong>,\u00a0<a href=\"https:\/\/www.youtube.com\/@GrandePremio1\/streams\">al\u00e9m de classifica\u00e7\u00e3o e corrida em\u00a0<strong>SEGUNDA TELA\u00a0<\/strong>no YouTube<\/a>, em parceria com a\u00a0<strong>Voz do Esporte<\/strong>. O\u00a0<strong>Briefing\u00a0<\/strong>chega para analisar ap\u00f3s o fim de cada dia de atividades nas redes sociais e na\u00a0<strong>GPTV<\/strong>.<\/p>\n\n\n\n<h2 class=\"wp-block-heading\" id=\"h-gp-do-japao-de-f1-veja-os-horarios-em-brasil-cabo-verde-nbsp-portugal-angola-e-mocambique\"><strong>GP do Jap\u00e3o de F1: veja os hor\u00e1rios em Brasil, Cabo Verde,&nbsp;<a href=\"https:\/\/grandepremio.pt\/\" target=\"_blank\" rel=\"noreferrer noopener\">Portugal<\/a>, Angola e Mo\u00e7ambique:<\/strong><\/h2>\n\n\n\n<figure class=\"wp-block-table\"><table class=\"has-fixed-layout\"><tbody><tr><td class=\"has-text-align-left\" data-align=\"left\"><strong>Sess\u00e3o<\/strong><\/td><td class=\"has-text-align-left\" data-align=\"left\"><strong>BRA*<\/strong><\/td><td class=\"has-text-align-left\" data-align=\"left\"><strong>CBV<\/strong><\/td><td class=\"has-text-align-left\" data-align=\"left\"><strong>POR<\/strong><br><strong>ANG<\/strong><\/td><td class=\"has-text-align-left\" data-align=\"left\"><strong>MOZ<\/strong><\/td><\/tr><tr><td class=\"has-text-align-left\" data-align=\"left\">Treino livre 1<\/td><td class=\"has-text-align-left\" data-align=\"left\">23:30<\/td><td class=\"has-text-align-left\" data-align=\"left\">01:30<\/td><td class=\"has-text-align-left\" data-align=\"left\">03:30<\/td><td class=\"has-text-align-left\" data-align=\"left\">04:30<\/td><\/tr><tr><td class=\"has-text-align-left\" data-align=\"left\">Treino livre 2<\/td><td class=\"has-text-align-left\" data-align=\"left\">03:00<\/td><td class=\"has-text-align-left\" data-align=\"left\">05:30<\/td><td class=\"has-text-align-left\" data-align=\"left\">07:00<\/td><td class=\"has-text-align-left\" data-align=\"left\">08:00<\/td><\/tr><tr><td class=\"has-text-align-left\" data-align=\"left\">Treino livre 3<\/td><td class=\"has-text-align-left\" data-align=\"left\">23:30<\/td><td class=\"has-text-align-left\" data-align=\"left\">01:30<\/td><td class=\"has-text-align-left\" data-align=\"left\">03:30<\/td><td class=\"has-text-align-left\" data-align=\"left\">04:30<\/td><\/tr><tr><td class=\"has-text-align-left\" data-align=\"left\">Classifica\u00e7\u00e3o<\/td><td class=\"has-text-align-left\" data-align=\"left\">03:00<\/td><td class=\"has-text-align-left\" data-align=\"left\">05:30<\/td><td class=\"has-text-align-left\" data-align=\"left\">07:00<\/td><td class=\"has-text-align-left\" data-align=\"left\">08:00<\/td><\/tr><tr><td class=\"has-text-align-left\" data-align=\"left\">Corrida<\/td><td class=\"has-text-align-left\" data-align=\"left\">02:00<\/td><td class=\"has-text-align-left\" data-align=\"left\">04:30<\/td><td class=\"has-text-align-left\" data-align=\"left\">06:00<\/td><td class=\"has-text-align-left\" data-align=\"left\">07:00<\/td><\/tr><\/tbody><\/table><\/figure>\n\n\n\n<p class=\"wp-block-paragraph\"><em>*Hor\u00e1rio de Bras\u00edlia<\/em><\/p>\n\n\n\n<p class=\"wp-block-paragraph\"><strong>\u25b6\ufe0f Inscreva-se nos dois canais do GRANDE PR\u00caMIO no YouTube: GP | GPTV<\/strong><\/p>\n\n\n\n<h2 class=\"wp-block-heading\" id=\"h-f1-hoje-saiba-aqui-as-noticias-mais-importantes-do-dia-da-formula-1\">F1 hoje: saiba aqui as not\u00edcias mais importantes do dia da F\u00f3rmula 1<\/h2>\n\n\n\n<p class=\"wp-block-paragraph\">A reda\u00e7\u00e3o do <strong>GRANDE PR\u00caMIO<\/strong> selecionou as not\u00edcias mais importantes das \u00faltimas horas para voc\u00ea ficar por dentro de tudo que acontece na F1.<\/p>\n\n\n\n<p class=\"wp-block-paragraph\">\u25b6\ufe0f <strong><a href=\"https:\/\/www.grandepremio.com\/br\/f1\/noticias\/max-verstappen-reforca-expectativa-gp-do-japao-sempre-ansioso-voltar\/\">Verstappen se diz \u201csempre ansioso\u201d por voltar ao Jap\u00e3o e refor\u00e7a confian\u00e7a na Red Bull<\/a><\/strong><br>\u25b6\ufe0f <a href=\"https:\/\/www.grandepremio.com\/br\/f1\/noticias\/chefe-nova-regra-motores-fazer-mercedes-perder-vantagem-f1\/\"><strong>Chefe admite que Mercedes pode \u201cperder vantagem\u201d com nova regra de motores na F1<\/strong><\/a><br>\u25b6\ufe0f <a href=\"https:\/\/www.grandepremio.com\/br\/f1\/noticias\/fia-adiciona-segunda-zona-ativacao-modo-reta-gp-do-japao-formula-1\/\"><strong>FIA adiciona segunda zona de ativa\u00e7\u00e3o do Modo Reta no GP do Jap\u00e3o de F1<\/strong><\/a><br>\u25b6\ufe0f <a href=\"https:\/\/www.grandepremio.com\/br\/f1\/noticias\/f1-ve-prioridade-estuda-ajustes-sessao-classificacao-a-partir-gp-de-miami\/\"><strong>F1 v\u00ea como prioridade e estuda ajustes na sess\u00e3o de classifica\u00e7\u00e3o a partir do GP de Miami<\/strong><\/a><br>\u25b6\ufe0f <strong><a href=\"https:\/\/www.grandepremio.com\/br\/f1\/noticias\/liberdade-tecnica-menos-distracoes-por-que-adrian-newey-quer-deixar-chefia-aston-martin\/\">Liberdade t\u00e9cnica e menos distra\u00e7\u00f5es: por que Newey quer deixar chefia da Aston Martin<\/a><\/strong><br>\u25b6\ufe0f <strong><a href=\"https:\/\/www.grandepremio.com\/br\/f1\/noticias\/fernando-alonso-fica-fora-quinta-feira-japao-expectativa-nascimento-1-filho\/\">Alonso fica fora da quinta-feira no Jap\u00e3o por expectativa do nascimento do 1\u00ba filho<\/a><\/strong><\/p>\n","protected":false},"excerpt":{"rendered":"<p>Alexander Albon admitiu que a lista de problemas da Williams ap\u00f3s as primeiras etapas da F1 \u00e9 enorme e surpreendente. O tailand\u00eas tamb\u00e9m disse que as qualidades apresentadas na pr\u00e9-temporada parecem ter sumido<\/p>\n","protected":false},"author":0,"featured_media":1001059512,"comment_status":"closed","ping_status":"closed","sticky":false,"template":"","format":"standard","meta":{"42wp_featured_image_caption":"","42wp_featured_image_credits":"","42wp_featured_video":"","42wp_featured_image_hidden":false,"42wp_authors_list":[],"footnotes":""},"categories":[2],"tags":[654,26271,5273,147,29516,29148,180,31425,28995,45585,1491,28285,30840,35129,31470,215,45757],"42wp_author":[47163],"class_list":["post-10666","post","type-post","status-publish","format-standard","has-post-thumbnail","hentry","category-f1","tag-alexander-albon","tag-calendario-f1","tag-classificacao-f1","tag-f1","tag-f1-2026","tag-f1-hoje","tag-formula-1","tag-formula-1-2026","tag-formula-1-hoje","tag-fw48","tag-grande-premio","tag-grandepremio","tag-horarios-f1","tag-onde-assistir-f1","tag-temporada-2026-f1","tag-williams","tag-williams-fw48","42wp_author-caio-cavalcante"],"_links":{"self":[{"href":"https:\/\/grandepremio.com\/br\/wp-json\/wp\/v2\/posts\/10666","targetHints":{"allow":["GET"]}}],"collection":[{"href":"https:\/\/grandepremio.com\/br\/wp-json\/wp\/v2\/posts"}],"about":[{"href":"https:\/\/grandepremio.com\/br\/wp-json\/wp\/v2\/types\/post"}],"replies":[{"embeddable":true,"href":"https:\/\/grandepremio.com\/br\/wp-json\/wp\/v2\/comments?post=10666"}],"version-history":[{"count":0,"href":"https:\/\/grandepremio.com\/br\/wp-json\/wp\/v2\/posts\/10666\/revisions"}],"wp:featuredmedia":[{"embeddable":true,"href":"https:\/\/grandepremio.com\/br\/wp-json\/wp\/v2\/media\/1001059512"}],"wp:attachment":[{"href":"https:\/\/grandepremio.com\/br\/wp-json\/wp\/v2\/media?parent=10666"}],"wp:term":[{"taxonomy":"category","embeddable":true,"href":"https:\/\/grandepremio.com\/br\/wp-json\/wp\/v2\/categories?post=10666"},{"taxonomy":"post_tag","embeddable":true,"href":"https:\/\/grandepremio.com\/br\/wp-json\/wp\/v2\/tags?post=10666"},{"taxonomy":"42wp_author","embeddable":true,"href":"https:\/\/grandepremio.com\/br\/wp-json\/wp\/v2\/42wp_author?post=10666"}],"curies":[{"name":"wp","href":"https:\/\/api.w.org\/{rel}","templated":true}]}}