{"id":106681,"date":"2022-12-12T04:15:00","date_gmt":"2022-12-12T07:15:00","guid":{"rendered":"https:\/\/grandepremio.com\/br\/noticias\/retrospectiva-2022-red-bull-consegue-proeza-acabar-ano-perfeito-envolvida-polemicas\/"},"modified":"2022-12-08T10:39:51","modified_gmt":"2022-12-08T13:39:51","slug":"retrospectiva-2022-red-bull-consegue-proeza-acabar-ano-perfeito-envolvida-polemicas","status":"publish","type":"post","link":"https:\/\/grandepremio.com\/br\/f1\/retrospectiva-2022-red-bull-consegue-proeza-acabar-ano-perfeito-envolvida-polemicas\/","title":{"rendered":"Retrospectiva 2022: Red Bull consegue proeza de acabar ano perfeito envolvida em pol\u00eamicas"},"content":{"rendered":"\n<p class=\"wp-block-paragraph\">Historicamente falando, a conquista da <strong>Red Bull <\/strong>no <strong>Mundial de Construtores<\/strong> da <strong>F1 2022<\/strong> foi enorme. A equipe taurina venceu quatro campeonatos seguidos, de 2010 a 2013, mas depois passou oito anos acompanhando \u2014 de pertinho \u2014 a<strong> Mercedes<\/strong> levar tudo. O time dos energ\u00e9ticos, enfim, conseguiu colocar uma pedra no per\u00edodo enorme de dom\u00ednio das Flechas de Prata.<\/p>\n\n\n\n<p class=\"wp-block-paragraph\"><strong>\u25b6\ufe0f\u00a0Inscreva-se nos dois canais do GRANDE PR\u00caMIO no YouTube:\u00a0<a href=\"https:\/\/www.youtube.com\/channel\/UC9OlHEgxoaY6QY6nWPoiqQg?sub_confirmation=1\" target=\"_blank\" rel=\"noreferrer noopener\">GP<\/a>\u00a0|\u00a0<a href=\"https:\/\/www.youtube.com\/channel\/UC9csiS6q_C3C0FYhyr1rnFA?sub_confirmation=1\" target=\"_blank\" rel=\"noreferrer noopener\">GP2<\/a><\/strong><br><strong>\u25b6\ufe0f\u00a0<a href=\"https:\/\/www.twitch.tv\/grandepremio\" target=\"_blank\" rel=\"noreferrer noopener\">Conhe\u00e7a o canal do GRANDE PR\u00caMIO na Twitch clicando aqui!<\/a><\/strong><\/p>\n\n\n\n<p class=\"wp-block-paragraph\">O t\u00e3o sonhado t\u00edtulo s\u00f3 aconteceu porque a Red Bull acertou em cheio com o <strong>RB18<\/strong>, b\u00f3lido da temporada. O carro taurino terminou o ano de maneira dominante, mas nem sempre foi assim ao longo de 2022. A <strong>F1-75<\/strong> da <strong>Ferrari<\/strong>, principal rival, tinha claras vantagens: confiabilidade \u2014 vale lembrar que a equipe de <strong>Christian Horner<\/strong> teve tr\u00eas abandonos nas tr\u00eas primeiras corridas \u2014, menor peso, melhor gerenciamento dos pneus e ritmo imponente no miolo do circuito.\u00a0<\/p>\n\n\n\n<p class=\"wp-block-paragraph\">O RB18 conseguia contra-atacar com a velocidade em retas, absoluta. Quando foi aos poucos consertando seus problemas de confiabilidade, os taurinos equilibraram o jogo, pois. Foi somente na <strong>Hungria<\/strong> que o b\u00f3lido energ\u00e9tico mostrou-se superior. A escuderia italiana cometeu erro crasso de estrat\u00e9gia com os pneus duros, verdade, mas ainda assim <strong>Max Verstappen<\/strong> n\u00e3o teve problemas em escalar o pelot\u00e3o e cruzar a linha de chegada em 1\u00ba. O ponto de virada definitivo foi ali. A prova seguinte, em <strong>Spa-Francorchamps<\/strong>, s\u00f3 corroborou isso.<\/p>\n\n\n\n<figure class=\"wp-block-image size-large\"><img decoding=\"async\" src=\"https:\/\/www.grandepremio.com\/br\/wp-content\/uploads\/2022\/07\/SI202207310453_hires_jpeg_24bit_rgb-1024x683.jpg\" alt=\"\" class=\"wp-image-600592\"\/><figcaption>Vit\u00f3ria na Hungria foi ponto de virada (Foto: Red Bull Content Pool)<\/figcaption><\/figure>\n\n\n\n<p class=\"wp-block-paragraph\">A partir da\u00ed, a Red Bull nadou de bra\u00e7ada. Verstappen levantou o caneco do bicampeonato ainda no Jap\u00e3o, e terminou o campeonato 146 pontos \u00e0 frente do vice<strong> Charles Leclerc<\/strong>. No Mundial de Construtores, outra vantagem absoluta dos taurinos: 759 tentos contra 554 da Ferrari e 515 da <strong>Mercedes<\/strong>.<\/p>\n\n\n\n<p class=\"wp-block-paragraph\">\u201cAp\u00f3s oito longos anos, o t\u00edtulo significa tudo para n\u00f3s. Tem sido uma jornada e tanto. Passamos pelas temporadas dif\u00edceis, tivemos de nos levantar sempre. O trabalho duro, sangue, suor e l\u00e1grimas que colocamos nessa miss\u00e3o&#8230; significa o mundo para n\u00f3s\u201d, comemorou Horner, logo ap\u00f3s a conquista. Tudo lindo para a Red Bull em 2022, ent\u00e3o, certo?&nbsp;<\/p>\n\n\n\n<p class=\"wp-block-paragraph\"><strong>Errado.<\/strong><\/p>\n\n\n\n<p class=\"wp-block-paragraph\">Mesmo na temporada em que mais dominou na <strong>F1<\/strong>, a Red Bull conseguiu a proeza de terminar o ano envolvida em duas grandes pol\u00eamicas \u2014 que levaram o grande rival<strong> Lewis Hamilton<\/strong>, inclusive, a dizer que o ambiente na equipe taurina <a href=\"https:\/\/www.grandepremio.com\/br\/f1\/noticias\/lewis-hamilton-ironiza-polemicas-red-bull-formula-1-2022-parece-show-kardashians\/\" class=\"ek-link\">\u201cparece um show das Kardashians\u201d<\/a>.<\/p>\n\n\n\n<figure class=\"wp-block-image size-large\"><img decoding=\"async\" src=\"https:\/\/www.grandepremio.com\/br\/wp-content\/uploads\/2022\/11\/mercedes-lewishamilton-6-1-1024x683.jpg\" alt=\"\" class=\"wp-image-633006\"\/><figcaption>Lewis Hamilton brincou sobre as pol\u00eamicas da Red Bull em 2022 (Foto: Rodrigo Berton\/Grande Pr\u00eamio)<\/figcaption><\/figure>\n\n\n\n<p class=\"wp-block-paragraph\">Quando os t\u00edtulos do <strong>Mundial de Pilotos<\/strong> e Construtores estavam quase garantidos, mas n\u00e3o eram certezas, a primeira pol\u00eamica estourou. Em <strong>Singapura<\/strong>, ind\u00edcios iniciais reportavam que a Red Bull havia estourado o limite or\u00e7ament\u00e1rio de US$ 145 milh\u00f5es (cerca de R$ 762 milh\u00f5es, na cota\u00e7\u00e3o atual) na temporada de 2021.\u00a0<\/p>\n\n\n\n<p class=\"wp-block-paragraph\">O que inicialmente era suspeita virou realidade. A <strong>FIA<\/strong> (Federa\u00e7\u00e3o Internacional de Automobilismo) confirmou que os taurinos quebraram o teto de gastos em uma margem inferior a 5% e fizeram um acordo com a equipe. <a href=\"https:\/\/www.grandepremio.com\/br\/f1\/noticias\/fia-multa-red-bull-r-37-mi-reduz-testes-aerodinamicos-quebra-teto-gastos\/\" class=\"ek-link\">Multa de R$ 37 milh\u00f5es aplicada e redu\u00e7\u00e3o no tempo dispon\u00edvel para os testes aerodin\u00e2micos de olho na temporada 2023.<\/a><\/p>\n\n\n\n<p class=\"wp-block-paragraph\">A Red Bull se indignou. Christian Horner disse que a puni\u00e7\u00e3o aplicada pela FIA foi \u201csevera\u201d demais \u2014 especialmente a redu\u00e7\u00e3o de tempo para testes aerodin\u00e2micos. Segundo o chefe taurino, a equipe taurina em nada se beneficiou com a viola\u00e7\u00e3o do teto or\u00e7ament\u00e1rio. Em um discurso talvez at\u00e9 fatalista demais, Horner garantiu que Max Verstappen e <strong>Sergio P\u00e9rez<\/strong> <a href=\"https:\/\/www.grandepremio.com\/br\/f1\/noticias\/red-bull-reclama-punicao-severa-teto-gastos-preve-deficit-0s5-volta\/\" class=\"ek-link\">ter\u00e3o preju\u00edzo de 0s250 a 0s5 por volta em 2023 por conta disso.<\/a><\/p>\n\n\n\n<figure class=\"wp-block-image size-large\"><img decoding=\"async\" src=\"https:\/\/www.grandepremio.com\/br\/wp-content\/uploads\/2020\/05\/SI202210280964-1024x683.jpg\" alt=\"\" class=\"wp-image-629791\"\/><figcaption>Horner convocou entrevista coletiva no M\u00e9xico logo ap\u00f3s decis\u00e3o da FIA (Foto: Red Bull Content Pool)<\/figcaption><\/figure>\n\n\n\n<p class=\"wp-block-paragraph\"><strong>Helmut Marko<\/strong>, consultor da equipe dos energ\u00e9ticos, e <strong>Toto Wolff<\/strong>, chefe da Mercedes, tamb\u00e9m fizeram previs\u00f5es mais definitivas. Fato \u00e9: seja mais, seja menos, a Red Bull come\u00e7ar\u00e1 2023 em desvantagem, indubitavelmente.\u00a0<\/p>\n\n\n\n<p class=\"wp-block-paragraph\">Quando tudo parecia desmoronar ao redor, a Red Bull ainda tinha em Verstappen e P\u00e9rez uma dupla de sintonia, entrosada. Era um ponto de esperan\u00e7a, pois: que mesmo com o preju\u00edzo na temporada seguinte, os dois poderiam se ajudar, ajudar a equipe e minimizar os danos.&nbsp;<\/p>\n\n\n\n<p class=\"wp-block-paragraph\">S\u00f3 que at\u00e9 mesmo essa percep\u00e7\u00e3o, inesperadamente, caiu por terra. Logo em<strong> Interlagos<\/strong>, de todos os lugares. Vamos para a segunda pol\u00eamica.<\/p>\n\n\n\n<figure class=\"wp-block-image size-large\"><img decoding=\"async\" src=\"https:\/\/www.grandepremio.com\/br\/wp-content\/uploads\/2020\/05\/000_32BH9TQ-1024x683.jpg\" alt=\"\" class=\"wp-image-578449\"\/><figcaption>P\u00e9rez e Verstappen se desentenderam em Interlagos (Foto: S\u00e9bastien Bozon\/AFP)<\/figcaption><\/figure>\n\n\n\n<p class=\"wp-block-paragraph\">Na lend\u00e1ria pista paulistana, em meio ao <strong>GP de S\u00e3o Paulo<\/strong>, o holand\u00eas passou o mexicano para tentar atacar <strong>Fernando Alonso<\/strong>, ent\u00e3o quinto colocado, mas n\u00e3o conseguiu. Na \u00faltima volta, o pedido foi no caminho inverso: se n\u00e3o desse para passar, que o bicampe\u00e3o mundial devolvesse a posi\u00e7\u00e3o para o companheiro. Verstappen afirmou que n\u00e3o faria isso e que era para a equipe \u201cn\u00e3o perguntar de novo\u201d porque ele \u201cj\u00e1 tinha dado os motivos\u201d.<\/p>\n\n\n\n<p class=\"wp-block-paragraph\">J\u00e1 seria uma atitude grave, claro. Ficou ainda mais com o cen\u00e1rio apresentado: Verstappen n\u00e3o tinha mais nada a disputar no ano, tampouco a Red Bull, j\u00e1 campe\u00e3. O \u00fanico taurino envolvido em algum tipo de competi\u00e7\u00e3o, naquele ponto do campeonato, era \u2018Checo\u2019 \u2014 travando briga intensa, eventualmente perdida, contra Charles Leclerc pelo vice-campeonato.<\/p>\n\n\n\n<p class=\"wp-block-paragraph\">Foi o come\u00e7o de uma verdadeira novela. Ainda no carro, P\u00e9rez ironizou. \u201cObrigado, pessoal. Isso mostra quem ele realmente \u00e9\u201d. Depois, seguiu atacando o companheiro de equipe. \u201cAcho que, se ele tem dois t\u00edtulos, agrade\u00e7a a mim. Depois de tudo que fiz por ele, estou um pouco desapontado\u201d, completou \u2018Checo\u2019.<\/p>\n\n\n\n<figure class=\"wp-block-embed is-type-video is-provider-youtube wp-block-embed-youtube wp-embed-aspect-16-9 wp-has-aspect-ratio\"><div class=\"wp-block-embed__wrapper\">\n<iframe loading=\"lazy\" title=\"TRETA COM VERSTAPPEN \u00c9 COME\u00c7O DO FIM DE P\u00c9REZ NA RED BULL F1 | GP \u00e0s 10\" width=\"500\" height=\"281\" src=\"https:\/\/www.youtube.com\/embed\/zGVGXHEfUeA?feature=oembed\" frameborder=\"0\" allow=\"accelerometer; autoplay; clipboard-write; encrypted-media; gyroscope; picture-in-picture; web-share\" referrerpolicy=\"strict-origin-when-cross-origin\" allowfullscreen><\/iframe>\n<\/div><figcaption>TRETA COM VERSTAPPEN \u00c9 COME\u00c7O DO FIM DE P\u00c9REZ NA RED BULL F1 | GP \u00e0s 10<\/figcaption><\/figure>\n\n\n\n<p class=\"wp-block-paragraph\">Verstappen confirmou, depois da corrida, que n\u00e3o cedeu a posi\u00e7\u00e3o por algo que \u201caconteceu no passado\u201d \u2014 segundo a imprensa holandesa, o bicampe\u00e3o mundial se vingou do ocorrido em M\u00f4naco, quando P\u00e9rez bateu em sua \u00faltima volta r\u00e1pida no Q3, negando a Verstappen a chance de conquistar a pole-position. \u2018Checo\u2019 acabou vencendo a corrida no dia seguinte, e admitiu a Christian Horner e Helmut Marko que bateu de prop\u00f3sito no treino classificat\u00f3rio.<\/p>\n\n\n\n<p class=\"wp-block-paragraph\">At\u00e9 hoje, nenhuma das partes veio a p\u00fablico confirmar ou desmentir tal vers\u00e3o.&nbsp;<\/p>\n\n\n\n<p class=\"wp-block-paragraph\">Fato \u00e9: a Red Bull correu para colocar panos quentes na situa\u00e7\u00e3o. Defender P\u00e9rez da injusti\u00e7a? Nada disso. Fez-se necess\u00e1rio agradar Verstappen. <a href=\"https:\/\/www.grandepremio.com\/br\/f1\/noticias\/red-bull-defende-max-verstappen-treta-sergio-perez-interlagos-aceitamos-argumentacao-dele\/\" class=\"ek-link\">A nota oficial taurina ap\u00f3s a prova em Interlagos<\/a> gerou rea\u00e7\u00f5es mais acaloradas do p\u00fablico, que apontou o que, de certa maneira, \u00e9 verdade: o holand\u00eas, por conta de seu talento, manda e desmanda no time.\u00a0<\/p>\n\n\n\n<figure class=\"wp-block-image size-large\"><img decoding=\"async\" src=\"https:\/\/www.grandepremio.com\/br\/wp-content\/uploads\/2020\/05\/000_32P46AV-1024x743.jpg\" alt=\"\" class=\"wp-image-635504\"\/><figcaption>Verstappen: &#8216;reizinho&#8217; da Red Bull? (Foto: Red Bull Content Pool)<\/figcaption><\/figure>\n\n\n\n<p class=\"wp-block-paragraph\">\u201cComo um time, cometemos alguns erros no Brasil. N\u00f3s n\u00e3o t\u00ednhamos previsto a situa\u00e7\u00e3o que se desenrolou na \u00faltima volta e n\u00e3o concordamos com uma estrat\u00e9gia para tal cen\u00e1rio antes da corrida. Lamentavelmente, Max (Verstappen) s\u00f3 foi informado do pedido para ceder a posi\u00e7\u00e3o na \u00faltima curva, sem que todas as informa\u00e7\u00f5es necess\u00e1rias tivessem sido transmitidas a ele. Isso colocou Max, que sempre foi um jogador de equipe aberto e justo, em uma situa\u00e7\u00e3o comprometedora com pouco tempo para reagir \u2014 o que n\u00e3o era nossa inten\u00e7\u00e3o\u201d, informou tal comunicado \u2014 mesmo com evid\u00eancias de que Verstappen teve, sim, muito mais tempo para ceder a posi\u00e7\u00e3o a \u2018Checo\u2019.<\/p>\n\n\n\n<p class=\"wp-block-paragraph\">\u201cAp\u00f3s a corrida, Max falou aberta e honestamente, permitindo que os dois pilotos resolvessem quaisquer preocupa\u00e7\u00f5es ou problemas pendentes. A equipe aceita a argumenta\u00e7\u00e3o de Max. A conversa \u00e9 um assunto pessoal, que continuar\u00e1 privada entre o time. Nenhum coment\u00e1rio adicional ser\u00e1 feito\u201d, seguiu a nota.<\/p>\n\n\n\n<p class=\"wp-block-paragraph\">Resumindo para voc\u00ea, querido leitor e leitora: uma bagun\u00e7a. Bagun\u00e7a desnecess\u00e1ria, vale dizer. A Red Bull venceu tudo em 2022, com m\u00e9ritos. Carro absoluto, Verstappen no auge de sua pilotagem\u2026 mas a mancha das pol\u00eamicas mostrou-se, mais uma vez, maior do que qualquer reconhecimento de conquista.<\/p>\n\n\n\n<figure class=\"wp-block-image size-large\"><img decoding=\"async\" src=\"https:\/\/www.grandepremio.com\/br\/wp-content\/uploads\/2022\/11\/redbull-maxverstappen-03-11-scaled-e1668954781374-1024x747.jpg\" alt=\"\" class=\"wp-image-635367\"\/><figcaption>O que 2023 reserva para os taurinos? (Foto: Red Bull Content Pool)<\/figcaption><\/figure>\n\n\n\n<p class=\"wp-block-paragraph\">Para 2023, duas d\u00favidas centrais. Ser\u00e1 a Red Bull capaz de superar a desvantagem pela quebra do teto de gastos e seguir no pelot\u00e3o da frente? Assim fazendo, conseguir\u00e1 Verstappen \u2014 ou P\u00e9rez, vai que\u2026 \u2014 vencer o t\u00edtulo sem qualquer rastro de pol\u00eamica, ao contr\u00e1rio de 2021 e 2022?<\/p>\n\n\n\n<p class=\"wp-block-paragraph\">S\u00f3 o tempo vai dizer. At\u00e9 l\u00e1, aguardemos.<\/p>\n","protected":false},"excerpt":{"rendered":"<p>Equipe taurina teve 2022 dominante, com muitos m\u00e9ritos. Acertou m\u00e3o do RB18 ao longo da temporada e terminou com carro beirando a perfei\u00e7\u00e3o, Max Verstappen atingiu o auge de sua pilotagem, conquista dos dois t\u00edtulos\u2026 ainda assim, pol\u00eamicas parecem n\u00e3o largar o p\u00e9 de Christian Horner, Helmut Marko e companhia<\/p>\n","protected":false},"author":0,"featured_media":1000638545,"comment_status":"closed","ping_status":"closed","sticky":false,"template":"","format":"standard","meta":{"42wp_featured_image_caption":"","42wp_featured_image_credits":"","42wp_featured_video":"","42wp_featured_image_hidden":false,"42wp_authors_list":[],"footnotes":""},"categories":[2],"tags":[655,147,1357,180,26841,1491,28285,258,13887,8723,203,27382,204,33097,26939,3132,9685],"42wp_author":[47143],"class_list":["post-106681","post","type-post","status-publish","format-standard","has-post-thumbnail","hentry","category-f1","tag-christian-horner","tag-f1","tag-f1-2022","tag-formula-1","tag-formula-1-2022","tag-grande-premio","tag-grandepremio","tag-helmut-marko","tag-horner","tag-marko","tag-max-verstappen","tag-perez","tag-red-bull","tag-retrospectiva-2022","tag-retrospectiva-f1","tag-sergio-perez","tag-verstappen","42wp_author-felipe-leite"],"_links":{"self":[{"href":"https:\/\/grandepremio.com\/br\/wp-json\/wp\/v2\/posts\/106681","targetHints":{"allow":["GET"]}}],"collection":[{"href":"https:\/\/grandepremio.com\/br\/wp-json\/wp\/v2\/posts"}],"about":[{"href":"https:\/\/grandepremio.com\/br\/wp-json\/wp\/v2\/types\/post"}],"replies":[{"embeddable":true,"href":"https:\/\/grandepremio.com\/br\/wp-json\/wp\/v2\/comments?post=106681"}],"version-history":[{"count":0,"href":"https:\/\/grandepremio.com\/br\/wp-json\/wp\/v2\/posts\/106681\/revisions"}],"wp:featuredmedia":[{"embeddable":true,"href":"https:\/\/grandepremio.com\/br\/wp-json\/wp\/v2\/media\/1000638545"}],"wp:attachment":[{"href":"https:\/\/grandepremio.com\/br\/wp-json\/wp\/v2\/media?parent=106681"}],"wp:term":[{"taxonomy":"category","embeddable":true,"href":"https:\/\/grandepremio.com\/br\/wp-json\/wp\/v2\/categories?post=106681"},{"taxonomy":"post_tag","embeddable":true,"href":"https:\/\/grandepremio.com\/br\/wp-json\/wp\/v2\/tags?post=106681"},{"taxonomy":"42wp_author","embeddable":true,"href":"https:\/\/grandepremio.com\/br\/wp-json\/wp\/v2\/42wp_author?post=106681"}],"curies":[{"name":"wp","href":"https:\/\/api.w.org\/{rel}","templated":true}]}}