{"id":106707,"date":"2022-12-10T13:22:56","date_gmt":"2022-12-10T16:22:56","guid":{"rendered":"https:\/\/grandepremio.com\/br\/noticias\/red-bull-christian-horner-elogia-trabalho-dificil-mattia-binotto-deixar-ferrari\/"},"modified":"2022-12-10T14:26:33","modified_gmt":"2022-12-10T17:26:33","slug":"red-bull-christian-horner-elogia-trabalho-dificil-mattia-binotto-deixar-ferrari","status":"publish","type":"post","link":"https:\/\/grandepremio.com\/br\/f1\/red-bull-christian-horner-elogia-trabalho-dificil-mattia-binotto-deixar-ferrari\/","title":{"rendered":"Chefe da Red Bull elogia trabalho e diz que &#8220;deve ser dif\u00edcil&#8221; para Binotto deixar Ferrari"},"content":{"rendered":"\n<p class=\"wp-block-paragraph\">Depois de uma temporada em que come\u00e7ou dominante e dando a impress\u00e3o de que n\u00e3o teria advers\u00e1rios, a <strong>Ferrari<\/strong> acabou vendo a <strong>Red Bull<\/strong> assumir o controle do campeonato e terminar campe\u00e3 tanto no Mundial de Pilotos, com <strong>Max Verstappen<\/strong>, quanto no de Construtores. Uma derrota dolorida, que recaiu sobre as costas do chefe de equipe, <strong>Mattia Binotto<\/strong>, mas <strong>Christian Horner<\/strong> acredita que o italiano fez um \u00f3timo trabalho com a F1-75 em 2022.<\/p>\n\n\n\n<p class=\"wp-block-paragraph\">O ingl\u00eas falou sobre a sa\u00edda de Binotto da Ferrari durante a cerim\u00f4nia de premia\u00e7\u00e3o anual que a FIA realiza ao final da temporada. O evento aconteceu na noite de sexta-feira (9), em Bolonha, It\u00e1lia, e Horner foi questionado pela revista inglesa Autosport se havia ficado surpreso com a decis\u00e3o da rival de Maranello sobre a troca de comando do time para 2023.<\/p>\n\n\n\n<p class=\"wp-block-paragraph\"><strong>\u25b6\ufe0f\u00a0Inscreva-se nos dois canais do GRANDE PR\u00caMIO no YouTube:\u00a0<a href=\"https:\/\/www.youtube.com\/channel\/UC9OlHEgxoaY6QY6nWPoiqQg?sub_confirmation=1\" target=\"_blank\" rel=\"noreferrer noopener\">GP<\/a>\u00a0|\u00a0<a href=\"https:\/\/www.youtube.com\/channel\/UC9csiS6q_C3C0FYhyr1rnFA?sub_confirmation=1\" target=\"_blank\" rel=\"noreferrer noopener\">GP2<\/a><\/strong><br><strong>\u25b6\ufe0f\u00a0<a href=\"https:\/\/www.twitch.tv\/grandepremio\" target=\"_blank\" rel=\"noreferrer noopener\">Conhe\u00e7a o canal do GRANDE PR\u00caMIO na Twitch clicando aqui!<\/a><\/strong><\/p>\n\n\n\n<figure class=\"wp-block-image size-large\"><img decoding=\"async\" src=\"https:\/\/www.grandepremio.com\/br\/wp-content\/uploads\/2022\/12\/Christian-Horner-FIA-1024x682.jpg\" alt=\"\" class=\"wp-image-638844\"\/><figcaption>Christian Horner falou sobre a sa\u00edda de Mattia Binotto da Ferrari (Foto: FIA)<\/figcaption><\/figure>\n\n\n\n<p class=\"wp-block-paragraph\">&#8220;Sendo justo com Mattia, acho que ele fez um trabalho muito bom construindo um carro e um motor muito competitivo para a Ferrari este ano&#8221;, disse Horner, ressaltando que n\u00e3o deve ter sido nada f\u00e1cil para Binotto romper o v\u00ednculo com a empresa pela qual dedicou 28 anos de sua carreira. <\/p>\n\n\n\n<p class=\"wp-block-paragraph\">&#8220;\u00c9 claro que eles tiveram quest\u00f5es operacionais. Ele dedicou um longo per\u00edodo de sua vida \u00e0 Ferrari, e tenho certeza de que foi muito dif\u00edcil deixar a equipe depois de tanto tempo&#8221;, continuou Horner. &#8220;Claro que \u00e9 uma press\u00e3o enorme estar l\u00e1, \u00e9 efetivamente um time nacional, al\u00e9m de ser uma equipe de f\u00e1brica. Acho que ser\u00e1 o sexto chefe de equipe [da Ferrari] com quem me sentarei \u00e0 mesa, j\u00e1 que estou na Red Bull [h\u00e1 tempos], e h\u00e1 muita press\u00e3o nesse trabalho, sem d\u00favida&#8221;, completou.<\/p>\n\n\n\n<p class=\"wp-block-paragraph\">Horner \u2014 <a href=\"https:\/\/www.grandepremio.com\/br\/f1\/noticias\/red-bull-christian-horner-fia-mohammed-ben-sulayem-torta-climao-piada-teto-gastos\/\" class=\"ek-link\">que protagonizou uma saia-justa com o presidente da FIA<\/a> (Federa\u00e7\u00e3o Internacional de Automobilismo), Mohammed Ben Sulayem, gra\u00e7as a uma piada sobre o teto de gastos \u2014 j\u00e1 havia falado em entrevista o quanto a dobradinha em \u00cdmola foi decisiva para a virada da Red Bull. Para o chef\u00e3o dos taurinos, o GP da Em\u00edlia-Romanha foi algo &#8220;psicologicamente grandioso&#8221; para a base em Milton Keynes.<\/p>\n\n\n\n<p class=\"wp-block-paragraph\">&#8220;Acho que eles tiveram um carro mais r\u00e1pido que o nosso no in\u00edcio da temporada, mas nos mantivemos perto, e isso foi muito, muito importante. Nosso campeonato teve 21 corridas, pois tivemos um abandono duplo na primeira [no Bahrein]&#8221;, lembrou Horner.<\/p>\n\n\n\n<p class=\"wp-block-paragraph\">&#8220;Para mim, um dos finais de semana cruciais foi \u00cdmola. Vencer as duas corridas, a principal com dobradinha, e na casa da Ferrari foi, psicologicamente, algo grandioso para n\u00f3s como equipe, assim como para eles. \u00c0 medida que desenvolvemos o carro, melhoramos a performance e diminu\u00edmos o peso, a velocidade apareceu&#8221;, finalizou.<\/p>\n","protected":false},"excerpt":{"rendered":"<p>Christian Horner destacou o trabalho de Mattia Binotto no desenvolvimento da F1-75 e reconheceu a press\u00e3o que \u00e9 ser chefe de equipe da Ferrari: &#8220;\u00c9 um time nacional&#8221;<\/p>\n","protected":false},"author":0,"featured_media":1000488130,"comment_status":"closed","ping_status":"closed","sticky":false,"template":"","format":"standard","meta":{"42wp_featured_image_caption":"","42wp_featured_image_credits":"","42wp_featured_video":"","42wp_featured_image_hidden":false,"42wp_authors_list":[],"footnotes":""},"categories":[2],"tags":[655,1357,207,103,180,1491,442,203,204,30986],"42wp_author":[47147],"class_list":["post-106707","post","type-post","status-publish","format-standard","has-post-thumbnail","hentry","category-f1","tag-christian-horner","tag-f1-2022","tag-ferrari","tag-fia","tag-formula-1","tag-grande-premio","tag-mattia-binotto","tag-max-verstappen","tag-red-bull","tag-temporada-2022-f1","42wp_author-luana-marino"],"_links":{"self":[{"href":"https:\/\/grandepremio.com\/br\/wp-json\/wp\/v2\/posts\/106707","targetHints":{"allow":["GET"]}}],"collection":[{"href":"https:\/\/grandepremio.com\/br\/wp-json\/wp\/v2\/posts"}],"about":[{"href":"https:\/\/grandepremio.com\/br\/wp-json\/wp\/v2\/types\/post"}],"replies":[{"embeddable":true,"href":"https:\/\/grandepremio.com\/br\/wp-json\/wp\/v2\/comments?post=106707"}],"version-history":[{"count":0,"href":"https:\/\/grandepremio.com\/br\/wp-json\/wp\/v2\/posts\/106707\/revisions"}],"wp:featuredmedia":[{"embeddable":true,"href":"https:\/\/grandepremio.com\/br\/wp-json\/wp\/v2\/media\/1000488130"}],"wp:attachment":[{"href":"https:\/\/grandepremio.com\/br\/wp-json\/wp\/v2\/media?parent=106707"}],"wp:term":[{"taxonomy":"category","embeddable":true,"href":"https:\/\/grandepremio.com\/br\/wp-json\/wp\/v2\/categories?post=106707"},{"taxonomy":"post_tag","embeddable":true,"href":"https:\/\/grandepremio.com\/br\/wp-json\/wp\/v2\/tags?post=106707"},{"taxonomy":"42wp_author","embeddable":true,"href":"https:\/\/grandepremio.com\/br\/wp-json\/wp\/v2\/42wp_author?post=106707"}],"curies":[{"name":"wp","href":"https:\/\/api.w.org\/{rel}","templated":true}]}}