{"id":106709,"date":"2022-12-10T11:53:07","date_gmt":"2022-12-10T14:53:07","guid":{"rendered":"https:\/\/grandepremio.com\/br\/noticias\/kevin-magnussen-repete-dupla-pai-jan-disputa-24-horas-daytona-2023\/"},"modified":"2022-12-10T12:14:02","modified_gmt":"2022-12-10T15:14:02","slug":"kevin-magnussen-repete-dupla-pai-jan-disputa-24-horas-daytona-2023","status":"publish","type":"post","link":"https:\/\/grandepremio.com\/br\/endurance\/kevin-magnussen-repete-dupla-pai-jan-disputa-24-horas-daytona-2023\/","title":{"rendered":"Magnussen repete dupla com pai para disputa das 24 Horas de Daytona de 2023"},"content":{"rendered":"\n<p class=\"wp-block-paragraph\">Pela terceira vez, <strong>Kevin Magnussen<\/strong> vai participar da tradicional prova das<strong> 24 Horas de Daytona<\/strong>, que faz parte do <strong>IMSA<\/strong>, com largada programada para 28 de janeiro de 2023. O piloto da <strong>Haas <\/strong>na <strong>F\u00f3rmula 1<\/strong> far\u00e1 dupla com o pai, <strong>Jan Magnussen<\/strong>, a bordo de um Porsche 911 GT3, da equipe MDK.<\/p>\n\n\n\n<p class=\"wp-block-paragraph\">Kevin retorna \u00e0 classe de turismo americana depois de competir com a Ganassi em 2021, equipe com a qual o dinamarqu\u00eas disse ter vivido &#8220;alguns momentos fant\u00e1sticos&#8221;. A parceria teria continuidade esse ano, mas foi desfeita diante do convite para ele retornar \u00e0 F1.<\/p>\n\n\n\n<p class=\"wp-block-paragraph\"><strong>\u25b6\ufe0f\u00a0Inscreva-se nos dois canais do GRANDE PR\u00caMIO no YouTube:\u00a0<a href=\"https:\/\/www.youtube.com\/channel\/UC9OlHEgxoaY6QY6nWPoiqQg?sub_confirmation=1\" target=\"_blank\" rel=\"noreferrer noopener\">GP<\/a>\u00a0|\u00a0<a href=\"https:\/\/www.youtube.com\/channel\/UC9csiS6q_C3C0FYhyr1rnFA?sub_confirmation=1\" target=\"_blank\" rel=\"noreferrer noopener\">GP2<\/a><\/strong><br><strong>\u25b6\ufe0f\u00a0<a href=\"https:\/\/www.twitch.tv\/grandepremio\" target=\"_blank\" rel=\"noreferrer noopener\">Conhe\u00e7a o canal do GRANDE PR\u00caMIO na Twitch clicando aqui!<\/a><\/strong><\/p>\n\n\n\n<figure class=\"wp-block-image size-full\"><img decoding=\"async\" src=\"https:\/\/www.grandepremio.com\/br\/wp-content\/uploads\/2021\/01\/Magnussen_Cadillac.jpg\" alt=\"\" class=\"wp-image-447450\"\/><figcaption>Kevin Magnussen na Ganassi pelo SportsCar em 2021 (Foto: Reprodu\u00e7\u00e3o\/IMSA)<\/figcaption><\/figure>\n\n\n\n<p class=\"wp-block-paragraph\">&#8220;Poder participar de uma corrida dessas ao lado do meu pai \u00e9 incr\u00edvel. Mais uma vez, s\u00f3 posso agradecer ao [chefe da equipe] Mark Kvamme por acertar isso&#8221;, completou o piloto, que disputa as 12 Horas do Golfo neste fim de semana, em Abu Dhabi, tamb\u00e9m ao lado de Jan.<\/p>\n\n\n\n<p class=\"wp-block-paragraph\">Al\u00e9m de Daytona, Jan Magnussen j\u00e1 confirmou presen\u00e7a em todas as quatro etapas da temporada 2023 da Endurance Cup com a MDK. O pai de Kevin celebrou a chance de correr ao lado do filho mais uma vez e tamb\u00e9m agradeceu ao time americano.<\/p>\n\n\n\n<p class=\"wp-block-paragraph\">&#8220;J\u00e1 se passaram quase tr\u00eas anos desde a \u00faltima vez que corri na Am\u00e9rica. Nesse meio tempo, participei do Mundial de Endurance da FIA, Porsche Cup na Escandin\u00e1via, Le Mans Cup e TCR Dinamarca. Contudo, a Am\u00e9rica tem sido a minha segunda casa desde que troquei a F1 pelos carros esportivos em 1999, ent\u00e3o estou ansioso para voltar ao IMSA mais uma vez&#8221;, acrescentou Jan, que teve passagem pela principal categoria do automobilismo entre 1995 e 1998.<\/p>\n\n\n\n<p class=\"wp-block-paragraph\">O chefe Kvamme, que tamb\u00e9m corre na equipe, destacou a experi\u00eancia de Jan e salientou que ter Kevin Magnussen em Daytona &#8220;\u00e9 mais do que poder\u00edamos desejar&#8221;. &#8220;Vai ser um ano emocionante para a equipe, e estou muito feliz por isso&#8221;, finalizou.<\/p>\n","protected":false},"excerpt":{"rendered":"<p>Kevin Magnussen competiu no IMSA em 2021 antes de retornar \u00e0 F\u00f3rmula 1. O piloto da Haas vai disputar as 24 Horas de Daytona ao lado do pai, Jan Magnussen, em janeiro de 2023<\/p>\n","protected":false},"author":0,"featured_media":1000632113,"comment_status":"closed","ping_status":"closed","sticky":false,"template":"","format":"standard","meta":{"42wp_featured_image_caption":"","42wp_featured_image_credits":"","42wp_featured_video":"","42wp_featured_image_hidden":false,"42wp_authors_list":[],"footnotes":""},"categories":[18],"tags":[427,896,147,180,1595,1491,119,705,117,1240],"42wp_author":[47147],"class_list":["post-106709","post","type-post","status-publish","format-standard","has-post-thumbnail","hentry","category-endurance","tag-endurance","tag-estados-unidos","tag-f1","tag-formula-1","tag-ganassi","tag-grande-premio","tag-haas","tag-imsa","tag-kevin-magnussen","tag-turismo","42wp_author-luana-marino"],"_links":{"self":[{"href":"https:\/\/grandepremio.com\/br\/wp-json\/wp\/v2\/posts\/106709","targetHints":{"allow":["GET"]}}],"collection":[{"href":"https:\/\/grandepremio.com\/br\/wp-json\/wp\/v2\/posts"}],"about":[{"href":"https:\/\/grandepremio.com\/br\/wp-json\/wp\/v2\/types\/post"}],"replies":[{"embeddable":true,"href":"https:\/\/grandepremio.com\/br\/wp-json\/wp\/v2\/comments?post=106709"}],"version-history":[{"count":0,"href":"https:\/\/grandepremio.com\/br\/wp-json\/wp\/v2\/posts\/106709\/revisions"}],"wp:featuredmedia":[{"embeddable":true,"href":"https:\/\/grandepremio.com\/br\/wp-json\/wp\/v2\/media\/1000632113"}],"wp:attachment":[{"href":"https:\/\/grandepremio.com\/br\/wp-json\/wp\/v2\/media?parent=106709"}],"wp:term":[{"taxonomy":"category","embeddable":true,"href":"https:\/\/grandepremio.com\/br\/wp-json\/wp\/v2\/categories?post=106709"},{"taxonomy":"post_tag","embeddable":true,"href":"https:\/\/grandepremio.com\/br\/wp-json\/wp\/v2\/tags?post=106709"},{"taxonomy":"42wp_author","embeddable":true,"href":"https:\/\/grandepremio.com\/br\/wp-json\/wp\/v2\/42wp_author?post=106709"}],"curies":[{"name":"wp","href":"https:\/\/api.w.org\/{rel}","templated":true}]}}