{"id":106725,"date":"2022-12-09T10:00:00","date_gmt":"2022-12-09T13:00:00","guid":{"rendered":"https:\/\/grandepremio.com\/br\/noticias\/jean-todt-stefano-domenicali-maurizio-arrivabene-que-tipo-chefe-ferrari-precisa-formula-1-2023\/"},"modified":"2022-12-09T09:37:44","modified_gmt":"2022-12-09T12:37:44","slug":"jean-todt-stefano-domenicali-maurizio-arrivabene-que-tipo-chefe-ferrari-precisa-formula-1-2023","status":"publish","type":"post","link":"https:\/\/grandepremio.com\/br\/f1\/jean-todt-stefano-domenicali-maurizio-arrivabene-que-tipo-chefe-ferrari-precisa-formula-1-2023\/","title":{"rendered":"Todt, Domenicali, Arrivabene: que tipo de chefe a Ferrari precisa na F1 2023?"},"content":{"rendered":"\n<p class=\"wp-block-paragraph\">A <strong>Ferrari<\/strong> <a href=\"https:\/\/www.grandepremio.com\/br\/f1\/noticias\/mattia-binotto-chega-acordo-deixa-ferrari-quatro-temporadas-chefe-equipe\/\" class=\"ek-link\">decidiu demitir<\/a> <strong>Mattia Binotto<\/strong> depois da temporada desastrosa da escuderia em 2022. Os erros e as trapalhadas ao longo do campeonato acabaram minando a chance de disputa de t\u00edtulo, algo que a equipe de Maranello ensaiava no in\u00edcio do ano. Agora, o time mais tradicional do grid da F\u00f3rmula 1 procura um substituto. H\u00e1 alguns nomes, mas o tema do v\u00eddeo de hoje \u00e9 outro: do que a Ferrari precisa de um chefe?<\/p>\n\n\n\n<p class=\"wp-block-paragraph\">Binotto falhou em diversos momentos \u00e0 frente da equipe: da estrat\u00e9gia \u00e0 forma como lidou com os pilotos. Portanto, o novo comando ter\u00e1 como miss\u00e3o ajustar a garagem e recolocar a esquadra no caminho das vit\u00f3rias. Para tanto, a <strong>Ferrari <\/strong>pode tentar reunir caracter\u00edsticas de chefes do passado na busca por um novo nome.<\/p>\n\n\n\n<p class=\"wp-block-paragraph\"><strong>\u25b6\ufe0f&nbsp;Inscreva-se nos dois canais do GRANDE PR\u00caMIO no YouTube:&nbsp;<a href=\"https:\/\/www.youtube.com\/channel\/UC9OlHEgxoaY6QY6nWPoiqQg?sub_confirmation=1\" target=\"_blank\" rel=\"noreferrer noopener\">GP<\/a>&nbsp;|&nbsp;<a href=\"https:\/\/www.youtube.com\/channel\/UC9csiS6q_C3C0FYhyr1rnFA?sub_confirmation=1\" target=\"_blank\" rel=\"noreferrer noopener\">GP2<\/a><\/strong><br><strong>\u25b6\ufe0f&nbsp;<a href=\"https:\/\/www.twitch.tv\/grandepremio\" target=\"_blank\" rel=\"noreferrer noopener\">Conhe\u00e7a o canal do GRANDE PR\u00caMIO na Twitch clicando aqui!<\/a><\/strong><\/p>\n\n\n\n<p class=\"wp-block-paragraph\"><strong>Evelyn Guimar\u00e3es<\/strong> cita tr\u00eas chefes recentes nesta an\u00e1lise, lembra o melhor de cada um e quanto cada um pode ajudar a construir esse comando. Por exemplo, do vitorioso <strong>Jean Todt<\/strong>, d\u00e1 para destacar a intelig\u00eancia, o pulso firme e a experi\u00eancia de como administrar uma equipe vencedora. J\u00e1 de <strong>Stefano Domenicali<\/strong>, se tira a simpatia e a forma como transita no paddock da F1. Enquanto <strong>Maurizio Arrivabene<\/strong> sempre mostrou um cuidado na maneira de lidar com os pilotos.<\/p>\n\n\n\n<p class=\"wp-block-paragraph\">Assista a an\u00e1lise:<\/p>\n\n\n\n<figure class=\"wp-block-embed is-type-rich is-provider-incorporar-manipulador wp-block-embed-incorporar-manipulador wp-embed-aspect-16-9 wp-has-aspect-ratio\"><div class=\"wp-block-embed__wrapper\">\n<iframe loading=\"lazy\" title=\"QUE TIPO DE CHEFE A FERRARI PRECISA NA F1 2023? | GP \u00c0S 10\" width=\"500\" height=\"281\" src=\"https:\/\/www.youtube.com\/embed\/eBU3xuvgUCM?feature=oembed\" frameborder=\"0\" allow=\"accelerometer; autoplay; clipboard-write; encrypted-media; gyroscope; picture-in-picture; web-share\" referrerpolicy=\"strict-origin-when-cross-origin\" allowfullscreen><\/iframe>\n<\/div><\/figure>\n","protected":false},"excerpt":{"rendered":"<p>A Ferrari demitiu Mattia Binotto e agora procura um substituto para o cargo de chefe da equipe. Mas sendo a escuderia uma das mais importantes da hist\u00f3ria, a pergunta tamb\u00e9m gira em torno do que \u00e9 preciso para ser o comandante do time italiano. Esse \u00e9 o tema da an\u00e1lise de Evelyn Guimar\u00e3es<\/p>\n","protected":false},"author":0,"featured_media":1000638694,"comment_status":"closed","ping_status":"closed","sticky":false,"template":"","format":"standard","meta":{"42wp_featured_image_caption":"","42wp_featured_image_credits":"","42wp_featured_video":"","42wp_featured_image_hidden":false,"42wp_authors_list":[],"footnotes":""},"categories":[2],"tags":[147,1357,6533,207,180,442,29648],"42wp_author":[47115],"class_list":["post-106725","post","type-post","status-publish","format-standard","has-post-thumbnail","hentry","category-f1","tag-f1","tag-f1-2022","tag-f1-2023","tag-ferrari","tag-formula-1","tag-mattia-binotto","tag-temporada-2022-da-f1","42wp_author-evelyn-guimaraes"],"_links":{"self":[{"href":"https:\/\/grandepremio.com\/br\/wp-json\/wp\/v2\/posts\/106725","targetHints":{"allow":["GET"]}}],"collection":[{"href":"https:\/\/grandepremio.com\/br\/wp-json\/wp\/v2\/posts"}],"about":[{"href":"https:\/\/grandepremio.com\/br\/wp-json\/wp\/v2\/types\/post"}],"replies":[{"embeddable":true,"href":"https:\/\/grandepremio.com\/br\/wp-json\/wp\/v2\/comments?post=106725"}],"version-history":[{"count":0,"href":"https:\/\/grandepremio.com\/br\/wp-json\/wp\/v2\/posts\/106725\/revisions"}],"wp:featuredmedia":[{"embeddable":true,"href":"https:\/\/grandepremio.com\/br\/wp-json\/wp\/v2\/media\/1000638694"}],"wp:attachment":[{"href":"https:\/\/grandepremio.com\/br\/wp-json\/wp\/v2\/media?parent=106725"}],"wp:term":[{"taxonomy":"category","embeddable":true,"href":"https:\/\/grandepremio.com\/br\/wp-json\/wp\/v2\/categories?post=106725"},{"taxonomy":"post_tag","embeddable":true,"href":"https:\/\/grandepremio.com\/br\/wp-json\/wp\/v2\/tags?post=106725"},{"taxonomy":"42wp_author","embeddable":true,"href":"https:\/\/grandepremio.com\/br\/wp-json\/wp\/v2\/42wp_author?post=106725"}],"curies":[{"name":"wp","href":"https:\/\/api.w.org\/{rel}","templated":true}]}}