{"id":106737,"date":"2022-12-09T04:15:00","date_gmt":"2022-12-09T07:15:00","guid":{"rendered":"https:\/\/grandepremio.com\/br\/noticias\/retrospectiva-2022-sem-marc-marquez-honda-sofre-amarga-lanterna-motogp\/"},"modified":"2022-12-06T11:21:40","modified_gmt":"2022-12-06T14:21:40","slug":"retrospectiva-2022-sem-marc-marquez-honda-sofre-amarga-lanterna-motogp","status":"publish","type":"post","link":"https:\/\/grandepremio.com\/br\/motogp\/retrospectiva-2022-sem-marc-marquez-honda-sofre-amarga-lanterna-motogp\/","title":{"rendered":"Retrospectiva 2022: Sem M\u00e1rquez, Honda sofre e amarga lanterna da MotoGP"},"content":{"rendered":"\n<p class=\"wp-block-paragraph\">Se a gente costuma definir a rela\u00e7\u00e3o entre <strong>Fabio Quartararo<\/strong> e <strong>Yamaha <\/strong>como &#8216;super dependente&#8217;, a da <strong>Honda <\/strong>com <strong>Marc M\u00e1rquez<\/strong> pode levar a mesma defini\u00e7\u00e3o. Em 2022, a marca da asa dourada viu sua grande estrela se lesionar mais uma vez e se afastar da categoria. Sem ele, a equipe pouco conseguiu evoluir ou melhorar durante o ano e o fim foi tr\u00e1gico: terminou o campeonato na lanterna entre os construtores.<\/p>\n\n\n\n<p class=\"wp-block-paragraph\">Desde o in\u00edcio da temporada, o piloto de <strong>Cervera <\/strong>frisava que a Honda precisava mudar seu &#8220;conceito&#8221;. A equipe modificou fortemente o projeto da moto para 2022, que passou a ser muito mais focada na traseira para melhorar a tra\u00e7\u00e3o. Vindo de uma s\u00e9rie de problemas f\u00edsicos desde o in\u00edcio do campeonato de 2020, Marc n\u00e3o havia pegado completamente a m\u00e3o com a nova <strong>RCV<\/strong>.<\/p>\n\n\n\n<p class=\"wp-block-paragraph\">At\u00e9 o <strong>GP da It\u00e1lia<\/strong>, M\u00e1rquez ia ao limite, mas alcan\u00e7ava alguns resultados. S\u00f3 que as coisas mudaram de rumo quando o time convocou uma coletiva de imprensa \u00e0s pressas para comunicar que o espanhol se afastaria da classe rainha para passar por uma nova cirurgia. O movimento no bra\u00e7o direito de Marc M\u00e1rquez ficou extremamente afetado pelas consecutivas interven\u00e7\u00f5es cir\u00fargicas h\u00e1 dois anos.<\/p>\n\n\n\n<p class=\"wp-block-paragraph\"><strong>\u25b6\ufe0f&nbsp;Inscreva-se nos dois canais do GRANDE PR\u00caMIO no YouTube:&nbsp;<a href=\"https:\/\/www.youtube.com\/channel\/UC9OlHEgxoaY6QY6nWPoiqQg?sub_confirmation=1\" target=\"_blank\" rel=\"noreferrer noopener\">GP<\/a>&nbsp;|&nbsp;<a href=\"https:\/\/www.youtube.com\/channel\/UC9csiS6q_C3C0FYhyr1rnFA?sub_confirmation=1\" target=\"_blank\" rel=\"noreferrer noopener\">GP2<\/a><\/strong><\/p>\n\n\n\n<figure class=\"wp-block-image size-large\"><img decoding=\"async\" src=\"https:\/\/www.grandepremio.com\/br\/wp-content\/uploads\/2022\/11\/https-__repsolmedia.com_repsolmedia_wp-content_uploads_2022_11_JRB5514-scaled-1-1024x682.jpg\" alt=\"\" class=\"wp-image-630876\"\/><figcaption>Marc M\u00e1rquez (Foto: Repsol)<\/figcaption><\/figure>\n\n\n\n<p class=\"wp-block-paragraph\">Marc ficou mais de 100 dias fora. Enquanto as not\u00edcias eram de que a interven\u00e7\u00e3o no bra\u00e7o do multicampe\u00e3o tinha sido um sucesso, as coisas iam por \u00e1gua abaixo no campeonato. <strong>Pol Espargr\u00f3, \u00c1lex M\u00e1rquez, Takaaki Nakagami<\/strong> e o substituto de M\u00e1rquez, <strong>Stefan Bradl<\/strong>, pouco conseguiram fazer enquanto o #93 estava fora. Espargar\u00f3 vivia um calv\u00e1rio dentro da equipe, Nakagami sofria diversos abandonos, \u00c1lex mantinha uma const\u00e2ncia atr\u00e1s do pelot\u00e3o.\u00a0<\/p>\n\n\n\n<p class=\"wp-block-paragraph\">Por isso, quando o espanhol retornou ao grid, a diferen\u00e7a absurda foi mais uma vez constatada: chegou a um p\u00f3dio e a uma pole-position. A todo tempo ele insistia que o objetivo era voltar a se adaptar e ter tempo de pista, mas conseguiu resultados bem diferentes dos seus companheiros.&nbsp;<\/p>\n\n\n\n<p class=\"wp-block-paragraph\">No fim, o <strong>hexacampe\u00e3o da MotoGP<\/strong> terminou em 13\u00ba lugar, com 113 pontos. Espargar\u00f3, Nakagami e seu irm\u00e3o foram 17\u00ba, 18\u00ba e 19\u00ba, respectivamente. J\u00e1 a Honda terminou em \u00faltimo lugar do <strong>Mundial de Construtores<\/strong>, 293 tentos atr\u00e1s da campe\u00e3 <strong>Ducati<\/strong>.\u00a0<\/p>\n\n\n\n<p class=\"wp-block-paragraph\">A depend\u00eancia \u00e9 clara. A equipe coloca nas costas de M\u00e1rquez uma grande responsabilidade, mas precisa ser dividida. E ele mesmo j\u00e1 deixou isso claro.&nbsp;<\/p>\n\n\n\n<p class=\"wp-block-paragraph\">\u201cVoc\u00ea sempre quer mais e mais. N\u00e3o posso dizer que estou desapontado porque a Honda est\u00e1 trabalhando, eles est\u00e3o tentando e trouxeram uma nova moto. Mas precisamos de mais se quisermos lutar pelo Mundial. Com o que n\u00f3s temos aqui, n\u00e3o vamos lutar\u201d, disse.<\/p>\n","protected":false},"excerpt":{"rendered":"<p>Honda sentiu na pele o peso da aus\u00eancia de Marc M\u00e1rquez em 2022, quando o hexacampe\u00e3o da classe rainha se afastou para realizar uma nova cirurgia no bra\u00e7o direito. E o resultado final foi t\u00e3o tr\u00e1gico quanto \u00e0s etapas sem o alento do espanhol  <\/p>\n","protected":false},"author":0,"featured_media":1000630237,"comment_status":"closed","ping_status":"closed","sticky":false,"template":"","format":"standard","meta":{"42wp_featured_image_caption":"","42wp_featured_image_credits":"","42wp_featured_video":"","42wp_featured_image_hidden":false,"42wp_authors_list":[],"footnotes":""},"categories":[8],"tags":[5214,79,78,2997,30733,30728,30734,25819,28345,28766,26690],"42wp_author":[47139],"class_list":["post-106737","post","type-post","status-publish","format-standard","has-post-thumbnail","hentry","category-motogp","tag-classificacao-motogp","tag-moto-gp","tag-motogp","tag-motogp-2022","tag-motogp-2022-calendario","tag-motogp-calendario-2022","tag-motogp-classificacao-2022","tag-motogp-hoje","tag-motogp-horarios","tag-motogp-standings","tag-pilotos-motogp","42wp_author-ana-cerveira"],"_links":{"self":[{"href":"https:\/\/grandepremio.com\/br\/wp-json\/wp\/v2\/posts\/106737","targetHints":{"allow":["GET"]}}],"collection":[{"href":"https:\/\/grandepremio.com\/br\/wp-json\/wp\/v2\/posts"}],"about":[{"href":"https:\/\/grandepremio.com\/br\/wp-json\/wp\/v2\/types\/post"}],"replies":[{"embeddable":true,"href":"https:\/\/grandepremio.com\/br\/wp-json\/wp\/v2\/comments?post=106737"}],"version-history":[{"count":0,"href":"https:\/\/grandepremio.com\/br\/wp-json\/wp\/v2\/posts\/106737\/revisions"}],"wp:featuredmedia":[{"embeddable":true,"href":"https:\/\/grandepremio.com\/br\/wp-json\/wp\/v2\/media\/1000630237"}],"wp:attachment":[{"href":"https:\/\/grandepremio.com\/br\/wp-json\/wp\/v2\/media?parent=106737"}],"wp:term":[{"taxonomy":"category","embeddable":true,"href":"https:\/\/grandepremio.com\/br\/wp-json\/wp\/v2\/categories?post=106737"},{"taxonomy":"post_tag","embeddable":true,"href":"https:\/\/grandepremio.com\/br\/wp-json\/wp\/v2\/tags?post=106737"},{"taxonomy":"42wp_author","embeddable":true,"href":"https:\/\/grandepremio.com\/br\/wp-json\/wp\/v2\/42wp_author?post=106737"}],"curies":[{"name":"wp","href":"https:\/\/api.w.org\/{rel}","templated":true}]}}