{"id":106742,"date":"2022-12-08T13:49:53","date_gmt":"2022-12-08T16:49:53","guid":{"rendered":"https:\/\/grandepremio.com\/br\/noticias\/indy-estuda-solucoes-eliminar-bolha-melhorar-visibilidade-aeroscreen-chuva\/"},"modified":"2022-12-08T13:51:07","modified_gmt":"2022-12-08T16:51:07","slug":"indy-estuda-solucoes-eliminar-bolha-melhorar-visibilidade-aeroscreen-chuva","status":"publish","type":"post","link":"https:\/\/grandepremio.com\/br\/indy\/indy-estuda-solucoes-eliminar-bolha-melhorar-visibilidade-aeroscreen-chuva\/","title":{"rendered":"Indy estuda solu\u00e7\u00f5es para eliminar bolha e melhorar visibilidade do aeroscreen na chuva"},"content":{"rendered":"\n<p class=\"wp-block-paragraph\">A<strong> Indy <\/strong>enfrentou problemas de visibilidade com o <strong>aerosreen<\/strong> no <strong>GP de Indian\u00e1polis 1<\/strong>. Com uma chuva torrencial, <a href=\"https:\/\/www.grandepremio.com\/br\/indy\/noticias\/nunca-vi-nada-assim-visibilidade-aeroscreen-gera-debate-gp-chuvoso-indy\/\" class=\"ek-link\">v\u00e1rios pilotos se queixaram da dificuldade para enxergar os carros na frente<\/a>. As cr\u00edticas foram diversas, desde o forte spray de \u00e1gua at\u00e9 uma estranha bolha se formando no para-brisa. Ainda que qualquer corrida na chuva limite a visibilidade dos pilotos, a Indy estuda mudan\u00e7as para melhorar a situa\u00e7\u00e3o.<\/p>\n\n\n\n<p class=\"wp-block-paragraph\">\u201cEstamos analisando algumas coisas que podem ser aplicadas no ano que vem que ajudariam em uma situa\u00e7\u00e3o como a que tivemos&#8221;, relatou <strong>Jay Frye<\/strong>, presidente da Indy, em entrevista ao <em>Motorsport.com<\/em>. &#8220;O que aconteceu em Indian\u00e1polis no ano passado foi algo muito dif\u00edcil de testar, certo? Foi um temporal&#8221;, prosseguiu.<\/p>\n\n\n\n<p class=\"wp-block-paragraph\">\u201cAprendemos muito com isso, o que foi \u00f3timo, e foi incr\u00edvel que durante boa parte da corrida n\u00e3o houve problema. Ent\u00e3o eles chegavam na reta e t\u00ednhamos um grande len\u00e7ol d&#8217;\u00e1gua que criava esse jato enorme, e provavelmente estava quase num ponto cr\u00edtico de qualquer maneira. Consideramos dar bandeira vermelha, porque estava chovendo forte, independentemente do aeroscreen&#8221;, relembrou o dirigente.<\/p>\n\n\n\n<p class=\"wp-block-paragraph\"><strong>\u25b6\ufe0f\u00a0Inscreva-se nos dois canais do GRANDE PR\u00caMIO no YouTube:\u00a0<a href=\"https:\/\/www.youtube.com\/channel\/UC9OlHEgxoaY6QY6nWPoiqQg?sub_confirmation=1\" target=\"_blank\" rel=\"noreferrer noopener\">GP<\/a>\u00a0|\u00a0<a href=\"https:\/\/www.youtube.com\/channel\/UC9csiS6q_C3C0FYhyr1rnFA?sub_confirmation=1\" target=\"_blank\" rel=\"noreferrer noopener\">GP2<\/a><\/strong><br><strong>\u25b6\ufe0f\u00a0<a href=\"https:\/\/www.twitch.tv\/grandepremio\" target=\"_blank\" rel=\"noreferrer noopener\">Conhe\u00e7a o canal do GRANDE PR\u00caMIO na Twitch clicando aqui!<\/a><\/strong><\/p>\n\n\n\n<figure class=\"wp-block-image size-large\"><img decoding=\"async\" src=\"https:\/\/www.grandepremio.com\/br\/wp-content\/uploads\/2022\/05\/Conor-Daly-GMR-Grand-Prix-By_-Joe-Skibinski_Large-Image-Without-Watermark_m56477-1024x683.jpg\" alt=\"\" class=\"wp-image-568734\"\/><figcaption>Conor Daly reclamou da visibilidade com o aeroscreen (Foto: IndyCar)<\/figcaption><\/figure>\n\n\n\n<p class=\"wp-block-paragraph\"><strong>Conor Daly<\/strong> foi um dos pilotos que reclamou de uma bolha de \u00e1gua no centro do aeroscreen, que n\u00e3o se dissipava mesmo em altas velocidades. <strong>Frye<\/strong> contou que isso de fato aconteceu e a categoria j\u00e1 analisou e entendeu os motivos do fen\u00f4meno inusitado que ocorreu em Indian\u00e1polis. Resta agora encontrar uma solu\u00e7\u00e3o para que isso n\u00e3o se repita.<\/p>\n\n\n\n<p class=\"wp-block-paragraph\">\u201cMas aprendemos algumas coisas. Como sempre fazemos, conversamos com quase todos os pilotos. Alguns deles estavam bem. Alguns deles diziam: &#8216;N\u00e3o consegui ver nada&#8217;. Alguns deles reclamaram de uma bolha, no meio do para-brisa, que n\u00e3o se movia. Conseguimos duplicar essa bolha, descobrimos como isso aconteceu. E essa \u00e9 uma das coisas que est\u00e1vamos tentando resolver, essa bolha que n\u00e3o se movia&#8221;, afirmou o presidente da <strong>Indy<\/strong>.<\/p>\n\n\n\n<p class=\"wp-block-paragraph\">\u201cTemos uma boa colabora\u00e7\u00e3o com a Dallara e a PPG, e achamos que temos algumas coisas que podemos fazer para que a anomalia da bolha desapare\u00e7a. Porque aconteceu de fato e conseguimos replic\u00e1-la. Agora estamos trabalhando em uma solu\u00e7\u00e3o para corrigir isso\u201d, concluiu Frye.<\/p>\n","protected":false},"excerpt":{"rendered":"<p>Jay Frye, presidente da Indy, revelou que a categoria estuda alternativas para melhorar a visibilidade com o aeroscreen ap\u00f3s reclama\u00e7\u00f5es de pilotos no GP de Indian\u00e1polis 1<\/p>\n","protected":false},"author":0,"featured_media":1000568731,"comment_status":"closed","ping_status":"closed","sticky":false,"template":"","format":"standard","meta":{"42wp_featured_image_caption":"","42wp_featured_image_credits":"","42wp_featured_video":"","42wp_featured_image_hidden":false,"42wp_authors_list":[],"footnotes":""},"categories":[3],"tags":[1824,619,29062,25348,1491,93,2209,25977,94,588],"42wp_author":[47144],"class_list":["post-106742","post","type-post","status-publish","format-standard","has-post-thumbnail","hentry","category-indy","tag-conor-daly","tag-formula-indy","tag-formula-indy-2022","tag-gp-de-indianapolis-1","tag-grande-premio","tag-indy","tag-indy-2022","tag-indy-2023","tag-indycar","tag-jay-frye","42wp_author-andre-netto"],"_links":{"self":[{"href":"https:\/\/grandepremio.com\/br\/wp-json\/wp\/v2\/posts\/106742","targetHints":{"allow":["GET"]}}],"collection":[{"href":"https:\/\/grandepremio.com\/br\/wp-json\/wp\/v2\/posts"}],"about":[{"href":"https:\/\/grandepremio.com\/br\/wp-json\/wp\/v2\/types\/post"}],"replies":[{"embeddable":true,"href":"https:\/\/grandepremio.com\/br\/wp-json\/wp\/v2\/comments?post=106742"}],"version-history":[{"count":0,"href":"https:\/\/grandepremio.com\/br\/wp-json\/wp\/v2\/posts\/106742\/revisions"}],"wp:featuredmedia":[{"embeddable":true,"href":"https:\/\/grandepremio.com\/br\/wp-json\/wp\/v2\/media\/1000568731"}],"wp:attachment":[{"href":"https:\/\/grandepremio.com\/br\/wp-json\/wp\/v2\/media?parent=106742"}],"wp:term":[{"taxonomy":"category","embeddable":true,"href":"https:\/\/grandepremio.com\/br\/wp-json\/wp\/v2\/categories?post=106742"},{"taxonomy":"post_tag","embeddable":true,"href":"https:\/\/grandepremio.com\/br\/wp-json\/wp\/v2\/tags?post=106742"},{"taxonomy":"42wp_author","embeddable":true,"href":"https:\/\/grandepremio.com\/br\/wp-json\/wp\/v2\/42wp_author?post=106742"}],"curies":[{"name":"wp","href":"https:\/\/api.w.org\/{rel}","templated":true}]}}