{"id":106763,"date":"2022-12-07T14:21:11","date_gmt":"2022-12-07T17:21:11","guid":{"rendered":"https:\/\/grandepremio.com\/br\/noticias\/formula-e-promove-estreia-em-portland-e-fecha-calendario-da-temporada-2022-23\/"},"modified":"2022-12-07T15:01:17","modified_gmt":"2022-12-07T18:01:17","slug":"formula-e-promove-estreia-em-portland-e-fecha-calendario-da-temporada-2022-23","status":"publish","type":"post","link":"https:\/\/grandepremio.com\/br\/formula-e\/formula-e-promove-estreia-em-portland-e-fecha-calendario-da-temporada-2022-23\/","title":{"rendered":"F\u00f3rmula E promove estreia em Portland e fecha calend\u00e1rio da temporada 2022\/23"},"content":{"rendered":"\n<p class=\"wp-block-paragraph\">A <strong>F\u00f3rmula E<\/strong> enfim fechou oficialmente seu calend\u00e1rio para a disputa da nona temporada, em 2023. A categoria ainda tinha um espa\u00e7o vago a preencher, mas a reuni\u00e3o do Conselho Mundial de Automobilismo, nesta quarta-feira (7), selou: a vaga para sediar a 12\u00aa corrida da temporada ser\u00e1 da cidade de <strong>Portland<\/strong>, nos Estados Unidos, o que representar\u00e1 a estreia da modalidade no Oregon.<\/p>\n\n\n\n<p class=\"wp-block-paragraph\">Assim, dos 11 locais escolhidos para o ano que vem, quatro estar\u00e3o realizando suas estreias: <strong>Portland<\/strong>, no Estados Unidos; <strong>Hyderabad<\/strong>, na \u00cdndia; <strong>Cidade do Cabo<\/strong>, na \u00c1frica do Sul e <strong>S\u00e3o Paulo<\/strong>, no Brasil, ser\u00e3o as outras corridas inaugurais de 2023.<\/p>\n\n\n\n<p class=\"wp-block-paragraph\">A F\u00f3rmula E correu nos Estados Unidos em todas as suas edi\u00e7\u00f5es, com exce\u00e7\u00e3o da <strong>sexta temporada <\/strong>\u2014 que sofreu com a pandemia de Covid-19, em 2020, e precisou ser encerrada com uma s\u00e9rie de disputas em Berlim. No entanto, \u00e9 a primeira vez de Portland no calend\u00e1rio, j\u00e1 que as outras edi\u00e7\u00f5es foram em <strong>Nova York<\/strong>, <strong>Miami <\/strong>e <strong>Long Beach<\/strong>.<\/p>\n\n\n\n<p class=\"wp-block-paragraph\"><strong>\u25b6\ufe0f&nbsp;<a href=\"https:\/\/www.twitch.tv\/grandepremio\" target=\"_blank\" rel=\"noreferrer noopener\">Conhe\u00e7a o canal do GRANDE PR\u00caMIO na Twitch clicando aqui!<\/a><\/strong><\/p>\n\n\n\n<figure class=\"wp-block-image size-large\"><img decoding=\"async\" src=\"https:\/\/www.grandepremio.com\/br\/wp-content\/uploads\/2022\/12\/Bird-1024x576.jpg\" alt=\"\" class=\"wp-image-638450\"\/><figcaption>A F\u00f3rmula E vai seguir correndo nos Estados Unidos em 2023. Na imagem, Sam Bird comemora vit\u00f3ria em Nova York (Foto: F\u00f3rmula E)<\/figcaption><\/figure>\n\n\n\n<p class=\"wp-block-paragraph\"><strong>\u25b6\ufe0f&nbsp;Inscreva-se nos dois canais do GRANDE PR\u00caMIO no YouTube:&nbsp;<a href=\"https:\/\/www.youtube.com\/channel\/UC9OlHEgxoaY6QY6nWPoiqQg?sub_confirmation=1\" target=\"_blank\" rel=\"noreferrer noopener\">GP<\/a>&nbsp;|&nbsp;<a href=\"https:\/\/www.youtube.com\/channel\/UC9csiS6q_C3C0FYhyr1rnFA?sub_confirmation=1\" target=\"_blank\" rel=\"noreferrer noopener\">GP2<\/a><\/strong><\/p>\n\n\n\n<p class=\"wp-block-paragraph\">&#8220;Estamos animados para trazer o campeonato mais importante de automobilismo el\u00e9trico a Portland pela primeira vez, em junho do ano que vem&#8221;, disse Alberto Longo, CEO e co-fundador da F\u00f3rmula E. &#8220;Existe uma base grande e apaixonada de f\u00e3s esportivos na cidade, junto a fortes credenciais ecol\u00f3gicas que tornam Portland a sede perfeita para a F\u00f3rmula E&#8221;, celebrou.<\/p>\n\n\n\n<p class=\"wp-block-paragraph\">Al\u00e9m do an\u00fancio de Portland, o comunicado da F\u00f3rmula E curiosamente lembra de <strong>Seul<\/strong>, afirmando que segue em negocia\u00e7\u00f5es para voltar \u00e0 Coreia do Sul na d\u00e9cima temporada. A cidade, que recebeu o encerramento do campeonato em 2022, n\u00e3o conseguiu entrar no calend\u00e1rio a tempo este ano \u2014 apesar de ser um desejo declarado da categoria. <a href=\"https:\/\/www.grandepremio.com\/br\/formula-e\/noticias\/formula-e-atualiza-calendario-2023-ratifica-africa-do-sul-e-busca-alternativa-para-seul\/\" target=\"_blank\" aria-label=\"Como o Est\u00e1dio Ol\u00edmpico passa por obras de reforma (opens in a new tab)\" rel=\"noreferrer noopener\" class=\"ek-link\">Como o Est\u00e1dio Ol\u00edmpico passa por obras de reforma<\/a>, a F\u00f3rmula E n\u00e3o conseguiu encontrar uma substituta a tempo e precisou desistir.<\/p>\n\n\n\n<p class=\"wp-block-paragraph\">Com a entrada da cidade americana, o calend\u00e1rio de 2023 da F\u00f3rmula E est\u00e1 oficialmente definido. <strong>Cidade do M\u00e9xico<\/strong>, <strong>Hyderabad<\/strong>, <strong>\u00c1frica do Sul<\/strong>, <strong>S\u00e3o Paulo<\/strong>, <strong>M\u00f4naco <\/strong>e <strong>Portland <\/strong>receber\u00e3o uma corrida cada, enquanto <strong>Diriyah<\/strong>, <strong>Berlim<\/strong>, <strong>Jacarta<\/strong>, <strong>Roma <\/strong>e <strong>Londres <\/strong>sediar\u00e3o rodadas duplas, num total de 16 provas ao longo da temporada \u2014 mesmo n\u00famero de 2022.<\/p>\n\n\n\n<p class=\"wp-block-paragraph\">A pr\u00e9-temporada da F\u00f3rmula E acontece na semana que vem, em Val\u00eancia, entre os dias 13 e 16 de dezembro. O in\u00edcio oficial do campeonato, por sua vez, est\u00e1 marcado para o dia 14 de janeiro, com o eP da Cidade do M\u00e9xico.<\/p>\n\n\n\n<h2 class=\"wp-block-heading\" id=\"h-formula-e-2022-2023-temporada-9-calendario\">F\u00f3rmula E 2022\/2023, Temporada 9, Calend\u00e1rio:<\/h2>\n\n\n\n<figure class=\"wp-block-table\"><table><tbody><tr><td><\/td><td>ETAPA<\/td><td>DATA<\/td><\/tr><tr><td>1<\/td><td>eP DA CIDADE DO M\u00c9XICO<\/td><td>14\/jan<\/td><\/tr><tr><td>2<\/td><td>eP DE DIRIYAH 1<\/td><td>27\/jan<\/td><\/tr><tr><td>3<\/td><td>eP DE DIRIYAH 2<\/td><td>28\/jan<\/td><\/tr><tr><td>4<\/td><td>eP DE HYDERABAD<\/td><td>11\/fev<\/td><\/tr><tr><td>5<\/td><td>eP DA CIDADE DO CABO<\/td><td>25\/fev<\/td><\/tr><tr><td>6<\/td><td>eP DE S\u00c3O PAULO<\/td><td>25\/mar<\/td><\/tr><tr><td>7<\/td><td>eP DE BERLIM<\/td><td>22\/abr<\/td><\/tr><tr><td>8<\/td><td>eP DE BERLIM<\/td><td>23\/abr<\/td><\/tr><tr><td>9<\/td><td>eP DE M\u00d4NACO<\/td><td>06\/mai<\/td><\/tr><tr><td>10<\/td><td>eP DE JACARTA 1<\/td><td>03\/jun<\/td><\/tr><tr><td>11<\/td><td>eP DE JACARTA 2<\/td><td>04\/jun<\/td><\/tr><tr><td>12<\/td><td>eP DE PORTLAND<\/td><td>24\/jun<\/td><\/tr><tr><td>13<\/td><td>eP DE ROMA 1<\/td><td>15\/jul<\/td><\/tr><tr><td>14<\/td><td>eP DE ROMA 2<\/td><td>16\/jul<\/td><\/tr><tr><td>15<\/td><td>eP DE LONDRES 1<\/td><td>29\/jul<\/td><\/tr><tr><td>16<\/td><td>eP DE LONDRES 2<\/td><td>30\/jul<\/td><\/tr><\/tbody><\/table><\/figure>\n","protected":false},"excerpt":{"rendered":"<p>A F\u00f3rmula E ainda tinha um &#8216;espa\u00e7o em branco&#8217; no calend\u00e1rio da nona temporada, mas conseguiu garantir sua presen\u00e7a nos Estados Unidos e ir\u00e1 estrear em Portland em 2023<\/p>\n","protected":false},"author":0,"featured_media":1000638451,"comment_status":"closed","ping_status":"closed","sticky":false,"template":"","format":"standard","meta":{"42wp_featured_image_caption":"","42wp_featured_image_credits":"","42wp_featured_video":"","42wp_featured_image_hidden":false,"42wp_authors_list":[],"footnotes":""},"categories":[19],"tags":[24893,28679,6853,33229,896,379,27903,840,28327,1601,1491,30103,28285,3769],"42wp_author":[47142],"class_list":["post-106763","post","type-post","status-publish","format-standard","has-post-thumbnail","hentry","category-formula-e","tag-calendario","tag-calendario-formula-e","tag-classificacao-formula-e","tag-ep-de-portland","tag-estados-unidos","tag-fe","tag-fe-2022","tag-formula-e","tag-formula-e-2022","tag-gen3","tag-grande-premio","tag-grande-premio-f1","tag-grandepremio","tag-portland","42wp_author-jp-nascimento"],"_links":{"self":[{"href":"https:\/\/grandepremio.com\/br\/wp-json\/wp\/v2\/posts\/106763","targetHints":{"allow":["GET"]}}],"collection":[{"href":"https:\/\/grandepremio.com\/br\/wp-json\/wp\/v2\/posts"}],"about":[{"href":"https:\/\/grandepremio.com\/br\/wp-json\/wp\/v2\/types\/post"}],"replies":[{"embeddable":true,"href":"https:\/\/grandepremio.com\/br\/wp-json\/wp\/v2\/comments?post=106763"}],"version-history":[{"count":0,"href":"https:\/\/grandepremio.com\/br\/wp-json\/wp\/v2\/posts\/106763\/revisions"}],"wp:featuredmedia":[{"embeddable":true,"href":"https:\/\/grandepremio.com\/br\/wp-json\/wp\/v2\/media\/1000638451"}],"wp:attachment":[{"href":"https:\/\/grandepremio.com\/br\/wp-json\/wp\/v2\/media?parent=106763"}],"wp:term":[{"taxonomy":"category","embeddable":true,"href":"https:\/\/grandepremio.com\/br\/wp-json\/wp\/v2\/categories?post=106763"},{"taxonomy":"post_tag","embeddable":true,"href":"https:\/\/grandepremio.com\/br\/wp-json\/wp\/v2\/tags?post=106763"},{"taxonomy":"42wp_author","embeddable":true,"href":"https:\/\/grandepremio.com\/br\/wp-json\/wp\/v2\/42wp_author?post=106763"}],"curies":[{"name":"wp","href":"https:\/\/api.w.org\/{rel}","templated":true}]}}