{"id":106771,"date":"2022-12-07T09:14:01","date_gmt":"2022-12-07T12:14:01","guid":{"rendered":"https:\/\/grandepremio.com\/br\/noticias\/formula-1-confirma-seis-corridas-sprint-2023-define-sedes-brasil-novato-catar\/"},"modified":"2022-12-07T09:51:15","modified_gmt":"2022-12-07T12:51:15","slug":"formula-1-confirma-seis-corridas-sprint-2023-define-sedes-brasil-novato-catar","status":"publish","type":"post","link":"https:\/\/grandepremio.com\/br\/f1\/formula-1-confirma-seis-corridas-sprint-2023-define-sedes-brasil-novato-catar\/","title":{"rendered":"F1 confirma seis corridas sprint para 2023 e define sedes com Brasil e novato Catar"},"content":{"rendered":"\n<figure class=\"wp-block-embed is-type-video is-provider-youtube wp-block-embed-youtube wp-embed-aspect-16-9 wp-has-aspect-ratio\"><div class=\"wp-block-embed__wrapper\">\n<iframe loading=\"lazy\" title=\"O QUE A COPA DO MUNDO J\u00c1 FEZ NOS PADDOCKS DA F1\" width=\"500\" height=\"281\" src=\"https:\/\/www.youtube.com\/embed\/OItV2hLh2AE?feature=oembed\" frameborder=\"0\" allow=\"accelerometer; autoplay; clipboard-write; encrypted-media; gyroscope; picture-in-picture; web-share\" referrerpolicy=\"strict-origin-when-cross-origin\" allowfullscreen><\/iframe>\n<\/div><figcaption>O QUE A COPA DO MUNDO J\u00c1 FEZ NOS PADDOCKS DA F1<\/figcaption><\/figure>\n\n\n\n<p class=\"wp-block-paragraph\">A <strong>F\u00f3rmula 1<\/strong> fugiu de correr no m\u00eas de dezembro deste 2022 por conta da <strong>Copa do Mundo<\/strong> de futebol, mas o notici\u00e1rio continua a acontecer. Nesta quarta-feira (7), a categoria anunciou que a temporada 2023 ter\u00e1 mesmo <strong>seis corridas sprint<\/strong> e aproveitou para oficializar quais as pra\u00e7as v\u00e3o receber o formato: Interlagos \u00e9, pelo terceiro ano seguido, uma delas.<\/p>\n\n\n\n<p class=\"wp-block-paragraph\"><strong>\u25b6\ufe0f\u00a0Inscreva-se nos dois canais do GRANDE PR\u00caMIO no YouTube:\u00a0<a href=\"https:\/\/www.youtube.com\/channel\/UC9OlHEgxoaY6QY6nWPoiqQg?sub_confirmation=1\" target=\"_blank\" rel=\"noreferrer noopener\">GP<\/a>\u00a0|\u00a0<a href=\"https:\/\/www.youtube.com\/channel\/UC9csiS6q_C3C0FYhyr1rnFA?sub_confirmation=1\" target=\"_blank\" rel=\"noreferrer noopener\">GP2<\/a><\/strong><\/p>\n\n\n\n<p class=\"wp-block-paragraph\">O <strong>GP de S\u00e3o Paulo<\/strong> \u00e9 o \u00fanico a receber corridas sprint em todos os anos desde a funda\u00e7\u00e3o. Mais uma vez, bem como foi em 2021 e 2022, a prova brasileira vai encerrar a sequ\u00eancia de provas sprint da temporada, no fim de semana de 5 de novembro. A prova \u00e9 a 20\u00ba de 22 marcadas pela temporada \u2014 <strong><a href=\"https:\/\/www.grandepremio.com\/br\/f1\/noticias\/formula-1-confirma-cancelamento-gp-china-restricoes-anti-covid\/\" class=\"ek-link\">com a exclus\u00e3o do GP da China<\/a><\/strong>.<\/p>\n\n\n\n<p class=\"wp-block-paragraph\">A primeira corrida sprint do ano vai acontecer no <strong>GP do Azerbaij\u00e3o<\/strong>, que ser\u00e1 quarta ou quinta etapa do ano, dependendo de se a F1 pretende substituir a corrida chinesa, cancelada por conta das restri\u00e7\u00f5es contra a Covid-19. A prova de Baku est\u00e1 marcada para o fim de semana de 30 de abril.<\/p>\n\n\n\n<p class=\"wp-block-paragraph\">Depois disso, o <strong>GP da \u00c1ustria<\/strong>, bem como em 2022, tamb\u00e9m recebe uma prova sprint no fim de semana de 2 de julho. \u00daltima corrida antes do recesso de ver\u00e3o, o <strong>GP da B\u00e9lgica<\/strong>, em 30 de julho, ser\u00e1 o terceiro a lidar com o formato.<\/p>\n\n\n\n<figure class=\"wp-block-image size-large\"><img decoding=\"async\" src=\"https:\/\/www.grandepremio.com\/br\/wp-content\/uploads\/2022\/07\/000_32E6246-1024x585.jpg\" alt=\"\" class=\"wp-image-594520\"\/><figcaption>Pierre Gasly, da AlphaTauri, roda ap\u00f3s toque com Lewis Hamilton, da Mercedes, na largada da sprint do GP da \u00c1ustria (Foto: Christian Bruna\/AFP) <\/figcaption><\/figure>\n\n\n\n<p class=\"wp-block-paragraph\">Na segunda parte do ano e antes do GP de S\u00e3o Paulo, ainda est\u00e3o o <strong>GP do Catar<\/strong>, no Circuito Internacional de Lusail e que passa a fazer parte fixa do calend\u00e1rio da F1, e o <strong>GP dos Estados Unidos<\/strong>, em Austin. Catar e EUA s\u00e3o corridas sequenciais, marcadas para 8 e 22 de outubro, respectivamente. Na realidade, existe uma sequ\u00eancia de quatro corridas com tr\u00eas sprints: Catar, EUA, Cidade do M\u00e9xico e S\u00e3o Paulo, onde apenas a etapa mexicana fica fora.<\/p>\n\n\n\n<p class=\"wp-block-paragraph\">O Catar recebeu a F1 em 2021 de forma emergencial para substituir o cancelado GP da Austr\u00e1lia e, ent\u00e3o, firmou acordo para entrar no calend\u00e1rio de vez em 2023. Oficialmente, o plano era a constru\u00e7\u00e3o de um novo circuito para a categoria, mas a ideia foi abandonada. <\/p>\n\n\n\n<p class=\"wp-block-paragraph\">De acordo com a F\u00f3rmula 1, a sele\u00e7\u00e3o das pra\u00e7as foi \u201cresultado de uma pesquisa com as pistas mais adequadas ao formato, incluindo oportunidades de ultrapassagem, corridas apertadas, setores de alta-velocidade \u2014 e est\u00e1 projetado para garantir a competitividade na a\u00e7\u00e3o de pista em todos os tr\u00eas dias dos fins de semana de GP\u201d. A quantidade de corridas sprint por ano era um desejo da F1 j\u00e1 para 2022, mas o plano teve de ser freado <strong><a href=\"https:\/\/www.grandepremio.com\/br\/f1\/noticias\/f1-vive-imbroglio-equipes-recua-plano-seis-corridas-sprint-2022\/\" class=\"ek-link\">ap\u00f3s desentendimento com a FIA<\/a><\/strong>. <\/p>\n\n\n\n<p class=\"wp-block-paragraph\">\u201cVimos uma rea\u00e7\u00e3o muito positiva \u00e0s corridas sprint da F\u00f3rmula 1 nos primeiros dois anos, e mal podemos esperar para trazer ainda mais a\u00e7\u00e3o aos f\u00e3s com seis eventos no pr\u00f3xmo ano, incluindo nossa primeira corrida sprint nos Estados Unidos, em Austin\u201d, disse <strong>Stefano Domenicali<\/strong>, diretor-executivo da F\u00f3rmula 1. \u201cA introdu\u00e7\u00e3o das corridas sprint na F1 criou um fim de semana que inclui tr\u00eas dias de a\u00e7\u00e3o competitiva e traz mais entretenimento aos f\u00e3s do esporte, assim como um valor adicional \u00e0s equipes, transmissoras, parceiros e pra\u00e7as\u201d, avaliou.<\/p>\n\n\n\n<p class=\"wp-block-paragraph\">Presidente da FIA (Federa\u00e7\u00e3o Internacional de Automobilismo), <strong>Mohammed Ben Sulayem<\/strong>, tamb\u00e9m se disse empolgado por ter o dobro de corridas sprint no calend\u00e1rio de 2023.<\/p>\n\n\n\n<p class=\"wp-block-paragraph\">\u201cDepois de uma forte colabora\u00e7\u00e3o entre a FIA e a FOM, e a aprova\u00e7\u00e3o o Conselho Mundial do Esporte a Motor, estamos satisfeitos em revelar os seis eventos sprint da temporada 2023\u201d, comentou Ben Sulayem. \u201cEstamos ansiosos para essa empolgante adi\u00e7\u00e3o ao calend\u00e1rio\u201d, completou.<\/p>\n\n\n\n<figure class=\"wp-block-embed is-type-video is-provider-youtube wp-block-embed-youtube wp-embed-aspect-16-9 wp-has-aspect-ratio\"><div class=\"wp-block-embed__wrapper\">\n<iframe loading=\"lazy\" title=\"SEBASTIAN VETTEL: DOS RECORDES NA F1 AO LEGADO QUE VAI AL\u00c9M DO ESPORTE\" width=\"500\" height=\"281\" src=\"https:\/\/www.youtube.com\/embed\/zW9JhOkrT0s?feature=oembed\" frameborder=\"0\" allow=\"accelerometer; autoplay; clipboard-write; encrypted-media; gyroscope; picture-in-picture; web-share\" referrerpolicy=\"strict-origin-when-cross-origin\" allowfullscreen><\/iframe>\n<\/div><figcaption>SEBASTIAN VETTEL: DOS RECORDES NA F1 AO LEGADO QUE VAI AL\u00c9M DO ESPORTE<\/figcaption><\/figure>\n","protected":false},"excerpt":{"rendered":"<p>A F\u00f3rmula 1 aproveitou a manh\u00e3 desta quarta-feira (7) para anunciar que a temporada 2023 vai contar com o dobro de corridas sprint e em quais lugares elas v\u00e3o acontecer<\/p>\n","protected":false},"author":0,"featured_media":1000632992,"comment_status":"closed","ping_status":"closed","sticky":false,"template":"","format":"standard","meta":{"42wp_featured_image_caption":"","42wp_featured_image_credits":"","42wp_featured_video":"","42wp_featured_image_hidden":false,"42wp_authors_list":[],"footnotes":""},"categories":[2],"tags":[1982,4371,783,1357,6533,26841,30722,23783,22936,26680,24976,600,24977,1491,30103,28285,124,31014,108,4613,2018],"42wp_author":[47113,47120],"class_list":["post-106771","post","type-post","status-publish","format-standard","has-post-thumbnail","hentry","category-f1","tag-austin","tag-baku","tag-brasil","tag-f1-2022","tag-f1-2023","tag-formula-1-2022","tag-formula-1-2023","tag-gp-da-austria","tag-gp-da-belgica","tag-gp-de-sao-paulo","tag-gp-do-azerbaijao","tag-gp-do-catar","tag-gp-dos-estados-unidos","tag-grande-premio","tag-grande-premio-f1","tag-grandepremio","tag-interlagos","tag-lusail","tag-spa-francorchamps","tag-spielberg","tag-sprint-race","42wp_author-juliana-tesser","42wp_author-pedro-henrique-marum"],"_links":{"self":[{"href":"https:\/\/grandepremio.com\/br\/wp-json\/wp\/v2\/posts\/106771","targetHints":{"allow":["GET"]}}],"collection":[{"href":"https:\/\/grandepremio.com\/br\/wp-json\/wp\/v2\/posts"}],"about":[{"href":"https:\/\/grandepremio.com\/br\/wp-json\/wp\/v2\/types\/post"}],"replies":[{"embeddable":true,"href":"https:\/\/grandepremio.com\/br\/wp-json\/wp\/v2\/comments?post=106771"}],"version-history":[{"count":0,"href":"https:\/\/grandepremio.com\/br\/wp-json\/wp\/v2\/posts\/106771\/revisions"}],"wp:featuredmedia":[{"embeddable":true,"href":"https:\/\/grandepremio.com\/br\/wp-json\/wp\/v2\/media\/1000632992"}],"wp:attachment":[{"href":"https:\/\/grandepremio.com\/br\/wp-json\/wp\/v2\/media?parent=106771"}],"wp:term":[{"taxonomy":"category","embeddable":true,"href":"https:\/\/grandepremio.com\/br\/wp-json\/wp\/v2\/categories?post=106771"},{"taxonomy":"post_tag","embeddable":true,"href":"https:\/\/grandepremio.com\/br\/wp-json\/wp\/v2\/tags?post=106771"},{"taxonomy":"42wp_author","embeddable":true,"href":"https:\/\/grandepremio.com\/br\/wp-json\/wp\/v2\/42wp_author?post=106771"}],"curies":[{"name":"wp","href":"https:\/\/api.w.org\/{rel}","templated":true}]}}