{"id":106772,"date":"2022-12-07T09:09:06","date_gmt":"2022-12-07T12:09:06","guid":{"rendered":"https:\/\/grandepremio.com\/br\/noticias\/ceo-f1-orgulho-medidas-inclusivas-categoria-devemos-progredir\/"},"modified":"2022-12-07T11:28:11","modified_gmt":"2022-12-07T14:28:11","slug":"ceo-f1-orgulho-medidas-inclusivas-categoria-devemos-progredir","status":"publish","type":"post","link":"https:\/\/grandepremio.com\/br\/f1\/ceo-f1-orgulho-medidas-inclusivas-categoria-devemos-progredir\/","title":{"rendered":"CEO da F1 ressalta &#8220;orgulho&#8221; por medidas inclusivas na categoria: &#8220;Devemos progredir&#8221;"},"content":{"rendered":"\n<p class=\"wp-block-paragraph\">CEO da <strong>F\u00f3rmula 1<\/strong>, <strong>Stefano Domenicali <\/strong>demonstrou orgulho pelos passos que a categoria vem tomando no sentido de promover a sustentabilidade, a diversidade e a inclus\u00e3o no esporte a motor. <a aria-label=\"O novo regulamento de unidades de pot\u00eancia de 2026 (opens in a new tab)\" href=\"https:\/\/www.grandepremio.com\/br\/f1\/noticias\/fia-aprova-novo-regulamento-motores-2026-da-luz-verde-porsche-audi\/\" target=\"_blank\" rel=\"noreferrer noopener\" class=\"ek-link\">O novo regulamento de unidades de pot\u00eancia de 2026<\/a>, inclusive, ser\u00e1 um novo passo em dire\u00e7\u00e3o ao desenvolvimento sustent\u00e1vel, assim como uma s\u00e9rie de mudan\u00e7as recentemente adotadas pela modalidade. Segundo o italiano, \u00e9 necess\u00e1rio que a F1 &#8220;continue fazendo progresso&#8221; em cada uma dessas \u00e1reas no futuro.<\/p>\n\n\n\n<p class=\"wp-block-paragraph\">&#8220;Estamos empenhados em tornar a F\u00f3rmula 1 mais sustent\u00e1vel, aumentar a diversidade e as oportunidades neste esporte incr\u00edvel&#8221;, disse Domenicali. &#8220;Continuamos focados nesses objetivos t\u00e3o importantes e seguimos fazendo um forte progresso em 2022. Estamos orgulhosos do que estamos entregando, mas sabemos que devemos continuar a progredir e entregar mudan\u00e7as positivas e duradouras para a F\u00f3rmula 1&#8221;, destacou.<\/p>\n\n\n\n<p class=\"wp-block-paragraph\"><strong>\u25b6\ufe0f&nbsp;<a href=\"https:\/\/www.twitch.tv\/grandepremio\" target=\"_blank\" rel=\"noreferrer noopener\">Conhe\u00e7a o canal do GRANDE PR\u00caMIO na Twitch clicando aqui!<\/a><\/strong><\/p>\n\n\n\n<figure class=\"wp-block-image size-full\"><img decoding=\"async\" src=\"https:\/\/www.grandepremio.com\/br\/wp-content\/uploads\/2021\/04\/domenicali.jpg.jpg\" alt=\"\" class=\"wp-image-571231\"\/><figcaption>F1 est\u00e1 cumprindo seu pr\u00f3prio plano de inclus\u00e3o e diversidade, segundo Domenicali (Foto; F1)<\/figcaption><\/figure>\n\n\n\n<p class=\"wp-block-paragraph\"><strong>\u25b6\ufe0f&nbsp;Inscreva-se nos dois canais do GRANDE PR\u00caMIO no YouTube:&nbsp;<a href=\"https:\/\/www.youtube.com\/channel\/UC9OlHEgxoaY6QY6nWPoiqQg?sub_confirmation=1\" target=\"_blank\" rel=\"noreferrer noopener\">GP<\/a>&nbsp;|&nbsp;<a href=\"https:\/\/www.youtube.com\/channel\/UC9csiS6q_C3C0FYhyr1rnFA?sub_confirmation=1\" target=\"_blank\" rel=\"noreferrer noopener\">GP2<\/a><\/strong><\/p>\n\n\n\n<p class=\"wp-block-paragraph\">O plano de Estrat\u00e9gia de Sustentabilidade lan\u00e7ado pela F\u00f3rmula 1 em 2019 foi baseado em tr\u00eas pilares: emiss\u00e3o zero de carbono at\u00e9 2030, incluindo combust\u00edveis 100% sustent\u00e1veis, deixar um legado de mudan\u00e7as positivas por onde a categoria passar e tomar medidas para tornar o esporte mais inclusivo \u2014 removendo barreiras, encorajando o talento e inspirando a mudan\u00e7a.<\/p>\n\n\n\n<p class=\"wp-block-paragraph\">Como exemplo dos passos que a F\u00f3rmula 1 tem dado em dire\u00e7\u00e3o \u00e0 diversidade, por exemplo, Domenicali citou a cria\u00e7\u00e3o da F1 Academy. A categoria, inteiramente feminina, <a href=\"https:\/\/www.grandepremio.com\/br\/f1\/noticias\/formula-1-confirma-lancamento-categoria-inteiramente-feminina-2023\/\" target=\"_blank\" aria-label=\"ser\u00e1 realizada pela primeira vez em 2023 (opens in a new tab)\" rel=\"noreferrer noopener\" class=\"ek-link\">ser\u00e1 realizada pela primeira vez em 2023<\/a> e tem o objetivo de dar experi\u00eancia para pilotas que ainda desejam entrar na escada da F\u00f3rmula 1. Com sete etapas programadas, o campeonato promete contar com o envolvimento de equipes de F2 e F3.<\/p>\n\n\n\n<p class=\"wp-block-paragraph\">&#8220;Realizamos iniciativas importantes em nossa jornada, para termos emiss\u00e3o zero de carbono at\u00e9 2030, expandimos nosso programa de bolsas de estudo para grupos sub-representados e anunciamos a F1 Academy, que oferecer\u00e1 oportunidades para jovens pilotos iniciarem suas jornadas para os n\u00edveis mais altos de nosso esporte&#8221;, ressaltou.<\/p>\n\n\n\n<figure class=\"wp-block-embed is-type-rich is-provider-spotify wp-block-embed-spotify wp-embed-aspect-21-9 wp-has-aspect-ratio\"><div class=\"wp-block-embed__wrapper\">\n<iframe title=\"Spotify Embed: Paddockast #176: O que esperar das tr\u00eas caras novas da F1 2023?\" style=\"border-radius: 12px\" width=\"100%\" height=\"152\" frameborder=\"0\" allowfullscreen allow=\"autoplay; clipboard-write; encrypted-media; fullscreen; picture-in-picture\" loading=\"lazy\" src=\"https:\/\/open.spotify.com\/embed\/episode\/1QO0ntno4NNCVrm86ahiP4?go=1&amp;sp_cid=be1c773169f6373b11c0c993f928b2f3&amp;utm_source=oembed&amp;utm_medium=desktop&amp;nd=1\"><\/iframe>\n<\/div><\/figure>\n","protected":false},"excerpt":{"rendered":"<p>Chef\u00e3o da F\u00f3rmula 1, Stefano Domenicali ressaltou as medidas que a categoria tem tomado em dire\u00e7\u00e3o ao plano de se tornar cada vez mais sustent\u00e1vel e inclusiva para novos pilotos<\/p>\n","protected":false},"author":0,"featured_media":1000606901,"comment_status":"closed","ping_status":"closed","sticky":false,"template":"","format":"standard","meta":{"42wp_featured_image_caption":"","42wp_featured_image_credits":"","42wp_featured_video":"","42wp_featured_image_hidden":false,"42wp_authors_list":[],"footnotes":""},"categories":[2],"tags":[147,1357,180,25424,1491,30103,28285,907,1901],"42wp_author":[47142],"class_list":["post-106772","post","type-post","status-publish","format-standard","has-post-thumbnail","hentry","category-f1","tag-f1","tag-f1-2022","tag-formula-1","tag-gp-de-abu-dhabi","tag-grande-premio","tag-grande-premio-f1","tag-grandepremio","tag-stefano-domenicali","tag-yas-marina","42wp_author-jp-nascimento"],"_links":{"self":[{"href":"https:\/\/grandepremio.com\/br\/wp-json\/wp\/v2\/posts\/106772","targetHints":{"allow":["GET"]}}],"collection":[{"href":"https:\/\/grandepremio.com\/br\/wp-json\/wp\/v2\/posts"}],"about":[{"href":"https:\/\/grandepremio.com\/br\/wp-json\/wp\/v2\/types\/post"}],"replies":[{"embeddable":true,"href":"https:\/\/grandepremio.com\/br\/wp-json\/wp\/v2\/comments?post=106772"}],"version-history":[{"count":0,"href":"https:\/\/grandepremio.com\/br\/wp-json\/wp\/v2\/posts\/106772\/revisions"}],"wp:featuredmedia":[{"embeddable":true,"href":"https:\/\/grandepremio.com\/br\/wp-json\/wp\/v2\/media\/1000606901"}],"wp:attachment":[{"href":"https:\/\/grandepremio.com\/br\/wp-json\/wp\/v2\/media?parent=106772"}],"wp:term":[{"taxonomy":"category","embeddable":true,"href":"https:\/\/grandepremio.com\/br\/wp-json\/wp\/v2\/categories?post=106772"},{"taxonomy":"post_tag","embeddable":true,"href":"https:\/\/grandepremio.com\/br\/wp-json\/wp\/v2\/tags?post=106772"},{"taxonomy":"42wp_author","embeddable":true,"href":"https:\/\/grandepremio.com\/br\/wp-json\/wp\/v2\/42wp_author?post=106772"}],"curies":[{"name":"wp","href":"https:\/\/api.w.org\/{rel}","templated":true}]}}