{"id":10679,"date":"2026-03-25T10:55:45","date_gmt":"2026-03-25T13:55:45","guid":{"rendered":"https:\/\/grandepremio.com\/br\/noticias\/fia-adiciona-segunda-zona-ativacao-modo-reta-gp-do-japao-formula-1\/"},"modified":"2026-03-25T12:01:25","modified_gmt":"2026-03-25T15:01:25","slug":"fia-adiciona-segunda-zona-ativacao-modo-reta-gp-do-japao-formula-1","status":"publish","type":"post","link":"https:\/\/grandepremio.com\/br\/f1\/fia-adiciona-segunda-zona-ativacao-modo-reta-gp-do-japao-formula-1\/","title":{"rendered":"FIA adiciona segunda zona de ativa\u00e7\u00e3o do Modo Reta no GP do Jap\u00e3o de F1"},"content":{"rendered":"\n<p class=\"wp-block-paragraph\">A <strong>Federa\u00e7\u00e3o Internacional de Automobilismo (FIA)<\/strong> adicionou uma segunda zona de ativa\u00e7\u00e3o do <strong>Modo Reta<\/strong> no <strong>GP do Jap\u00e3o<\/strong> deste fim de semana. A novidade acontece na reta entre as curvas Spoon e a lend\u00e1ria 130R, um dos trechos mais desafiadores do calend\u00e1rio da <strong>F\u00f3rmula 1<\/strong>. At\u00e9 2025, com o DRS, o circuito de <strong>Suzuka <\/strong>contava com apenas uma zona de utiliza\u00e7\u00e3o, localizada na reta principal.<\/p>\n\n\n\n<p class=\"wp-block-paragraph\">Ser\u00e1 a primeira vez desde 2012 que um mecanismo semelhante ao DRS estar\u00e1 dispon\u00edvel nesse trecho espec\u00edfico de Suzuka durante um fim de semana de corrida. Ap\u00f3s a introdu\u00e7\u00e3o do sistema, em 2011, os pilotos podiam utiliz\u00e1-lo livremente em treinos e classifica\u00e7\u00e3o, mas a FIA imp\u00f4s restri\u00e7\u00f5es a partir de 2013 por quest\u00f5es de seguran\u00e7a.<\/p>\n\n\n\n<figure class=\"wp-block-embed is-type-video is-provider-youtube wp-block-embed-youtube wp-embed-aspect-16-9 wp-has-aspect-ratio\"><div class=\"wp-block-embed__wrapper\">\n<iframe loading=\"lazy\" title=\"GOI\u00c2NIA VIRA UM DESASTRE NA MOTOGP E A F1 TEM BOMBA COM BORTOLETO | Paddock GP #448\" width=\"500\" height=\"281\" src=\"https:\/\/www.youtube.com\/embed\/64gFVYs3sZM?feature=oembed\" frameborder=\"0\" allow=\"accelerometer; autoplay; clipboard-write; encrypted-media; gyroscope; picture-in-picture; web-share\" referrerpolicy=\"strict-origin-when-cross-origin\" allowfullscreen><\/iframe>\n<\/div><\/figure>\n\n\n\n<h3 class=\"wp-block-heading\" id=\"h-gp-experience-o-novo-produto-do-grande-premio-conecta-voce-aos-maiores-eventos-de-esporte-a-motor-do-mundo-va-para-indianapolis-com-a-gente-saiba-aqui-todos-os-detalhes\"><strong><mark style=\"background-color:rgba(0, 0, 0, 0)\" class=\"has-inline-color has-vivid-red-color\">+ GP EXPERIENCE: o novo produto do GRANDE PR\u00caMIO conecta voc\u00ea aos maiores eventos de esporte a motor do mundo. V\u00e1 para Indian\u00e1polis com a gente:\u00a0<a href=\"https:\/\/gpexperience.tur.br\/\" target=\"_blank\" rel=\"noreferrer noopener\">saiba aqui todos os detalhes<\/a>.<\/mark><\/strong><\/h3>\n\n\n\n<p class=\"wp-block-paragraph\">Essa n\u00e3o \u00e9 a \u00fanica novidade no trecho para a etapa desta temporada. No fim de 2025, <a href=\"https:\/\/www.grandepremio.com\/br\/f1\/noticias\/suzuka-passa-mudancas-pista-antes-receber-gp-japao-f1-2026\/\">a parte oeste do circuito foi reasfaltada<\/a>. Portanto, o tra\u00e7ado deve ter menos ader\u00eancia, em especial no come\u00e7o do final de semana. Conforme as sess\u00f5es foram avan\u00e7ando, a tend\u00eancia \u00e9 de que a borracha deixada na pista de Suzuka torne o asfalto menos escorregadio.<\/p>\n\n\n\n<p class=\"wp-block-paragraph\">O setor entre Spoon e 130R, al\u00e9m de veloz, \u00e9 um dos mais estreitos do circuito e conta com \u00e1reas de escape limitadas. A curva ficou marcada por acidentes fortes ao longo dos anos, incluindo o de <strong>Allan McNish<\/strong>, que sofreu um impacto de 69G em 2002 ap\u00f3s perder o controle e ultrapassar a barreira de prote\u00e7\u00e3o. Mais recentemente, <strong>Luke Browning<\/strong> tamb\u00e9m protagonizou um momento semelhante no local durante testes da <strong>Super Formula<\/strong>, <a href=\"https:\/\/www.grandepremio.com\/br\/video\/super-formula\/piloto-williams-capota-apos-forte-batida-teste-super-formula-suzuka\/\">com o carro capotando e ultrapassando as prote\u00e7\u00f5es do circuito<\/a>.<\/p>\n\n\n\n\n\n\n\n<p class=\"wp-block-paragraph\">Historicamente, a FIA j\u00e1 retirou zonas de DRS durante fins de semana de corrida ap\u00f3s reclama\u00e7\u00f5es de seguran\u00e7a em reuni\u00f5es com pilotos. Um exemplo recente aconteceu no <strong>GP da Austr\u00e1lia<\/strong> de 2022, quando o uso do sistema no trecho de alta velocidade antes da chicane das curvas 9 e 10 foi suspenso.<\/p>\n\n\n\n<p class=\"wp-block-paragraph\">Mesmo com esse hist\u00f3rico, a FIA manteve uma zona de Modo Reta no circuito de Albert Park na etapa realizada neste m\u00eas, indicando uma abordagem mais agressiva na utiliza\u00e7\u00e3o do novo sistema em 2026.<\/p>\n\n\n\n<p class=\"wp-block-paragraph\">A mudan\u00e7a faz parte da nova filosofia aerodin\u00e2mica da F1, que substituiu o antigo DRS por um sistema de aerodin\u00e2mica ativa. Diferentemente do modelo anterior, que atuava apenas na asa traseira, o novo mecanismo permite o ajuste tanto da asa dianteira quanto da traseira ao longo da volta.<\/p>\n\n\n\n<p class=\"wp-block-paragraph\">O chamado Modo Reta reduz o arrasto aerodin\u00e2mico para maximizar a velocidade em trechos de acelera\u00e7\u00e3o plena. J\u00e1 nas curvas, os carros retornam \u00e0 configura\u00e7\u00e3o padr\u00e3o para aumentar o n\u00edvel de downforce e garantir maior ader\u00eancia.<\/p>\n\n\n\n<p class=\"wp-block-paragraph\" id=\"h-gp-experience-o-novo-produto-do-grande-premio-conecta-voce-aos-maiores-eventos-de-esporte-a-motor-do-mundo-va-para-indianapolis-com-a-gente-saiba-aqui-todos-os-detalhes\">A F1 volta \u00e0 pista para a terceira etapa da temporada neste fim de semana, no&nbsp;<strong>GP do Jap\u00e3o<\/strong>, entre os dias&nbsp;<strong>27 e 29 de mar\u00e7o<\/strong>. O&nbsp;<strong>GRANDE PR\u00caMIO<\/strong>&nbsp;acompanha todas as atividades<a href=\"https:\/\/www.grandepremio.com\/br\/ao-vivo\/f1\/\">&nbsp;<strong>AO VIVO E EM&nbsp;<\/strong><\/a><strong><a href=\"https:\/\/www.grandepremio.com\/br\/ao-vivo\/\" target=\"_blank\" rel=\"noreferrer noopener\">TEMPO REAL<\/a><\/strong>,&nbsp;<a href=\"https:\/\/www.youtube.com\/@GrandePremio1\/streams\">al\u00e9m de classifica\u00e7\u00e3o e corrida em&nbsp;<strong>SEGUNDA TELA&nbsp;<\/strong>no YouTube<\/a>, em parceria com a&nbsp;<strong>Voz do Esporte<\/strong>. O&nbsp;<strong>Briefing&nbsp;<\/strong>chega para analisar ap\u00f3s o fim de cada dia de atividades nas redes sociais e na&nbsp;<strong>GPTV<\/strong>.<\/p>\n\n\n\n<h2 class=\"wp-block-heading\" id=\"h-gp-do-japao-de-f1-veja-os-horarios-em-brasil-cabo-verde-nbsp-portugal-angola-e-mocambique\"><strong>GP do Jap\u00e3o de F1: veja os hor\u00e1rios em Brasil, Cabo Verde,&nbsp;<a href=\"https:\/\/grandepremio.pt\/\" target=\"_blank\" rel=\"noreferrer noopener\">Portugal<\/a>, Angola e Mo\u00e7ambique:<\/strong><\/h2>\n\n\n\n<figure class=\"wp-block-table\"><table class=\"has-fixed-layout\"><tbody><tr><td class=\"has-text-align-left\" data-align=\"left\"><strong>Sess\u00e3o<\/strong><\/td><td class=\"has-text-align-left\" data-align=\"left\"><strong>BRA*<\/strong><\/td><td class=\"has-text-align-left\" data-align=\"left\"><strong>CBV<\/strong><\/td><td class=\"has-text-align-left\" data-align=\"left\"><strong>POR<\/strong><br><strong>ANG<\/strong><\/td><td class=\"has-text-align-left\" data-align=\"left\"><strong>MOZ<\/strong><\/td><\/tr><tr><td class=\"has-text-align-left\" data-align=\"left\">Treino livre 1<\/td><td class=\"has-text-align-left\" data-align=\"left\">23:30<\/td><td class=\"has-text-align-left\" data-align=\"left\">01:30<\/td><td class=\"has-text-align-left\" data-align=\"left\">03:30<\/td><td class=\"has-text-align-left\" data-align=\"left\">04:30<\/td><\/tr><tr><td class=\"has-text-align-left\" data-align=\"left\">Treino livre 2<\/td><td class=\"has-text-align-left\" data-align=\"left\">03:00<\/td><td class=\"has-text-align-left\" data-align=\"left\">05:30<\/td><td class=\"has-text-align-left\" data-align=\"left\">07:00<\/td><td class=\"has-text-align-left\" data-align=\"left\">08:00<\/td><\/tr><tr><td class=\"has-text-align-left\" data-align=\"left\">Treino livre 3<\/td><td class=\"has-text-align-left\" data-align=\"left\">23:30<\/td><td class=\"has-text-align-left\" data-align=\"left\">01:30<\/td><td class=\"has-text-align-left\" data-align=\"left\">03:30<\/td><td class=\"has-text-align-left\" data-align=\"left\">04:30<\/td><\/tr><tr><td class=\"has-text-align-left\" data-align=\"left\">Classifica\u00e7\u00e3o<\/td><td class=\"has-text-align-left\" data-align=\"left\">03:00<\/td><td class=\"has-text-align-left\" data-align=\"left\">05:30<\/td><td class=\"has-text-align-left\" data-align=\"left\">07:00<\/td><td class=\"has-text-align-left\" data-align=\"left\">08:00<\/td><\/tr><tr><td class=\"has-text-align-left\" data-align=\"left\">Corrida<\/td><td class=\"has-text-align-left\" data-align=\"left\">02:00<\/td><td class=\"has-text-align-left\" data-align=\"left\">04:30<\/td><td class=\"has-text-align-left\" data-align=\"left\">06:00<\/td><td class=\"has-text-align-left\" data-align=\"left\">07:00<\/td><\/tr><\/tbody><\/table><\/figure>\n\n\n\n<p class=\"wp-block-paragraph\"><em>*Hor\u00e1rio de Bras\u00edlia<\/em><\/p>\n\n\n\n<p class=\"wp-block-paragraph\">\u25b6\ufe0f\u00a0<strong>Inscreva-se nos dois canais do GRANDE PR\u00caMIO no YouTube:\u00a0<a href=\"https:\/\/www.youtube.com\/channel\/UC9OlHEgxoaY6QY6nWPoiqQg?sub_confirmation=1\">GP<\/a>\u00a0|\u00a0<a href=\"https:\/\/www.youtube.com\/channel\/UC9csiS6q_C3C0FYhyr1rnFA?sub_confirmation=1\">GPTV<\/a><\/strong><\/p>\n\n\n\n<h2 class=\"wp-block-heading\" id=\"h-f1-hoje-saiba-aqui-as-noticias-mais-importantes-do-dia-da-formula-1\"><strong>F1 hoje: saiba aqui as not\u00edcias mais importantes do dia da F\u00f3rmula 1<\/strong><\/h2>\n\n\n\n<p class=\"wp-block-paragraph\" id=\"h-f1-hoje-saiba-aqui-as-noticias-mais-importantes-do-dia-da-formula-1-10-temporadas-em-que-a-f1-cancelou-ao-menos-uma-corrida-haas-se-inspira-em-godzilla-e-divulga-pintura-especial-para-o-gp-do-japao-lawson-expressa-surpresa-com-nivel-do-motor-red-bull-ford-nao-estavamos-confiantes\"><strong>\u25b6\ufe0f <a href=\"https:\/\/www.grandepremio.com\/br\/f1\/noticias\/f1-ve-prioridade-estuda-ajustes-sessao-classificacao-a-partir-gp-de-miami\/\">F1 v\u00ea como prioridade e estuda ajustes na sess\u00e3o de classifica\u00e7\u00e3o a partir do GP de Miami<\/a><br>\u25b6\ufe0f <a href=\"https:\/\/www.grandepremio.com\/br\/video\/turismo\/max-verstappen-vai-pista-fuji-testar-carro-gt-nissan\/\">Verstappen vai \u00e0 pista em Fuji para testar carro GT da Nissan<\/a><br>\u25b6\ufe0f <a href=\"https:\/\/www.grandepremio.com\/br\/f1\/noticias\/como-williams-pretende-usar-cada-hora-pausa-formula-1-para-recuperar-inicio-dificil\/\">Como Williams pretende usar \u201ccada hora\u201d de pausa da F1 para se recuperar de in\u00edcio dif\u00edcil<\/a><br>\u25b6\ufe0f <a href=\"https:\/\/www.grandepremio.com\/br\/f1\/noticias\/oscar-piastri-critica-motores-complexos-demais-f1-pilotos-podem-fazer-nada\/\">Piastri critica motores \u201ccomplexos demais\u201d da F1: \u201cPilotos n\u00e3o podem fazer nada\u201d<\/a><br>\u25b6\ufe0f <a href=\"https:\/\/www.grandepremio.com\/br\/f1\/noticias\/mercedes-elogia-george-russell-andrea-kimi-antonelli-reavalia-interesse-max-verstappen-f1\/\">Mercedes elogia Russell e Antonelli e reavalia interesse em Verstappen na F1<\/a><\/strong><a href=\"https:\/\/www.grandepremio.com\/br\/chefao\/\" target=\"_blank\" rel=\"noreferrer noopener\"><\/a><\/p>\n","protected":false},"excerpt":{"rendered":"<p>Reta que leva \u00e0 lend\u00e1ria curva 130R ter\u00e1 zona de ativa\u00e7\u00e3o do Modo Reta. At\u00e9 2025, DRS s\u00f3 podia ser utilizado na reta principal por motivos de seguran\u00e7a<\/p>\n","protected":false},"author":0,"featured_media":1000949988,"comment_status":"closed","ping_status":"closed","sticky":false,"template":"","format":"standard","meta":{"42wp_featured_image_caption":"","42wp_featured_image_credits":"","42wp_featured_video":"","42wp_featured_image_hidden":false,"42wp_authors_list":[],"footnotes":""},"categories":[2],"tags":[4867,26271,5273,147,29516,29148,25893,103,180,31425,28995,3023,38972,1491,28285,30840,24855,46326,32659,33941,35129,608,46327,32660,31470],"42wp_author":[47164],"class_list":["post-10679","post","type-post","status-publish","format-standard","has-post-thumbnail","hentry","category-f1","tag-allan-mcnish","tag-calendario-f1","tag-classificacao-f1","tag-f1","tag-f1-2026","tag-f1-hoje","tag-federacao-internacional-de-automobilismo","tag-fia","tag-formula-1","tag-formula-1-2026","tag-formula-1-hoje","tag-gp-do-japao","tag-gp-do-japao-f1","tag-grande-premio","tag-grandepremio","tag-horarios-f1","tag-japao","tag-japao-2026","tag-japao-f1","tag-luke-browning","tag-onde-assistir-f1","tag-suzuka","tag-suzuka-2026","tag-suzuka-f1","tag-temporada-2026-f1","42wp_author-marcos-gil-ribeiro"],"_links":{"self":[{"href":"https:\/\/grandepremio.com\/br\/wp-json\/wp\/v2\/posts\/10679","targetHints":{"allow":["GET"]}}],"collection":[{"href":"https:\/\/grandepremio.com\/br\/wp-json\/wp\/v2\/posts"}],"about":[{"href":"https:\/\/grandepremio.com\/br\/wp-json\/wp\/v2\/types\/post"}],"replies":[{"embeddable":true,"href":"https:\/\/grandepremio.com\/br\/wp-json\/wp\/v2\/comments?post=10679"}],"version-history":[{"count":0,"href":"https:\/\/grandepremio.com\/br\/wp-json\/wp\/v2\/posts\/10679\/revisions"}],"wp:featuredmedia":[{"embeddable":true,"href":"https:\/\/grandepremio.com\/br\/wp-json\/wp\/v2\/media\/1000949988"}],"wp:attachment":[{"href":"https:\/\/grandepremio.com\/br\/wp-json\/wp\/v2\/media?parent=10679"}],"wp:term":[{"taxonomy":"category","embeddable":true,"href":"https:\/\/grandepremio.com\/br\/wp-json\/wp\/v2\/categories?post=10679"},{"taxonomy":"post_tag","embeddable":true,"href":"https:\/\/grandepremio.com\/br\/wp-json\/wp\/v2\/tags?post=10679"},{"taxonomy":"42wp_author","embeddable":true,"href":"https:\/\/grandepremio.com\/br\/wp-json\/wp\/v2\/42wp_author?post=10679"}],"curies":[{"name":"wp","href":"https:\/\/api.w.org\/{rel}","templated":true}]}}