{"id":106836,"date":"2022-12-04T10:44:20","date_gmt":"2022-12-04T13:44:20","guid":{"rendered":"https:\/\/grandepremio.com\/br\/noticias\/alex-rins-opera-sindrome-compartimental-preparacao-temporada-2023-motogp\/"},"modified":"2022-12-04T10:45:15","modified_gmt":"2022-12-04T13:45:15","slug":"alex-rins-opera-sindrome-compartimental-preparacao-temporada-2023-motogp","status":"publish","type":"post","link":"https:\/\/grandepremio.com\/br\/motogp\/alex-rins-opera-sindrome-compartimental-preparacao-temporada-2023-motogp\/","title":{"rendered":"Rins opera s\u00edndrome compartimental em prepara\u00e7\u00e3o para temporada 2023 da MotoGP"},"content":{"rendered":"\n<p class=\"wp-block-paragraph\"><strong>\u00c1lex Rins<\/strong> aproveitou o per\u00edodo de f\u00e9rias da <strong>MotoGP <\/strong>para passar por uma cirurgia para se preparar para a temporada 2023. O <a href=\"https:\/\/www.grandepremio.com\/br\/motogp\/noticias\/alex-rins-lcr-honda-assina-contrato-duas-temporadas-motogp\/\" class=\"ek-link\">futuro titular da<strong> LCR Honda<\/strong><\/a><strong> <\/strong>revelou pelas redes sociais que fez \u201cfunilaria e pintura\u201d no bra\u00e7o direito para \u201cchegar pronto\u201d no pr\u00f3ximo campeonato.<\/p>\n\n\n\n<p class=\"wp-block-paragraph\">O procedimento aconteceu na \u00faltima sexta-feira (2), no Hospital Ruber Internacional, em Madri, e foi feito pelo Dr. Ignacio Roger de O\u00f1a, especialista em cirurgia de m\u00e3o e punho, microcirurgia e reconstru\u00e7\u00e3o microcir\u00fargica dos membros superiores e inferiores e cirurgia do nervo perif\u00e9rico.<\/p>\n\n\n\n<figure class=\"wp-block-image size-large\"><img decoding=\"async\" src=\"https:\/\/www.grandepremio.com\/br\/wp-content\/uploads\/2022\/12\/mgpfans-love-and-farewell11-1024x683.jpg\" alt=\"\" class=\"wp-image-637791\"\/><figcaption>\u00c1lex Rins venceu a \u00faltima corrida da Suzuki na MotoGP antes de ir para Honda em 2023 (Foto; Suzuki)<\/figcaption><\/figure>\n\n\n\n<p class=\"wp-block-paragraph\"><strong>\u25b6\ufe0f&nbsp;Inscreva-se nos dois canais do GRANDE PR\u00caMIO no YouTube:&nbsp;<a href=\"https:\/\/www.youtube.com\/channel\/UC9OlHEgxoaY6QY6nWPoiqQg?sub_confirmation=1\" target=\"_blank\" rel=\"noreferrer noopener\">GP<\/a>&nbsp;|&nbsp;<a href=\"https:\/\/www.youtube.com\/channel\/UC9csiS6q_C3C0FYhyr1rnFA?sub_confirmation=1\" target=\"_blank\" rel=\"noreferrer noopener\">GP2<\/a><\/strong><\/p>\n\n\n\n<p class=\"wp-block-paragraph\">Ao <strong>GRANDE PR\u00caMIO<\/strong>, Miguel Galvarriato, agente de Rins, confirmou que a opera\u00e7\u00e3o foi feita para tratar a s\u00edndrome compartimental. Tamb\u00e9m conhecida como arm pump, a s\u00edndrome \u00e9 resultado do aumento da press\u00e3o em uma determinada \u00e1rea do corpo, com a queda na perfus\u00e3o sangu\u00ednea de m\u00fasculos e \u00f3rg\u00e3os. O problema \u00e9 bastante frequente em pilotos de moto.<\/p>\n\n\n\n<p class=\"wp-block-paragraph\">De acordo com o empres\u00e1rio, o problema n\u00e3o era muito grave e a cirurgia correu \u201cmuito bem\u201d.<\/p>\n\n\n\n<p class=\"wp-block-paragraph\">No Instagram, Rins tamb\u00e9m mostrou estar bem ap\u00f3s a interven\u00e7\u00e3o.<\/p>\n\n\n\n<p class=\"wp-block-paragraph\">\u201cPequena repara\u00e7\u00e3o de funilaria e pintura hoje para chegar pronto em 2023, quando teremos trabalho a fazer\u201d, escreveu. \u201cObrigado ao Dr. Roger de O\u00f1a e a sua equipe\u201d, encerrou.<\/p>\n\n\n\n<figure class=\"wp-block-embed is-type-rich is-provider-twitter wp-block-embed-twitter\"><div class=\"wp-block-embed__wrapper\">\n<blockquote class=\"twitter-tweet\" data-width=\"500\" data-dnt=\"true\"><p lang=\"es\" dir=\"ltr\">Peque\u00f1a reparaci\u00f3n de chapa y pintura hoy para llegar a tope al 2023, que tenemos trabajo que hacer\ud83d\udee0\ufe0f! Gracias a todos los doctores \ud83d\udcaa\ud83c\udffb <br><br>Small surgery today to be at 100% for the next year, we\u2019ve got some work to do\ud83d\udee0\ufe0f! Thanks to all doctors \ud83d\udcaa\ud83c\udffb<a href=\"https:\/\/x.com\/hashtag\/MotoGP?src=hash&amp;ref_src=twsrc%5Etfw\">#MotoGP<\/a> <a href=\"https:\/\/x.com\/hashtag\/42ins?src=hash&amp;ref_src=twsrc%5Etfw\">#42ins<\/a> <a href=\"https:\/\/x.com\/hashtag\/preseason?src=hash&amp;ref_src=twsrc%5Etfw\">#preseason<\/a> <a href=\"https:\/\/t.co\/UvS5Ot224T\">pic.twitter.com\/UvS5Ot224T<\/a><\/p>&mdash; Alex Rins (@Rins42) <a href=\"https:\/\/x.com\/Rins42\/status\/1598722706886778881?ref_src=twsrc%5Etfw\">December 2, 2022<\/a><\/blockquote><script async src=\"https:\/\/platform.x.com\/widgets.js\" charset=\"utf-8\"><\/script>\n<\/div><\/figure>\n\n\n\n<p class=\"wp-block-paragraph\">Depois de seis temporadas guiando a <strong>GSX-RR<\/strong>, Rins ter\u00e1 um novo desafio pela frente: se acostumar com a <strong>RC213V <\/strong>da <strong>Honda<\/strong>, j\u00e1 que vai formar dupla com <strong>Takaaki Nakagami <\/strong>na <strong>LCR <\/strong>a partir do pr\u00f3ximo ano, na esteira da sa\u00edda da <strong>Suzuki <\/strong>da <strong>MotoGP<\/strong>. A chegada a marcada da as dourada, por\u00e9m, acontece em um momento duro, j\u00e1 que falta competitividade ao famoso prot\u00f3tipo.<\/p>\n","protected":false},"excerpt":{"rendered":"<p>Pelas redes sociais, o futuro piloto da LCR Honda brincou que fez \u201cfunilaria e pintura\u201d no bra\u00e7o direito para poder estar 100% para 2023. Ao GRANDE PR\u00caMIO, agente do espanhol confirmou que o procedimento correu bem <\/p>\n","protected":false},"author":0,"featured_media":1000637789,"comment_status":"closed","ping_status":"closed","sticky":false,"template":"","format":"standard","meta":{"42wp_featured_image_caption":"","42wp_featured_image_credits":"","42wp_featured_video":"","42wp_featured_image_hidden":false,"42wp_authors_list":[],"footnotes":""},"categories":[8],"tags":[2335,5214,28285,2825,79,78,2997,30733,30728,30734,25819,29345,28766,32147,26690,134],"42wp_author":[47113],"class_list":["post-106836","post","type-post","status-publish","format-standard","has-post-thumbnail","hentry","category-motogp","tag-alex-rins","tag-classificacao-motogp","tag-grandepremio","tag-lcr-honda","tag-moto-gp","tag-motogp","tag-motogp-2022","tag-motogp-2022-calendario","tag-motogp-calendario-2022","tag-motogp-classificacao-2022","tag-motogp-hoje","tag-motogp-horario","tag-motogp-standings","tag-onde-assistir-motogp-2022","tag-pilotos-motogp","tag-suzuki","42wp_author-juliana-tesser"],"_links":{"self":[{"href":"https:\/\/grandepremio.com\/br\/wp-json\/wp\/v2\/posts\/106836","targetHints":{"allow":["GET"]}}],"collection":[{"href":"https:\/\/grandepremio.com\/br\/wp-json\/wp\/v2\/posts"}],"about":[{"href":"https:\/\/grandepremio.com\/br\/wp-json\/wp\/v2\/types\/post"}],"replies":[{"embeddable":true,"href":"https:\/\/grandepremio.com\/br\/wp-json\/wp\/v2\/comments?post=106836"}],"version-history":[{"count":0,"href":"https:\/\/grandepremio.com\/br\/wp-json\/wp\/v2\/posts\/106836\/revisions"}],"wp:featuredmedia":[{"embeddable":true,"href":"https:\/\/grandepremio.com\/br\/wp-json\/wp\/v2\/media\/1000637789"}],"wp:attachment":[{"href":"https:\/\/grandepremio.com\/br\/wp-json\/wp\/v2\/media?parent=106836"}],"wp:term":[{"taxonomy":"category","embeddable":true,"href":"https:\/\/grandepremio.com\/br\/wp-json\/wp\/v2\/categories?post=106836"},{"taxonomy":"post_tag","embeddable":true,"href":"https:\/\/grandepremio.com\/br\/wp-json\/wp\/v2\/tags?post=106836"},{"taxonomy":"42wp_author","embeddable":true,"href":"https:\/\/grandepremio.com\/br\/wp-json\/wp\/v2\/42wp_author?post=106836"}],"curies":[{"name":"wp","href":"https:\/\/api.w.org\/{rel}","templated":true}]}}