{"id":106856,"date":"2022-12-02T14:48:02","date_gmt":"2022-12-02T17:48:02","guid":{"rendered":"https:\/\/grandepremio.com\/br\/noticias\/ex-f2-marcus-armstrong-acerta-ganassi-disputa-mistos-circuitos-rua-indy-2023\/"},"modified":"2022-12-02T15:02:51","modified_gmt":"2022-12-02T18:02:51","slug":"ex-f2-marcus-armstrong-acerta-ganassi-disputa-mistos-circuitos-rua-indy-2023","status":"publish","type":"post","link":"https:\/\/grandepremio.com\/br\/indy\/ex-f2-marcus-armstrong-acerta-ganassi-disputa-mistos-circuitos-rua-indy-2023\/","title":{"rendered":"Ex-F2, Armstrong acerta com Ganassi e disputa mistos e circuitos de rua na Indy em 2023"},"content":{"rendered":"\n<p class=\"wp-block-paragraph\">A <strong>Chip Ganassi Racing<\/strong> est\u00e1 perto de fechar com um novo piloto para a temporada 2023 da Indy. Trata-se do neozeland\u00eas <strong>Marcus Armstrong<\/strong>, que deve assumir, segundo o site da revista americana Racer, o carro #11 do time nos circuitos mistos e de rua. Um outro piloto deve ser anunciado para as corridas em ovais.<\/p>\n\n\n\n<p class=\"wp-block-paragraph\">Ex-membro da academia de jovens pilotos da Ferrari, Armstrong tem 22 anos e foi vice-campe\u00e3o da F\u00f3rmula 3 em 2019. O piloto fez tr\u00eas temporadas de F\u00f3rmula 1 pelas equipes ART Grand Prix, DAMS e Hitech, terminando todas na 13\u00aa coloca\u00e7\u00e3o. Seu melhor ano foi justamente 2022, quando venceu as corridas sprints de \u00cdmola, Red Bull Ring e Zandvoort.<\/p>\n\n\n\n<p class=\"wp-block-paragraph\">Armstrong e o piloto a ser anunciados v\u00e3o substituir Jimmie Johnson. O heptacampe\u00e3o da Nascar pilotou na Ganassi nas \u00faltimas duas temporadas, mas optou por deixar a Indy para concentrar esfor\u00e7os na Petty GMS Motorsports, equipe da Nascar na qual virou um dos s\u00f3cios e far\u00e1 participa\u00e7\u00f5es pontuais.<\/p>\n\n\n\n<p class=\"wp-block-paragraph\"><strong>\u25b6\ufe0f\u00a0Inscreva-se nos dois canais do GRANDE PR\u00caMIO no YouTube:\u00a0<a href=\"https:\/\/www.youtube.com\/channel\/UC9OlHEgxoaY6QY6nWPoiqQg?sub_confirmation=1\" target=\"_blank\" rel=\"noreferrer noopener\">GP<\/a>\u00a0|\u00a0<a href=\"https:\/\/www.youtube.com\/channel\/UC9csiS6q_C3C0FYhyr1rnFA?sub_confirmation=1\" target=\"_blank\" rel=\"noreferrer noopener\">GP2<\/a><\/strong><br><strong>\u25b6\ufe0f\u00a0<a href=\"https:\/\/www.twitch.tv\/grandepremio\" target=\"_blank\" rel=\"noreferrer noopener\">Conhe\u00e7a o canal do GRANDE PR\u00caMIO na Twitch clicando aqui!<\/a><\/strong><\/p>\n\n\n\n<figure class=\"wp-block-image size-full\"><img decoding=\"async\" src=\"https:\/\/www.grandepremio.com\/br\/wp-content\/uploads\/2020\/05\/Marcus-Armstrong-1.jpeg\" alt=\"\" class=\"wp-image-610204\"\/><figcaption>Marcus Armstrong comemora vit\u00f3ria na corrida sprint da Holanda na F2 (Foto: F2)<\/figcaption><\/figure>\n\n\n\n<p class=\"wp-block-paragraph\">Com a chegada de Armstrong, a Indy passa a ter tr\u00eas pilotos neozelandeses. Um deles ser\u00e1 companheiro de equipe de Marcus, o hexacampe\u00e3o Scott Dixon. O outro nome \u00e9 Scott McLaughlin, piloto da <a href=\"https:\/\/www.grandepremio.com\/br\/indy\/noticias\/will-power-divulga-video-acidente-kart-revela-fratura-costelas\/\" class=\"ek-link\">Penske<\/a>, que foi quarto colocado na \u00faltima temporada.<\/p>\n\n\n\n<p class=\"wp-block-paragraph\">O curioso \u00e9 que n\u00e3o \u00e9 a primeira vez que a Ganassi tenta juntar dois neozelandeses no mesmo time. Em 2017, o time chegou a assinar contrato com Brendon Hartley. Por\u00e9m, o v\u00ednculo foi quebrado quando o piloto recebeu um chamado para guiar na Toro Rosso na F1.<\/p>\n\n\n\n<p class=\"wp-block-paragraph\">A temporada 2023 da Indy est\u00e1 marcada para come\u00e7ar no dia 5 de mar\u00e7o, com o GP de S\u00e3o Petersburgo, na Fl\u00f3rida. Al\u00e9m de Dixon e Armstrong, a Ganassi tamb\u00e9m ter\u00e1 os pilotos \u00c1lex Palou &#8211; campe\u00e3o em 2021 &#8211; e Marcus Ericsson, atual vencedor das 500 Milhas de Indian\u00e1polis. <\/p>\n","protected":false},"excerpt":{"rendered":"<p>Ap\u00f3s tr\u00eas temporadas de F\u00f3rmula 2, Marcus Armstrong est\u00e1 de malas prontas para a Indy. Piloto acertou com Ganassi para competir em ovais e mistos em 2023<\/p>\n","protected":false},"author":0,"featured_media":1000561685,"comment_status":"closed","ping_status":"closed","sticky":false,"template":"","format":"standard","meta":{"42wp_featured_image_caption":"","42wp_featured_image_credits":"","42wp_featured_video":"","42wp_featured_image_hidden":false,"42wp_authors_list":[],"footnotes":""},"categories":[3],"tags":[2591,619,1595,1491,28285,93,25977,3352],"42wp_author":[47119],"class_list":["post-106856","post","type-post","status-publish","format-standard","has-post-thumbnail","hentry","category-indy","tag-chip-ganassi","tag-formula-indy","tag-ganassi","tag-grande-premio","tag-grandepremio","tag-indy","tag-indy-2023","tag-marcus-armstrong","42wp_author-gabriel-carvalho"],"_links":{"self":[{"href":"https:\/\/grandepremio.com\/br\/wp-json\/wp\/v2\/posts\/106856","targetHints":{"allow":["GET"]}}],"collection":[{"href":"https:\/\/grandepremio.com\/br\/wp-json\/wp\/v2\/posts"}],"about":[{"href":"https:\/\/grandepremio.com\/br\/wp-json\/wp\/v2\/types\/post"}],"replies":[{"embeddable":true,"href":"https:\/\/grandepremio.com\/br\/wp-json\/wp\/v2\/comments?post=106856"}],"version-history":[{"count":0,"href":"https:\/\/grandepremio.com\/br\/wp-json\/wp\/v2\/posts\/106856\/revisions"}],"wp:featuredmedia":[{"embeddable":true,"href":"https:\/\/grandepremio.com\/br\/wp-json\/wp\/v2\/media\/1000561685"}],"wp:attachment":[{"href":"https:\/\/grandepremio.com\/br\/wp-json\/wp\/v2\/media?parent=106856"}],"wp:term":[{"taxonomy":"category","embeddable":true,"href":"https:\/\/grandepremio.com\/br\/wp-json\/wp\/v2\/categories?post=106856"},{"taxonomy":"post_tag","embeddable":true,"href":"https:\/\/grandepremio.com\/br\/wp-json\/wp\/v2\/tags?post=106856"},{"taxonomy":"42wp_author","embeddable":true,"href":"https:\/\/grandepremio.com\/br\/wp-json\/wp\/v2\/42wp_author?post=106856"}],"curies":[{"name":"wp","href":"https:\/\/api.w.org\/{rel}","templated":true}]}}