{"id":106870,"date":"2022-12-02T05:00:00","date_gmt":"2022-12-02T08:00:00","guid":{"rendered":"https:\/\/grandepremio.com\/br\/noticias\/robert-kubica-confirma-conversas-wec-2023-mas-ve-cenario-dificil-classe-hipercarros\/"},"modified":"2022-12-01T20:42:06","modified_gmt":"2022-12-01T23:42:06","slug":"robert-kubica-confirma-conversas-wec-2023-mas-ve-cenario-dificil-classe-hipercarros","status":"publish","type":"post","link":"https:\/\/grandepremio.com\/br\/endurance\/robert-kubica-confirma-conversas-wec-2023-mas-ve-cenario-dificil-classe-hipercarros\/","title":{"rendered":"Kubica confirma conversas para WEC 2023, mas v\u00ea &#8220;cen\u00e1rio dif\u00edcil&#8221; nos hipercarros"},"content":{"rendered":"\n<p class=\"wp-block-paragraph\">Reserva da <strong>Alfa Romeo<\/strong>, <strong>Robert Kubica<\/strong> confirmou que est\u00e1 conversando com algumas equipes do <strong>WEC <\/strong>para a pr\u00f3xima temporada, na classe dos <strong>hipercarros<\/strong>. O polon\u00eas j\u00e1 tem algumas experi\u00eancias na <strong>LMP2 <\/strong>\u2014 neste ano, ficou em segundo lugar em <strong>La Sarthe<\/strong>, com a <strong>Prema<\/strong>.<\/p>\n\n\n\n<p class=\"wp-block-paragraph\">\u201cEu diria que me esforcei muito e tentei estar na categoria principal\u201d, disse Kubica, em entrevista ao sie Motorsport.com. &#8220;H\u00e1 algumas conversas por a\u00ed, mas n\u00e3o parece mais t\u00e3o simples.\u00a0Acho que \u00e9 um grande desafio para novas equipes e novos fabricantes de carros, o primeiro ano com certeza ser\u00e1 muito, muito exigente&#8221;, acrescentou.<\/p>\n\n\n\n<p class=\"wp-block-paragraph\"><strong>\u25b6\ufe0f\u00a0Inscreva-se nos dois canais do GRANDE PR\u00caMIO no YouTube:\u00a0<a href=\"https:\/\/www.youtube.com\/channel\/UC9OlHEgxoaY6QY6nWPoiqQg?sub_confirmation=1\" target=\"_blank\" rel=\"noreferrer noopener\">GP<\/a>\u00a0|\u00a0<a href=\"https:\/\/www.youtube.com\/channel\/UC9csiS6q_C3C0FYhyr1rnFA?sub_confirmation=1\" target=\"_blank\" rel=\"noreferrer noopener\">GP2<\/a><\/strong><br><strong>\u25b6\ufe0f\u00a0<a href=\"https:\/\/www.twitch.tv\/grandepremio\" target=\"_blank\" rel=\"noreferrer noopener\">Conhe\u00e7a o canal do GRANDE PR\u00caMIO na Twitch clicando aqui!<\/a><\/strong><\/p>\n\n\n\n<figure class=\"wp-block-image size-large\"><img decoding=\"async\" src=\"https:\/\/www.grandepremio.com\/br\/wp-content\/uploads\/2021\/09\/alfaromeo-robertkubica-01-1024x683.jpg\" alt=\"\" class=\"wp-image-505621\"\/><figcaption>Robert Kubica \u00e9 reserva na F1 pela Alfa Romeo (Foto: Alfa Romeo)<\/figcaption><\/figure>\n\n\n\n<p class=\"wp-block-paragraph\">\u201cAcho que a maior chance que tenho \u00e9 continuar nas categorias de endurance.\u00a0Provavelmente ainda estarei envolvido na F\u00f3rmula 1.\u00a0Ent\u00e3o, sim, s\u00e3o algumas pe\u00e7as que precisamos combinar e depois juntar, mas espero que dentro de algumas semanas isso fique mais claro&#8221;, seguiu.<\/p>\n\n\n\n<p class=\"wp-block-paragraph\">Para 2023, h\u00e1 grandes nomes chegando: <strong>Porsche, Cadillac e Ferrari<\/strong> se juntam \u00e0 <strong>Toyota e Peugeot<\/strong> nos hipercarros, enquanto no ano seguinte, em 2024, <strong>Lamborghini, Alpine e BMW<\/strong> tamb\u00e9m aparecer\u00e3o no grid. <\/p>\n\n\n\n<p class=\"wp-block-paragraph\">\u201cAinda acho que est\u00e1 muito longe para eu dizer sim e n\u00e3o e dizer exclusivamente a uma equipe. Mas, por enquanto, posso dizer \u00e9 uma chance muito pequena estar l\u00e1&#8221;, encerrou o piloto de 37 anos. <\/p>\n\n\n\n<p class=\"wp-block-paragraph\"><\/p>\n","protected":false},"excerpt":{"rendered":"<p>Robert Kubica admitiu que ainda \u00e9 dif\u00edcil, mas confirmou que est\u00e1 conversando com algumas equipes do WEC, para a pr\u00f3xima temporada, na classe dos hipercarros<\/p>\n","protected":false},"author":0,"featured_media":1000599340,"comment_status":"closed","ping_status":"closed","sticky":false,"template":"","format":"standard","meta":{"42wp_featured_image_caption":"","42wp_featured_image_credits":"","42wp_featured_video":"","42wp_featured_image_hidden":false,"42wp_authors_list":[],"footnotes":""},"categories":[18],"tags":[457,1491,30103,28285,357,1094,356,27344],"42wp_author":[47139],"class_list":["post-106870","post","type-post","status-publish","format-standard","has-post-thumbnail","hentry","category-endurance","tag-alfa-romeo","tag-grande-premio","tag-grande-premio-f1","tag-grandepremio","tag-mundial-de-endurance","tag-robert-kubica","tag-wec","tag-wec-2023","42wp_author-ana-cerveira"],"_links":{"self":[{"href":"https:\/\/grandepremio.com\/br\/wp-json\/wp\/v2\/posts\/106870","targetHints":{"allow":["GET"]}}],"collection":[{"href":"https:\/\/grandepremio.com\/br\/wp-json\/wp\/v2\/posts"}],"about":[{"href":"https:\/\/grandepremio.com\/br\/wp-json\/wp\/v2\/types\/post"}],"replies":[{"embeddable":true,"href":"https:\/\/grandepremio.com\/br\/wp-json\/wp\/v2\/comments?post=106870"}],"version-history":[{"count":0,"href":"https:\/\/grandepremio.com\/br\/wp-json\/wp\/v2\/posts\/106870\/revisions"}],"wp:featuredmedia":[{"embeddable":true,"href":"https:\/\/grandepremio.com\/br\/wp-json\/wp\/v2\/media\/1000599340"}],"wp:attachment":[{"href":"https:\/\/grandepremio.com\/br\/wp-json\/wp\/v2\/media?parent=106870"}],"wp:term":[{"taxonomy":"category","embeddable":true,"href":"https:\/\/grandepremio.com\/br\/wp-json\/wp\/v2\/categories?post=106870"},{"taxonomy":"post_tag","embeddable":true,"href":"https:\/\/grandepremio.com\/br\/wp-json\/wp\/v2\/tags?post=106870"},{"taxonomy":"42wp_author","embeddable":true,"href":"https:\/\/grandepremio.com\/br\/wp-json\/wp\/v2\/42wp_author?post=106870"}],"curies":[{"name":"wp","href":"https:\/\/api.w.org\/{rel}","templated":true}]}}