{"id":106893,"date":"2022-12-01T08:13:34","date_gmt":"2022-12-01T11:13:34","guid":{"rendered":"https:\/\/grandepremio.com\/br\/noticias\/jack-doohan-renova-virtuosi-forma-dupla-amaury-cordeel-temporada-2023-f2\/"},"modified":"2022-12-01T09:27:02","modified_gmt":"2022-12-01T12:27:02","slug":"jack-doohan-renova-virtuosi-forma-dupla-amaury-cordeel-temporada-2023-f2","status":"publish","type":"post","link":"https:\/\/grandepremio.com\/br\/f2\/jack-doohan-renova-virtuosi-forma-dupla-amaury-cordeel-temporada-2023-f2\/","title":{"rendered":"Doohan renova com Virtuosi e forma dupla com Cordeel na temporada 2023 da F2"},"content":{"rendered":"\n<p class=\"wp-block-paragraph\">Mais uma dupla de pilotos \u00e9 definida para a temporada 2022 da <strong>F\u00f3rmula 2<\/strong>: a <strong>Virtuosi <\/strong>anunciou nesta quarta-feira (30) que seguir\u00e1 com <strong>Jack Doohan<\/strong> ano que vem e ter\u00e1 <strong>Amaury Cordeel <\/strong>ao lado do australiano.<\/p>\n\n\n\n<p class=\"wp-block-paragraph\">Doohan foi um dos destaques do campeonato deste ano, com tr\u00eas vit\u00f3rias. O jovem de 19 anos, filho do pentacampe\u00e3o da MotoGP, <strong>Mick Doohan<\/strong>, chegou a ser cotado para a vaga de <strong>Fernando Alonso <\/strong>na Alpine, mas nunca escondeu que a prioridade era focar na F2 em 2023 e brigar pelo t\u00edtulo.<\/p>\n\n\n\n<p class=\"wp-block-paragraph\">Jack se disse &#8220;emocionado&#8221; por continuar com a Virtuosi por mais um ano. &#8220;Depois de uma forte primeira temporada juntos, n\u00e3o poderia estar mais feliz por estar com mesmo time ao redor em 2023. Mal posso esperar pela reden\u00e7\u00e3o desta temporada&#8221;, salientou.<\/p>\n\n\n\n<p class=\"wp-block-paragraph\"><strong>\u25b6\ufe0f&nbsp;Inscreva-se nos dois canais do GRANDE PR\u00caMIO no YouTube:&nbsp;<a href=\"https:\/\/www.youtube.com\/channel\/UC9OlHEgxoaY6QY6nWPoiqQg?sub_confirmation=1\" target=\"_blank\" rel=\"noreferrer noopener\">GP<\/a>&nbsp;|&nbsp;<a href=\"https:\/\/www.youtube.com\/channel\/UC9csiS6q_C3C0FYhyr1rnFA?sub_confirmation=1\" target=\"_blank\" rel=\"noreferrer noopener\">GP2<\/a><\/strong><br><strong>\u25b6\ufe0f&nbsp;<a href=\"https:\/\/www.twitch.tv\/grandepremio\" target=\"_blank\" rel=\"noreferrer noopener\">Conhe\u00e7a o canal do GRANDE PR\u00caMIO na Twitch clicando aqui!<\/a><\/strong><\/p>\n\n\n\n<figure class=\"wp-block-image size-large\"><img decoding=\"async\" src=\"https:\/\/www.grandepremio.com\/br\/wp-content\/uploads\/2022\/07\/Amaury-Cordeel-F2-1024x1016.jpg\" alt=\"\" class=\"wp-image-594655\"\/><figcaption>Amaury Cordeel vai correr na Virtuosi, mas ainda pode ter problemas antes mesmo da estreia (Foto: Van Amersfoort Racing)<\/figcaption><\/figure>\n\n\n\n<p class=\"wp-block-paragraph\">Andy Roche, chefe da Virtuosi, celebrou a continuidade da parceria com Doohan, ressaltando que 2022 mostrou que o australiano &#8220;mostrou potencial para mais&#8221;. &#8220;E vamos trabalhar juntos para que ele consiga isso&#8221;, acrescentou. Sobre Cordeel, o dirigente apontou para a melhora na segunda metade da temporada e a boa adapta\u00e7\u00e3o do belga com o carro da equipe brit\u00e2nica na p\u00f3s-temporada, em Abu Dhabi.<\/p>\n\n\n\n<p class=\"wp-block-paragraph\">Cordeel fez sua temporada de estreia na F2 este ano com a Van Amersfoort e emplacou uma sequ\u00eancia de tr\u00eas corridas nos pontos nas duas \u00faltimas rodadas. No entanto, o piloto belga se destacou mesmo por um fator negativo: conseguiu a fa\u00e7anha de levar 12 pontos na carteira em apenas 12 corridas, ficando fora da etapa de Silverstone. Quando voltou, na \u00c1ustria, tomou mais quatro.<\/p>\n\n\n\n<p class=\"wp-block-paragraph\">Sobre a ida para a Virtuosi, Cordeel disse que estar numa das equipes de ponta &#8220;vai melhorar o seu crescimento pessoal&#8221;. &#8220;A segunda metade da temporada \u00e9 muito promissora para o ano seguinte. Tenho certeza de que, junto com eles, poderei realizar meus sonhos futuros&#8221;, completou, dizendo-se &#8220;muito grato pela oportunidade&#8221;.<\/p>\n\n\n\n<p class=\"wp-block-paragraph\">A participa\u00e7\u00e3o de Cordeel na temporada da F2 em 2023, no entanto, pode ficar comprometida: de acordo com o jornal belga HLN, <a href=\"https:\/\/www.grandepremio.com\/br\/f2\/noticias\/amaury-cordeel-carteira-suspensa-excesso-velocidade-f2-promete-discutir-caso-fia\/\" class=\"ek-link\">o piloto perdeu a carteira de habilita\u00e7\u00e3o ap\u00f3s dirigir a 179 km\/h, em dezembro de 2020, em uma rua da sua cidade natal, Temse, na B\u00e9lgica<\/a>, onde a velocidade m\u00e1xima permitida \u00e9 de 50 km\/h. O v\u00eddeo que mostra a infra\u00e7\u00e3o foi compartilhado pelo pr\u00f3prio Cordeel no TikTok.<\/p>\n\n\n\n<p class=\"wp-block-paragraph\">A F2 n\u00e3o exige dos pilotos carteira de motorista para que eles possam competir, mas o CEO da categoria, Bruno Michel, declarou que se trata de um fato &#8220;que ter\u00e1 de ser discutido com a FIA (Federa\u00e7\u00e3o Internacional de Automobilismo)&#8221;.<\/p>\n","protected":false},"excerpt":{"rendered":"<p>Jack Doohan foi um dos destaques da temporada 2022, com tr\u00eas vit\u00f3rias, e vai dar continuidade \u00e0 parceria com a Virtuosi no ano que vem. Amaury Cordeel refor\u00e7a o time, mas pode ter problemas ap\u00f3s perder a carteira de habilita\u00e7\u00e3o, segundo a m\u00eddia belga<\/p>\n","protected":false},"author":0,"featured_media":1000592333,"comment_status":"closed","ping_status":"closed","sticky":false,"template":"","format":"standard","meta":{"42wp_featured_image_caption":"","42wp_featured_image_credits":"","42wp_featured_video":"","42wp_featured_image_hidden":false,"42wp_authors_list":[],"footnotes":""},"categories":[9],"tags":[20491,30624,111,32048,176,2208,1491,897,596,3632,6608,30312],"42wp_author":[47147],"class_list":["post-106893","post","type-post","status-publish","format-standard","has-post-thumbnail","hentry","category-f2","tag-alpine","tag-amaury-cordeel","tag-f2","tag-f2-2023","tag-fernando-alonso","tag-formula-2","tag-grande-premio","tag-inglaterra","tag-jack-doohan","tag-silverstone","tag-van-amersfoort","tag-virtuosi","42wp_author-luana-marino"],"_links":{"self":[{"href":"https:\/\/grandepremio.com\/br\/wp-json\/wp\/v2\/posts\/106893","targetHints":{"allow":["GET"]}}],"collection":[{"href":"https:\/\/grandepremio.com\/br\/wp-json\/wp\/v2\/posts"}],"about":[{"href":"https:\/\/grandepremio.com\/br\/wp-json\/wp\/v2\/types\/post"}],"replies":[{"embeddable":true,"href":"https:\/\/grandepremio.com\/br\/wp-json\/wp\/v2\/comments?post=106893"}],"version-history":[{"count":0,"href":"https:\/\/grandepremio.com\/br\/wp-json\/wp\/v2\/posts\/106893\/revisions"}],"wp:featuredmedia":[{"embeddable":true,"href":"https:\/\/grandepremio.com\/br\/wp-json\/wp\/v2\/media\/1000592333"}],"wp:attachment":[{"href":"https:\/\/grandepremio.com\/br\/wp-json\/wp\/v2\/media?parent=106893"}],"wp:term":[{"taxonomy":"category","embeddable":true,"href":"https:\/\/grandepremio.com\/br\/wp-json\/wp\/v2\/categories?post=106893"},{"taxonomy":"post_tag","embeddable":true,"href":"https:\/\/grandepremio.com\/br\/wp-json\/wp\/v2\/tags?post=106893"},{"taxonomy":"42wp_author","embeddable":true,"href":"https:\/\/grandepremio.com\/br\/wp-json\/wp\/v2\/42wp_author?post=106893"}],"curies":[{"name":"wp","href":"https:\/\/api.w.org\/{rel}","templated":true}]}}