{"id":106924,"date":"2022-11-29T09:51:18","date_gmt":"2022-11-29T12:51:18","guid":{"rendered":"https:\/\/grandepremio.com\/br\/noticias\/george-russell-nao-temeu-perder-vaga-mercedes-acidente-valtteri-bottas-imola\/"},"modified":"2022-11-29T10:05:02","modified_gmt":"2022-11-29T13:05:02","slug":"george-russell-nao-temeu-perder-vaga-mercedes-acidente-valtteri-bottas-imola","status":"publish","type":"post","link":"https:\/\/grandepremio.com\/br\/f1\/george-russell-nao-temeu-perder-vaga-mercedes-acidente-valtteri-bottas-imola\/","title":{"rendered":"Russell diz que &#8220;n\u00e3o temeu perder vaga na Mercedes&#8221; ap\u00f3s acidente com Bottas em \u00cdmola"},"content":{"rendered":"\n<p class=\"wp-block-paragraph\">Se hoje, <strong>George Russell <\/strong>encerra a temporada 2022 da <strong>F\u00f3rmula 1<\/strong> como um dos grandes destaques com a <strong>Mercedes<\/strong>, o brit\u00e2nico teve de lidar com a ira de <strong>Toto Wolff<\/strong> ano passado ap\u00f3s o forte acidente com <strong>Valtteri Bottas<\/strong> \u2014 ent\u00e3o piloto da equipe alem\u00e3 \u2014 em <strong>\u00cdmola<\/strong>. Mas Russell garantiu que, em nenhum momento, temeu perder a vaga no time de Brackley por causa da batida.<\/p>\n\n\n\n<p class=\"wp-block-paragraph\">Na ocasi\u00e3o, Russell vislumbrava marcar pontos pela primeira vez com a <strong>Williams<\/strong> j\u00e1 na segunda corrida daquele ano, na <strong>Em\u00edlia-Romanha<\/strong>. Na volta 32, quando tentava ultrapassar Bottas por fora, pouco antes da Tamburello, pegou a grama molhada e perdeu o controle do carro a mais de 300 km\/h. A batida violenta entre os dois causou bandeira vermelha.<\/p>\n\n\n\n<p class=\"wp-block-paragraph\">Russell saiu do carro disparando xingamentos a Bottas, que retribuiu. <a href=\"https:\/\/www.grandepremio.com\/br\/f1\/noticias\/george-russell-relembra-acidente-emotivo-valtteri-bottas-imola-moldou-minha-carreira\/\" class=\"ek-link\">Depois de rever as imagens, o #63 reconheceu o erro<\/a>. Relembrando o fato em sua participa\u00e7\u00e3o no podcast High Performance, o agora companheiro de equipe de <strong>Lewis Hamilton<\/strong> revelou que, no momento da manobra, nem pensou que era Bottas ali. S\u00f3 tinha em mente os pontos para a Williams.<\/p>\n\n\n\n<p class=\"wp-block-paragraph\"><strong>\u25b6\ufe0f\u00a0Inscreva-se nos dois canais do GRANDE PR\u00caMIO no YouTube:\u00a0<a href=\"https:\/\/www.youtube.com\/channel\/UC9OlHEgxoaY6QY6nWPoiqQg?sub_confirmation=1\" target=\"_blank\" rel=\"noreferrer noopener\">GP<\/a>\u00a0|\u00a0<a href=\"https:\/\/www.youtube.com\/channel\/UC9csiS6q_C3C0FYhyr1rnFA?sub_confirmation=1\" target=\"_blank\" rel=\"noreferrer noopener\">GP2<\/a><\/strong><br><strong>\u25b6\ufe0f\u00a0<a href=\"https:\/\/www.twitch.tv\/grandepremio\" target=\"_blank\" rel=\"noreferrer noopener\">Conhe\u00e7a o canal do GRANDE PR\u00caMIO na Twitch clicando aqui!<\/a><\/strong><\/p>\n\n\n\n<figure class=\"wp-block-image size-full\"><img decoding=\"async\" src=\"https:\/\/www.grandepremio.com\/br\/wp-content\/uploads\/2021\/02\/Valtteri-Bottas-and-George-Russell-2-e1628278441620.jpg\" alt=\"\" class=\"wp-image-449355\"\/><figcaption>George Russell e Valtteri Bottas se estranharam em \u00cdmola, mas o brit\u00e2nico reconheceu o erro (Foto: AFP)<\/figcaption><\/figure>\n\n\n\n<p class=\"wp-block-paragraph\">&#8220;O problema \u00e9 que estive na Williams por dois anos e marquei zero pontos&#8221;, disse, referindo-se \u00e0s temporadas de 2019 e 2020. &#8220;Portanto, se voc\u00ea tem a chance de marcar um ou dois pontos, \u00e9 \u00f3timo para a equipe&#8221;, acrescentou.<\/p>\n\n\n\n<p class=\"wp-block-paragraph\">&#8220;Al\u00e9m disso, financeiramente, se houver a chance de terminar em nono, oitavo no <strong>Campeonato de Construtores<\/strong>, estamos falando em dezenas de milh\u00f5es de d\u00f3lares em pr\u00eamios extras. Estou numa corrida, em 11\u00ba, e quando se est\u00e1 num carro como esse, \u00e9 preciso colocar tudo em jogo. Voc\u00ea n\u00e3o vai marcar pontos se for conservador, o Sr. consist\u00eancia. Nem passou pela minha cabe\u00e7a que era Valtteri em uma Mercedes&#8221;, completou.<\/p>\n\n\n\n<p class=\"wp-block-paragraph\">Russell disse ainda que o momento em que escapa foi &#8220;bastante assustador&#8221;, pois nunca tinha batido \u00e0quela velocidade antes, cerca de 330 km\/h. &#8220;A quest\u00e3o n\u00e3o era ter acabado de bater em Valtteri, ou em um Mercedes. Foram os pontos que perdemos&#8221;, salientou, frisando que o epis\u00f3dio, de maneira geral, tamb\u00e9m o ensinou a analisar os dois lados antes de tirar conclus\u00f5es.<\/p>\n\n\n\n<p class=\"wp-block-paragraph\">O vencedor do <strong>GP de S\u00e3o Paulo <\/strong>deste ano revelou ainda que, justamente naquele fim de semana, voltou no mesmo avi\u00e3o que o chef\u00e3o das Flechas de Prata, Wolff. &#8220;Eu realmente n\u00e3o sabia o que pensar. Estava voltando para casa com Toto naquela noite \u2014 o \u00fanico voo que fiz com ele no ano.&#8221;<\/p>\n\n\n\n<p class=\"wp-block-paragraph\">\u201cEle estava muito chateado com a situa\u00e7\u00e3o e muito zangado tamb\u00e9m, porque 2021 foi a primeira temporada sob o novo teto or\u00e7ament\u00e1rio, e os danos daquele incidente para a Mercedes foram, eu acho, de US$ 1,5 milh\u00e3o (cerca de R$ 8 milh\u00f5es), retirado do or\u00e7amento geral. Ent\u00e3o ele estava obviamente muito chateado e frustrado&#8221;, seguiu.<\/p>\n\n\n\n<p class=\"wp-block-paragraph\">No ano anterior, Russell foi a escolha da Mercedes para substituir Hamilton no <strong>GP do Bahrein<\/strong>, ap\u00f3s o #44 testar positivo para covid-19. \u00c0quela altura, ap\u00f3s um \u00f3timo fim de semana, j\u00e1 era apontado como substituto do pr\u00f3prio Bottas num futuro pr\u00f3ximo. Russell foi questionado se imaginou por algum momento que o incidente com o #77 amea\u00e7ou a vaga na equipe alem\u00e3.<\/p>\n\n\n\n<p class=\"wp-block-paragraph\">&#8220;N\u00e3o, sinceramente, pois o argumento era que eu estava numa posi\u00e7\u00e3o melhor que a Williams deveria estar, enquanto ele [Bottas] estava numa posi\u00e7\u00e3o pior do que a Mercedes deveria estar naquele momento. Ent\u00e3o, meio que ing\u00eanua e egoisticamente, uso esse incidente quase como que um argumento para mim&#8221;, finalizou.<\/p>\n","protected":false},"excerpt":{"rendered":"<p>George Russell relembrou o forte acidente com Valtteri Bottas no GP da Em\u00edlia-Romanha do ano passado e admitiu que, na hora, s\u00f3 pensava nos primeiros pontos vestindo o macac\u00e3o da Williams. &#8220;Nem passou pela minha cabe\u00e7a que era Valtteri numa Mercedes&#8221;<\/p>\n","protected":false},"author":0,"featured_media":1000465212,"comment_status":"closed","ping_status":"closed","sticky":false,"template":"","format":"standard","meta":{"42wp_featured_image_caption":"","42wp_featured_image_credits":"","42wp_featured_video":"","42wp_featured_image_hidden":false,"42wp_authors_list":[],"footnotes":""},"categories":[2],"tags":[147,1357,180,800,25606,1491,82,4494,150,612,215],"42wp_author":[47147],"class_list":["post-106924","post","type-post","status-publish","format-standard","has-post-thumbnail","hentry","category-f1","tag-f1","tag-f1-2022","tag-formula-1","tag-george-russell","tag-gp-da-emilia-romanha","tag-grande-premio","tag-mercedes","tag-temporada-2021-f1","tag-toto-wolff","tag-valtteri-bottas","tag-williams","42wp_author-luana-marino"],"_links":{"self":[{"href":"https:\/\/grandepremio.com\/br\/wp-json\/wp\/v2\/posts\/106924","targetHints":{"allow":["GET"]}}],"collection":[{"href":"https:\/\/grandepremio.com\/br\/wp-json\/wp\/v2\/posts"}],"about":[{"href":"https:\/\/grandepremio.com\/br\/wp-json\/wp\/v2\/types\/post"}],"replies":[{"embeddable":true,"href":"https:\/\/grandepremio.com\/br\/wp-json\/wp\/v2\/comments?post=106924"}],"version-history":[{"count":0,"href":"https:\/\/grandepremio.com\/br\/wp-json\/wp\/v2\/posts\/106924\/revisions"}],"wp:featuredmedia":[{"embeddable":true,"href":"https:\/\/grandepremio.com\/br\/wp-json\/wp\/v2\/media\/1000465212"}],"wp:attachment":[{"href":"https:\/\/grandepremio.com\/br\/wp-json\/wp\/v2\/media?parent=106924"}],"wp:term":[{"taxonomy":"category","embeddable":true,"href":"https:\/\/grandepremio.com\/br\/wp-json\/wp\/v2\/categories?post=106924"},{"taxonomy":"post_tag","embeddable":true,"href":"https:\/\/grandepremio.com\/br\/wp-json\/wp\/v2\/tags?post=106924"},{"taxonomy":"42wp_author","embeddable":true,"href":"https:\/\/grandepremio.com\/br\/wp-json\/wp\/v2\/42wp_author?post=106924"}],"curies":[{"name":"wp","href":"https:\/\/api.w.org\/{rel}","templated":true}]}}