{"id":106934,"date":"2022-11-28T15:46:01","date_gmt":"2022-11-28T18:46:01","guid":{"rendered":"https:\/\/grandepremio.com\/br\/noticias\/phm-racing-assume-lugar-charouz-grids-f2-f3-partir-2023\/"},"modified":"2022-11-29T12:37:21","modified_gmt":"2022-11-29T15:37:21","slug":"phm-racing-assume-lugar-charouz-grids-f2-f3-partir-2023","status":"publish","type":"post","link":"https:\/\/grandepremio.com\/br\/f2\/phm-racing-assume-lugar-charouz-grids-f2-f3-partir-2023\/","title":{"rendered":"PHM Racing assume lugar de Charouz nos grids de F2 e F3 a partir de 2023"},"content":{"rendered":"\n<p class=\"wp-block-paragraph\">A equipe alem\u00e3 PHM Racing estar\u00e1 nos grid de F\u00f3rmula 2 e F\u00f3rmula 3 a partir de 2023. O time alem\u00e3o assumiu a base da tch\u00e9quia Charouz e ter\u00e1 as inscri\u00e7\u00f5es e as bases da escuderia no pr\u00f3ximo ano.<\/p>\n\n\n\n<p class=\"wp-block-paragraph\">Fundada em 2021 pelo alem\u00e3o Paul H. M\u00fcller, o time participou de diversas F4 ao redor do mundo, como a dos Emirados \u00c1rabes e as tradicionais alem\u00e3 e italiana. Na Alemanha, o time ficou com o vice entre os Construtores e entre os pilotos com Taylor Bernard.<\/p>\n\n\n\n<p class=\"wp-block-paragraph\">&#8220;Entrar na F\u00f3rmula 3 e F\u00f3rmula 2 \u00e9 o pr\u00f3ximo passo de nossa evolu\u00e7\u00e3o como um programa de desenvolvimento para jovens talentos. Estou animado por oferecer aos pilotos um time onde possam aprender desde o kart at\u00e9 a porta da F\u00f3rmula &#8220;, comentou Paul H. M\u00fcller.<\/p>\n\n\n\n<figure class=\"wp-block-image size-large\"><img decoding=\"async\" src=\"https:\/\/www.grandepremio.com\/br\/wp-content\/uploads\/2022\/09\/412637_1030498_96dbdf70_74aa_4bee_9d6c_eaec4aaf4ed0-1024x683.jpeg\" alt=\"\" class=\"wp-image-614229\"\/><figcaption>Enzo Fittipaldi terminou corrida principal da F2 em Monza em 3\u00ba (Foto: Dutch Photo Agency)<\/figcaption><\/figure>\n\n\n\n<p class=\"wp-block-paragraph\"><strong>\u25b6\ufe0f\u00a0Inscreva-se nos dois canais do GRANDE PR\u00caMIO no YouTube:\u00a0<a href=\"https:\/\/www.youtube.com\/channel\/UC9OlHEgxoaY6QY6nWPoiqQg?sub_confirmation=1\" target=\"_blank\" rel=\"noreferrer noopener\">GP<\/a>\u00a0|\u00a0<a href=\"https:\/\/www.youtube.com\/channel\/UC9csiS6q_C3C0FYhyr1rnFA?sub_confirmation=1\" target=\"_blank\" rel=\"noreferrer noopener\">GP2<\/a><\/strong><br><strong>\u25b6\ufe0f\u00a0<a href=\"https:\/\/www.twitch.tv\/grandepremio\" target=\"_blank\" rel=\"noreferrer noopener\">Conhe\u00e7a o canal do GRANDE PR\u00caMIO na Twitch clicando aqui!<\/a><\/strong><\/p>\n\n\n\n<p class=\"wp-block-paragraph\">A Charouz entrou no grid da F\u00f3rmula 2 em 2018, e teve como melhor resultado o sexto lugar no Mundial de Construtores, justamente em seu ano de estreia, quando tamb\u00e9m conquistou duas vit\u00f3rias com o italiano Antonio Fuoco. Pela F3, o melhor desempenho foi o quinto lugar de 2021, e teve um triunfo nas m\u00e3os com Logan Sargeant.<\/p>\n\n\n\n<p class=\"wp-block-paragraph\">Na temporada 2022, o time tch\u00e9quio terminou em oitavo entre os Construtores na F2, utilizando os <a href=\"https:\/\/www.grandepremio.com\/br\/f1\/noticias\/enzo-fittipaldi-anuncia-acordo-com-red-bull-e-vira-membro-da-academia-de-pilotos\/\" class=\"ek-link\">pilotos<\/a> Enzo Fittipaldi, Cem B\u00f6l\u00fckba\u015f\u0131, David Beckmann e Tatiana Calder\u00f3n. Pela F\u00f3rmula 3, a \u00faltima posi\u00e7\u00e3o entre os Construtuores, com apenas 1 ponto, somado pelo italiano Francesco Pizzi. Foram utilizados tamb\u00e9m os pilotos L\u00e1szl\u00f3 T\u00f3th, Ayrton Simmons, David Schumacher, Lirim Zendeli, Alessandro Famularo, Christian Mansell e Zden\u011bk Chovanec<\/p>\n\n\n\n<p class=\"wp-block-paragraph\">A estreia da PHM na F2 e na F3 acontece nos testes de pr\u00e9-temporada de 2023, que acontecem no Circuito Internacional do Bahrein, entre os dias 14 e 16 de fevereiro. Nenhum piloto foi confirmado.<\/p>\n","protected":false},"excerpt":{"rendered":"<p>Ap\u00f3s cinco temporadas, Charouz d\u00e1 lugar para PHM no grid de F\u00f3rmula 2 e F\u00f3rmula 3. Time alem\u00e3o foi formado apenas em 2021 e se destacou por campanhas na F4 Alem\u00e3 e Italiana<\/p>\n","protected":false},"author":0,"featured_media":1000636977,"comment_status":"closed","ping_status":"closed","sticky":false,"template":"","format":"standard","meta":{"42wp_featured_image_caption":"","42wp_featured_image_credits":"","42wp_featured_video":"","42wp_featured_image_hidden":false,"42wp_authors_list":[],"footnotes":""},"categories":[9],"tags":[290,111,32048,1008,32564,1491,28285],"42wp_author":[47119],"class_list":["post-106934","post","type-post","status-publish","format-standard","has-post-thumbnail","hentry","category-f2","tag-charouz","tag-f2","tag-f2-2023","tag-f3","tag-f3-2023","tag-grande-premio","tag-grandepremio","42wp_author-gabriel-carvalho"],"_links":{"self":[{"href":"https:\/\/grandepremio.com\/br\/wp-json\/wp\/v2\/posts\/106934","targetHints":{"allow":["GET"]}}],"collection":[{"href":"https:\/\/grandepremio.com\/br\/wp-json\/wp\/v2\/posts"}],"about":[{"href":"https:\/\/grandepremio.com\/br\/wp-json\/wp\/v2\/types\/post"}],"replies":[{"embeddable":true,"href":"https:\/\/grandepremio.com\/br\/wp-json\/wp\/v2\/comments?post=106934"}],"version-history":[{"count":0,"href":"https:\/\/grandepremio.com\/br\/wp-json\/wp\/v2\/posts\/106934\/revisions"}],"wp:featuredmedia":[{"embeddable":true,"href":"https:\/\/grandepremio.com\/br\/wp-json\/wp\/v2\/media\/1000636977"}],"wp:attachment":[{"href":"https:\/\/grandepremio.com\/br\/wp-json\/wp\/v2\/media?parent=106934"}],"wp:term":[{"taxonomy":"category","embeddable":true,"href":"https:\/\/grandepremio.com\/br\/wp-json\/wp\/v2\/categories?post=106934"},{"taxonomy":"post_tag","embeddable":true,"href":"https:\/\/grandepremio.com\/br\/wp-json\/wp\/v2\/tags?post=106934"},{"taxonomy":"42wp_author","embeddable":true,"href":"https:\/\/grandepremio.com\/br\/wp-json\/wp\/v2\/42wp_author?post=106934"}],"curies":[{"name":"wp","href":"https:\/\/api.w.org\/{rel}","templated":true}]}}