{"id":106971,"date":"2022-11-26T10:00:00","date_gmt":"2022-11-26T13:00:00","guid":{"rendered":"https:\/\/grandepremio.com\/br\/noticias\/indy-nao-precisa-deve-evitar-replicar-calendario-inflado-formula-1\/"},"modified":"2022-11-26T09:55:25","modified_gmt":"2022-11-26T12:55:25","slug":"indy-nao-precisa-deve-evitar-replicar-calendario-inflado-formula-1","status":"publish","type":"post","link":"https:\/\/grandepremio.com\/br\/indy\/indy-nao-precisa-deve-evitar-replicar-calendario-inflado-formula-1\/","title":{"rendered":"Indy n\u00e3o precisa e deve evitar replicar calend\u00e1rio inflado da F\u00f3rmula 1"},"content":{"rendered":"\n<figure class=\"wp-block-embed is-type-rich is-provider-incorporar-manipulador wp-block-embed-incorporar-manipulador wp-embed-aspect-16-9 wp-has-aspect-ratio\"><div class=\"wp-block-embed__wrapper\">\n<iframe loading=\"lazy\" title=\"INDY N\u00c3O PRECISA E DEVE EVITAR REPLICAR CALEND\u00c1RIO INFLADO DA F1 | GP \u00c0S 10\" width=\"500\" height=\"281\" src=\"https:\/\/www.youtube.com\/embed\/pm20sRcQxaI?feature=oembed\" frameborder=\"0\" allow=\"accelerometer; autoplay; clipboard-write; encrypted-media; gyroscope; picture-in-picture; web-share\" referrerpolicy=\"strict-origin-when-cross-origin\" allowfullscreen><\/iframe>\n<\/div><\/figure>\n\n\n\n<p class=\"wp-block-paragraph\">A <strong>Indy<\/strong> conta atualmente com um calend\u00e1rio de 17 corridas pelos <strong>Estados Unidos.<\/strong> Com provas em ovais, circuitos mistos e de rua, a categoria americana gera enormes desafios e versatilidade de pilotos e equipes, mas quer se expandir. O presidente da categoria, <strong>Jay Frye<\/strong>, <a href=\"https:\/\/www.grandepremio.com\/br\/indy\/noticias\/presidente-indy-revela-desejo-20-corridas-mas-quer-grandes-eventos\/\" class=\"ek-link\">disse recentemente em visita \u00e0 Argentina que considera 20 provas um n\u00famero ideal, mas que quer grandes eventos<\/a>.<\/p>\n\n\n\n<p class=\"wp-block-paragraph\">Sem provas internacionais desde 2013, quando correu no <strong>Brasil<\/strong> pela \u00faltima vez, a <strong>Indy<\/strong> n\u00e3o tem pressa de visitar outros pa\u00edses. Mas se o foco \u00e9 em grandes eventos, corridas no M\u00e9xico, na Argentina e na Europa podem se tornar op\u00e7\u00f5es para o futuro da categoria americana.<\/p>\n\n\n\n<p class=\"wp-block-paragraph\">No v\u00eddeo de hoje, Andr\u00e9 Netto analisa o calend\u00e1rio da categoria e ressalta a necessidade da categoria n\u00e3o seguir o mesmo rumo da <strong>F\u00f3rmula 1<\/strong>, que passou a aumentar drasticamente o n\u00famero de corridas com pouco crit\u00e9rio.<\/p>\n\n\n\n<p class=\"wp-block-paragraph\"><strong>\u25b6\ufe0f&nbsp;Inscreva-se nos dois canais do GRANDE PR\u00caMIO no YouTube:&nbsp;<a href=\"https:\/\/www.youtube.com\/channel\/UC9OlHEgxoaY6QY6nWPoiqQg?sub_confirmation=1\" target=\"_blank\" rel=\"noreferrer noopener\">GP<\/a>&nbsp;|&nbsp;<a href=\"https:\/\/www.youtube.com\/channel\/UC9csiS6q_C3C0FYhyr1rnFA?sub_confirmation=1\" target=\"_blank\" rel=\"noreferrer noopener\">GP2<\/a><\/strong><br><strong>\u25b6\ufe0f&nbsp;<a href=\"https:\/\/www.twitch.tv\/grandepremio\" target=\"_blank\" rel=\"noreferrer noopener\">Conhe\u00e7a o canal do GRANDE PR\u00caMIO na Twitch clicando aqui!<\/a><\/strong><\/p>\n","protected":false},"excerpt":{"rendered":"<p>O presidente da Indy, Jay Frye, revelou recentemente que considera 20 corridas o n\u00famero ideal. Mas \u00e9 preciso ter cuidado para n\u00e3o exagerar e desvalorizar a categoria americana<\/p>\n","protected":false},"author":0,"featured_media":1000636444,"comment_status":"closed","ping_status":"closed","sticky":false,"template":"","format":"standard","meta":{"42wp_featured_image_caption":"","42wp_featured_image_credits":"","42wp_featured_video":"","42wp_featured_image_hidden":false,"42wp_authors_list":[],"footnotes":""},"categories":[3],"tags":[31547,179,619,29062,93,2209,25977,94,4333,588,31343,17551,424],"42wp_author":[47144],"class_list":["post-106971","post","type-post","status-publish","format-standard","has-post-thumbnail","hentry","category-indy","tag-andre-netto","tag-argentina","tag-formula-indy","tag-formula-indy-2022","tag-indy","tag-indy-2022","tag-indy-2023","tag-indycar","tag-iowa","tag-jay-frye","tag-juncos-hollinger","tag-mexico","tag-video","42wp_author-andre-netto"],"_links":{"self":[{"href":"https:\/\/grandepremio.com\/br\/wp-json\/wp\/v2\/posts\/106971","targetHints":{"allow":["GET"]}}],"collection":[{"href":"https:\/\/grandepremio.com\/br\/wp-json\/wp\/v2\/posts"}],"about":[{"href":"https:\/\/grandepremio.com\/br\/wp-json\/wp\/v2\/types\/post"}],"replies":[{"embeddable":true,"href":"https:\/\/grandepremio.com\/br\/wp-json\/wp\/v2\/comments?post=106971"}],"version-history":[{"count":0,"href":"https:\/\/grandepremio.com\/br\/wp-json\/wp\/v2\/posts\/106971\/revisions"}],"wp:featuredmedia":[{"embeddable":true,"href":"https:\/\/grandepremio.com\/br\/wp-json\/wp\/v2\/media\/1000636444"}],"wp:attachment":[{"href":"https:\/\/grandepremio.com\/br\/wp-json\/wp\/v2\/media?parent=106971"}],"wp:term":[{"taxonomy":"category","embeddable":true,"href":"https:\/\/grandepremio.com\/br\/wp-json\/wp\/v2\/categories?post=106971"},{"taxonomy":"post_tag","embeddable":true,"href":"https:\/\/grandepremio.com\/br\/wp-json\/wp\/v2\/tags?post=106971"},{"taxonomy":"42wp_author","embeddable":true,"href":"https:\/\/grandepremio.com\/br\/wp-json\/wp\/v2\/42wp_author?post=106971"}],"curies":[{"name":"wp","href":"https:\/\/api.w.org\/{rel}","templated":true}]}}