{"id":106983,"date":"2022-11-25T10:10:55","date_gmt":"2022-11-25T13:10:55","guid":{"rendered":"https:\/\/grandepremio.com\/br\/noticias\/esteban-ocon-reitera-respeito-fernando-alonso-confessa-decepcao-criticas-interlagos\/"},"modified":"2022-11-25T10:28:53","modified_gmt":"2022-11-25T13:28:53","slug":"esteban-ocon-reitera-respeito-fernando-alonso-confessa-decepcao-criticas-interlagos","status":"publish","type":"post","link":"https:\/\/grandepremio.com\/br\/f1\/esteban-ocon-reitera-respeito-fernando-alonso-confessa-decepcao-criticas-interlagos\/","title":{"rendered":"Ocon reitera respeito por &#8220;lenda&#8221; Alonso, mas confessa &#8220;decep\u00e7\u00e3o&#8221; por cr\u00edticas em Interlagos"},"content":{"rendered":"\n<p class=\"wp-block-paragraph\">N\u00e3o \u00e9 exagero dizer que <strong>Fernando Alonso<\/strong> e <strong>Esteban Ocon<\/strong> formaram uma das duplas mais fortes do grid da <strong>F\u00f3rmula 1<\/strong> em 2022. Ambos brigaram constantemente por pontos ao longo das 22 corridas do calend\u00e1rio e colocaram a <strong>Alpine <\/strong>como quarta for\u00e7a entre os construtores, mas nem isso os livrou de rusgas, principalmente ap\u00f3s o <strong>GP de S\u00e3o Paulo<\/strong>. E o franc\u00eas n\u00e3o escondeu que as duras cr\u00edticas do bicampe\u00e3o direcionadas a ele ap\u00f3s a corrida o deixaram &#8220;um pouco decepcionado&#8221;.<\/p>\n\n\n\n<p class=\"wp-block-paragraph\"><a href=\"https:\/\/www.grandepremio.com\/br\/f1\/noticias\/fernando-alonso-revolta-esteban-ocon-toques-interlagos-muito-obrigado-ao-nosso-amigo\/\" class=\"ek-link\">Na corrida sprint, Alonso e Ocon se estranharam logo no in\u00edcio, quando duelavam pela sexta posi\u00e7\u00e3o<\/a>. O toque entre eles quebrou a asa dianteira do carro do espanhol, que ironizou a manobra de Ocon ainda pelo r\u00e1dio. \u201cEle me empurrou na curva 4 e depois na reta. Muito bem. Perdi minha asa dianteira. Um muito obrigado ao nosso amigo\u201d, bradou.<\/p>\n\n\n\n<p class=\"wp-block-paragraph\"><strong>\u25b6\ufe0f\u00a0Inscreva-se nos dois canais do GRANDE PR\u00caMIO no YouTube:\u00a0<a href=\"https:\/\/www.youtube.com\/channel\/UC9OlHEgxoaY6QY6nWPoiqQg?sub_confirmation=1\" target=\"_blank\" rel=\"noreferrer noopener\">GP<\/a>\u00a0|\u00a0<a href=\"https:\/\/www.youtube.com\/channel\/UC9csiS6q_C3C0FYhyr1rnFA?sub_confirmation=1\" target=\"_blank\" rel=\"noreferrer noopener\">GP2<\/a><\/strong><br><strong>\u25b6\ufe0f\u00a0<a href=\"https:\/\/www.twitch.tv\/grandepremio\" target=\"_blank\" rel=\"noreferrer noopener\">Conhe\u00e7a o canal do GRANDE PR\u00caMIO na Twitch clicando aqui!<\/a><\/strong><\/p>\n\n\n\n<figure class=\"wp-block-image size-large\"><img decoding=\"async\" src=\"https:\/\/www.grandepremio.com\/br\/wp-content\/uploads\/2022\/11\/image-1024x576.png\" alt=\"\" class=\"wp-image-632738\"\/><figcaption>Alonso e Ocon se estranharam na corrida sprint em Interlagos (Foto: Reprodu\u00e7\u00e3o\/F1 TV)<\/figcaption><\/figure>\n\n\n\n<p class=\"wp-block-paragraph\">Alonso foi considerado culpado pela dire\u00e7\u00e3o de prova e tomou 5s de puni\u00e7\u00e3o, perdendo tr\u00eas posi\u00e7\u00f5es no grid da corrida de domingo. Ap\u00f3s o GP, o bicampe\u00e3o disse que a situa\u00e7\u00e3o estava &#8220;longe do ideal por ser seu companheiro de equipe, mas foi assim [com Ocon] durante o ano todo&#8221;, e emendou: &#8220;Mais uma corrida e vai acabar, enfim&#8221;, referindo-se \u00e0 ida para a <strong>Aston Martin<\/strong> no ano que vem.<\/p>\n\n\n\n<p class=\"wp-block-paragraph\">Ocon n\u00e3o escondeu a frustra\u00e7\u00e3o ao ser questionado em <strong>Abu Dhabi <\/strong>sobre as declara\u00e7\u00f5es do asturiano. &#8220;N\u00e3o \u00e9 segredo que fiquei decepcionado ao ver os coment\u00e1rios dele ap\u00f3s a corrida. N\u00e3o havia nenhuma necessidade para algumas cr\u00edticas que ele fez.&#8221;<\/p>\n\n\n\n<p class=\"wp-block-paragraph\">&#8220;Mas eu o respeito muito. Sempre vou respeit\u00e1-lo pelo que ele fez na pista e ao longo dos anos. Ele \u00e9 uma lenda do esporte, e isso n\u00e3o vai mudar, mas fiquei um pouco decepcionado&#8221;, concluiu Ocon.<\/p>\n","protected":false},"excerpt":{"rendered":"<p>Esteban Ocon e Fernando Alonso se estranharam na sprint race em Interlagos, e o asturiano n\u00e3o poupou o companheiro de equipe de cr\u00edticas. O franc\u00eas, no entanto, disse que algumas declara\u00e7\u00f5es de Alonso &#8220;foram sem nenhuma necessidade&#8221;<\/p>\n","protected":false},"author":0,"featured_media":1000631471,"comment_status":"closed","ping_status":"closed","sticky":false,"template":"","format":"standard","meta":{"42wp_featured_image_caption":"","42wp_featured_image_credits":"","42wp_featured_video":"","42wp_featured_image_hidden":false,"42wp_authors_list":[],"footnotes":""},"categories":[2],"tags":[309,783,302,147,1357,176,180,26680,1491,124,2380,2018],"42wp_author":[47147],"class_list":["post-106983","post","type-post","status-publish","format-standard","has-post-thumbnail","hentry","category-f1","tag-aston-martin","tag-brasil","tag-esteban-ocon","tag-f1","tag-f1-2022","tag-fernando-alonso","tag-formula-1","tag-gp-de-sao-paulo","tag-grande-premio","tag-interlagos","tag-sao-paulo","tag-sprint-race","42wp_author-luana-marino"],"_links":{"self":[{"href":"https:\/\/grandepremio.com\/br\/wp-json\/wp\/v2\/posts\/106983","targetHints":{"allow":["GET"]}}],"collection":[{"href":"https:\/\/grandepremio.com\/br\/wp-json\/wp\/v2\/posts"}],"about":[{"href":"https:\/\/grandepremio.com\/br\/wp-json\/wp\/v2\/types\/post"}],"replies":[{"embeddable":true,"href":"https:\/\/grandepremio.com\/br\/wp-json\/wp\/v2\/comments?post=106983"}],"version-history":[{"count":0,"href":"https:\/\/grandepremio.com\/br\/wp-json\/wp\/v2\/posts\/106983\/revisions"}],"wp:featuredmedia":[{"embeddable":true,"href":"https:\/\/grandepremio.com\/br\/wp-json\/wp\/v2\/media\/1000631471"}],"wp:attachment":[{"href":"https:\/\/grandepremio.com\/br\/wp-json\/wp\/v2\/media?parent=106983"}],"wp:term":[{"taxonomy":"category","embeddable":true,"href":"https:\/\/grandepremio.com\/br\/wp-json\/wp\/v2\/categories?post=106983"},{"taxonomy":"post_tag","embeddable":true,"href":"https:\/\/grandepremio.com\/br\/wp-json\/wp\/v2\/tags?post=106983"},{"taxonomy":"42wp_author","embeddable":true,"href":"https:\/\/grandepremio.com\/br\/wp-json\/wp\/v2\/42wp_author?post=106983"}],"curies":[{"name":"wp","href":"https:\/\/api.w.org\/{rel}","templated":true}]}}