{"id":106993,"date":"2022-11-24T12:47:07","date_gmt":"2022-11-24T15:47:07","guid":{"rendered":"https:\/\/grandepremio.com\/br\/noticias\/jack-doohan-lidera-segundo-dia-testes-coletivos-formula-2-abu-dhabi-enzo-fittipaldi-e-5o\/"},"modified":"2022-11-24T12:50:38","modified_gmt":"2022-11-24T15:50:38","slug":"jack-doohan-lidera-segundo-dia-testes-coletivos-formula-2-abu-dhabi-enzo-fittipaldi-e-5o","status":"publish","type":"post","link":"https:\/\/grandepremio.com\/br\/f2\/jack-doohan-lidera-segundo-dia-testes-coletivos-formula-2-abu-dhabi-enzo-fittipaldi-e-5o\/","title":{"rendered":"Doohan lidera segundo dia de testes coletivos da F2 em Abu Dhabi. Fittipaldi \u00e9 5\u00ba"},"content":{"rendered":"\n<p class=\"wp-block-paragraph\">O australiano <strong>Jack Doohan<\/strong> foi o mais r\u00e1pido no segundo dia de testes coletivos da <strong>F\u00f3rmula 2<\/strong> realizado nesta quinta-feira (24) em <strong>Abu Dhabi<\/strong>. O piloto da <strong>Virtuosi<\/strong> anotou o tempo de 1min35s990, mais r\u00e1pido do que a pole-position anotada por Ayumu Iwasa no \u00faltimo fim de semana, para terminar na ponta com 0s170 de vantagem para <strong>Jehan Daruvala<\/strong>, da MP Motorsport.<\/p>\n\n\n\n<p class=\"wp-block-paragraph\">A grande maioria dos pilotos anotou suas voltas mais r\u00e1pidas na parte da manh\u00e3. Apenas <strong>Frederik Vesti<\/strong> e <strong>Oliver Bearman<\/strong>, da <strong>Prema<\/strong>, e Arthur Leclerc, da DAMS, fizeram suas melhores marcas na sess\u00e3o da tarde. Doohan fechou a manh\u00e3 na frente de Daruvala, seguido por Iwasa, Ralph Boschung, da Campos, e do brasileiro <strong>Enzo Fittipaldi<\/strong>, da Carlin.<\/p>\n\n\n\n<p class=\"wp-block-paragraph\"><strong>\u25b6\ufe0f\u00a0Inscreva-se nos dois canais do GRANDE PR\u00caMIO no YouTube:\u00a0<a href=\"https:\/\/www.youtube.com\/channel\/UC9OlHEgxoaY6QY6nWPoiqQg?sub_confirmation=1\" target=\"_blank\" rel=\"noreferrer noopener\">GP<\/a>\u00a0|\u00a0<a href=\"https:\/\/www.youtube.com\/channel\/UC9csiS6q_C3C0FYhyr1rnFA?sub_confirmation=1\" target=\"_blank\" rel=\"noreferrer noopener\">GP2<\/a><\/strong><br><strong>\u25b6\ufe0f\u00a0<a href=\"https:\/\/www.twitch.tv\/grandepremio\" target=\"_blank\" rel=\"noreferrer noopener\">Conhe\u00e7a o canal do GRANDE PR\u00caMIO na Twitch clicando aqui!<\/a><\/strong><\/p>\n\n\n\n<figure class=\"wp-block-image size-full\"><img decoding=\"async\" src=\"https:\/\/www.grandepremio.com\/br\/wp-content\/uploads\/2022\/11\/JP2_3476_4d5afa82-1c84-4d4d-819a-9a198cb14672.jpg\" alt=\"\" class=\"wp-image-636474\"\/><figcaption>Frederik Vesti liderou a sess\u00e3o da tarde nesta quinta-feira (24) (Foto: F\u00f3rmula 2)<\/figcaption><\/figure>\n\n\n\n<p class=\"wp-block-paragraph\">Kush Maini, Roy Nissany, <strong>Th\u00e9o Pourchaire<\/strong>, Dennis Hauger e <strong>Victor Martins<\/strong> completaram o top-10 na primeira parte dos testes. Martins inclusive causou a \u00fanica bandeira vermelha da sess\u00e3o ap\u00f3s bater na sa\u00edda da curva 16. Vesti e Juan Manuel Correa, da Van Amersfoort, completaram o maior n\u00famero de voltas, com 53 no total.<\/p>\n\n\n\n<p class=\"wp-block-paragraph\">Na parte da tarde, equipes e pilotos focaram em simula\u00e7\u00f5es de corrida. Vesti liderou desde o in\u00edcio, terminando \u00e0 frente de Iwasa e Bearman. Leclerc, Zane Maloney, Cl\u00e9ment Novalak, Nissany, Brad Benavides, Roman Stanek e Hauger fecharam os 10 primeiros da tarde, com Pourchaire sendo o l\u00edder de voltas completadas, com 67 no total. A sess\u00e3o da tarde foi interrompida apenas uma vez, por conta de um toque entre Doohan e Maini.<\/p>\n\n\n\n<p class=\"wp-block-paragraph\">A <strong>F\u00f3rmula 2<\/strong> retorna para o terceiro e \u00faltimo dia de testes coletivos em Abu Dhabi nesta sexta-feira (25). A Van Amersfoort ser\u00e1 a \u00fanica equipe a mudar de pilotos, com o mexicano Rafael Villag\u00f3mez assumindo o carro #25 no lugar do holand\u00eas Richard Verschoor, <a href=\"https:\/\/www.grandepremio.com\/br\/f2\/noticias\/dennis-hauger-richard-verschoor-primeiro-dia-testes-coletivos-formula-2-abu-dhabi\/\" class=\"ek-link\">que liderou o primeiro dia de treinos<\/a>.<\/p>\n\n\n\n<p class=\"wp-block-paragraph\"><strong>F\u00f3rmula 2 2022, Testes Coletivos, Abu Dhabi, Dia 2:<\/strong><\/p>\n\n\n\n<figure class=\"wp-block-table\"><table><tbody><tr><td>1<\/td><td>J DOOHAN<\/td><td>Virtuosi Racing<\/td><td>1:35.990<\/td><td>&nbsp;<\/td><td>69<\/td><\/tr><tr><td>2<\/td><td>J DARUVALA<\/td><td>MP Motorsport<\/td><td>1:36.160<\/td><td>+0.170<\/td><td>80<\/td><\/tr><tr><td>3<\/td><td>A IWASA<\/td><td>DAMS<\/td><td>1:36.165<\/td><td>+0.175<\/td><td>89<\/td><\/tr><tr><td>4<\/td><td>R BOSCHUNG<\/td><td>Campos Racing<\/td><td>1:36.311<\/td><td>+0.321<\/td><td>88<\/td><\/tr><tr><td>5<\/td><td>E FITTIPALDI<\/td><td>Carlin<\/td><td>1:36.335<\/td><td>+0.345<\/td><td>71<\/td><\/tr><tr><td>6<\/td><td>K MAINI<\/td><td>Campos Racing<\/td><td>1:36.349<\/td><td>+0.359<\/td><td>70<\/td><\/tr><tr><td>7<\/td><td>R NISSANY<\/td><td>Charouz Racing System<\/td><td>1:36.352<\/td><td>+0.362<\/td><td>68<\/td><\/tr><tr><td>8<\/td><td>T POURCHAIRE<\/td><td>ART Grand Prix<\/td><td>1:36.368<\/td><td>+0.378<\/td><td>103<\/td><\/tr><tr><td>9<\/td><td>D HAUGER<\/td><td>MP Motorsport<\/td><td>1:36.427<\/td><td>+0.437<\/td><td>79<\/td><\/tr><tr><td>10<\/td><td>F VESTI<\/td><td>PREMA Racing<\/td><td>1:36.462<\/td><td>+0.472<\/td><td>92<\/td><\/tr><tr><td>11<\/td><td>V MARTINS<\/td><td>ART Grand Prix<\/td><td>1:36.579<\/td><td>+0.589<\/td><td>57<\/td><\/tr><tr><td>12<\/td><td>C NOVALAK<\/td><td>Trident<\/td><td>1:36.642<\/td><td>+0.652<\/td><td>46<\/td><\/tr><tr><td>13<\/td><td>Z MALONEY<\/td><td>Carlin<\/td><td>1:36.691<\/td><td>+0.701<\/td><td>91<\/td><\/tr><tr><td>14<\/td><td>O BEARMAN<\/td><td>PREMA Racing<\/td><td>1:36.715<\/td><td>+0.725<\/td><td>72<\/td><\/tr><tr><td>15<\/td><td>R VERSCHOOR<\/td><td>Van Amersfoort Racing<\/td><td>1:36.764<\/td><td>+0.774<\/td><td>88<\/td><\/tr><tr><td>16<\/td><td>A LECLERC<\/td><td>DAMS<\/td><td>1:36.829<\/td><td>+0.839<\/td><td>81<\/td><\/tr><tr><td>17<\/td><td>A CORDEEL<\/td><td>Virtuosi Racing<\/td><td>1:36.869<\/td><td>+0.879<\/td><td>94<\/td><\/tr><tr><td>18<\/td><td>I HADJAR<\/td><td>Hitech Grand Prix<\/td><td>1:37.083<\/td><td>+1.093<\/td><td>100<\/td><\/tr><tr><td>19<\/td><td>R STANEK<\/td><td>Trident<\/td><td>1:37.152<\/td><td>+1.162<\/td><td>89<\/td><\/tr><tr><td>20<\/td><td>B BENAVIDES<\/td><td>Charouz Racing System<\/td><td>1:37.243<\/td><td>+1.253<\/td><td>98<\/td><\/tr><tr><td>21<\/td><td>J MANUEL CORREA<\/td><td>Van Amersfoort Racing<\/td><td>1:37.332<\/td><td>+1.342<\/td><td>103<\/td><\/tr><tr><td>22<\/td><td>J CRAWFORD<\/td><td>Hitech Grand Prix<\/td><td>1:37.378<\/td><td>+1.388<\/td><td>101<\/td><\/tr><\/tbody><\/table><\/figure>\n","protected":false},"excerpt":{"rendered":"<p>Jack Doohan superou Jehan Daruvala e terminou o segundo dia de testes coletivos da F\u00f3rmula 2 em Abu Dhabi na ponta. O brasileiro Enzo Fittipaldi terminou na quinta posi\u00e7\u00e3o com a Carlin<\/p>\n","protected":false},"author":0,"featured_media":1000636473,"comment_status":"closed","ping_status":"closed","sticky":false,"template":"","format":"standard","meta":{"42wp_featured_image_caption":"","42wp_featured_image_credits":"","42wp_featured_video":"","42wp_featured_image_hidden":false,"42wp_authors_list":[],"footnotes":""},"categories":[9],"tags":[409,111,29651,2208,29650,1491,596,2971,1881,30312],"42wp_author":[47144],"class_list":["post-106993","post","type-post","status-publish","format-standard","has-post-thumbnail","hentry","category-f2","tag-enzo-fittipaldi","tag-f2","tag-f2-2022","tag-formula-2","tag-formula-2-2022","tag-grande-premio","tag-jack-doohan","tag-jehan-daruvala","tag-testes-coletivos","tag-virtuosi","42wp_author-andre-netto"],"_links":{"self":[{"href":"https:\/\/grandepremio.com\/br\/wp-json\/wp\/v2\/posts\/106993","targetHints":{"allow":["GET"]}}],"collection":[{"href":"https:\/\/grandepremio.com\/br\/wp-json\/wp\/v2\/posts"}],"about":[{"href":"https:\/\/grandepremio.com\/br\/wp-json\/wp\/v2\/types\/post"}],"replies":[{"embeddable":true,"href":"https:\/\/grandepremio.com\/br\/wp-json\/wp\/v2\/comments?post=106993"}],"version-history":[{"count":0,"href":"https:\/\/grandepremio.com\/br\/wp-json\/wp\/v2\/posts\/106993\/revisions"}],"wp:featuredmedia":[{"embeddable":true,"href":"https:\/\/grandepremio.com\/br\/wp-json\/wp\/v2\/media\/1000636473"}],"wp:attachment":[{"href":"https:\/\/grandepremio.com\/br\/wp-json\/wp\/v2\/media?parent=106993"}],"wp:term":[{"taxonomy":"category","embeddable":true,"href":"https:\/\/grandepremio.com\/br\/wp-json\/wp\/v2\/categories?post=106993"},{"taxonomy":"post_tag","embeddable":true,"href":"https:\/\/grandepremio.com\/br\/wp-json\/wp\/v2\/tags?post=106993"},{"taxonomy":"42wp_author","embeddable":true,"href":"https:\/\/grandepremio.com\/br\/wp-json\/wp\/v2\/42wp_author?post=106993"}],"curies":[{"name":"wp","href":"https:\/\/api.w.org\/{rel}","templated":true}]}}