{"id":106995,"date":"2022-11-24T12:14:39","date_gmt":"2022-11-24T15:14:39","guid":{"rendered":"https:\/\/grandepremio.com\/br\/noticias\/jack-doohan-troca-programa-red-bull-alpine-melhor-decisao-carreira\/"},"modified":"2022-11-25T09:16:59","modified_gmt":"2022-11-25T12:16:59","slug":"jack-doohan-troca-programa-red-bull-alpine-melhor-decisao-carreira","status":"publish","type":"post","link":"https:\/\/grandepremio.com\/br\/f1\/jack-doohan-troca-programa-red-bull-alpine-melhor-decisao-carreira\/","title":{"rendered":"Doohan v\u00ea troca de programa da Red Bull por Alpine como &#8220;melhor decis\u00e3o da carreira&#8221;"},"content":{"rendered":"\n<p class=\"wp-block-paragraph\">A sa\u00edda de <strong>Fernando Alonso<\/strong> da <strong>Alpine <\/strong>e a reviravolta no caso <strong>Oscar Piastri <\/strong>quase promoveram o novato<strong> Jack Doohan<\/strong> \u00e0 <strong>F\u00f3rmula 1<\/strong>. E mesmo n\u00e3o tendo sido a escolha definitiva da equipe, o australiano classificou que trocar o <strong>Programa de Jovens Pilotos da Red Bull <\/strong>pela academia da base em Enstone &#8220;foi a melhor decis\u00e3o de sua carreira&#8221;.<\/p>\n\n\n\n<p class=\"wp-block-paragraph\">Doohan foi piloto de Milton Keynes de 2018 a 2021. Este ano, defendeu a academia da Alpine enquanto competiu a temporada completa da <strong>F\u00f3rmula 2<\/strong> com a <strong>Virtuosi<\/strong>. O jovem de 19 anos ainda participou de dois treinos livres da F\u00f3rmula 1, no <strong>M\u00e9xico <\/strong>e em <strong>Abu Dhabi<\/strong>, e disse que &#8220;de maneira alguma participaria de dois treinos livres ou pilotaria um F1 se ficasse onde estava&#8221;.<\/p>\n\n\n\n<p class=\"wp-block-paragraph\"><strong>\u25b6\ufe0f\u00a0Inscreva-se nos dois canais do GRANDE PR\u00caMIO no YouTube:\u00a0<a href=\"https:\/\/www.youtube.com\/channel\/UC9OlHEgxoaY6QY6nWPoiqQg?sub_confirmation=1\" target=\"_blank\" rel=\"noreferrer noopener\">GP<\/a>\u00a0|\u00a0<a href=\"https:\/\/www.youtube.com\/channel\/UC9csiS6q_C3C0FYhyr1rnFA?sub_confirmation=1\" target=\"_blank\" rel=\"noreferrer noopener\">GP2<\/a><\/strong><br><strong>\u25b6\ufe0f\u00a0<a href=\"https:\/\/www.twitch.tv\/grandepremio\" target=\"_blank\" rel=\"noreferrer noopener\">Conhe\u00e7a o canal do GRANDE PR\u00caMIO na Twitch clicando aqui!<\/a><\/strong><\/p>\n\n\n\n<figure class=\"wp-block-image size-large\"><img decoding=\"async\" src=\"https:\/\/www.grandepremio.com\/br\/wp-content\/uploads\/2022\/11\/alpine-jackdoohan-04-1024x683.jpg\" alt=\"\" class=\"wp-image-634562\"\/><figcaption>Jack Doohan durante o TL1 em Abu Dhabi (Foto: Alpine)<\/figcaption><\/figure>\n\n\n\n<p class=\"wp-block-paragraph\">&#8220;Eu sinto que a equipe investe muito em mim, eles me trataram muito bem e me ensinam bastante&#8221;, continuou o piloto. &#8220;Estou feliz com minha decis\u00e3o, acho que foi a melhor da minha carreira at\u00e9 o momento. Estive muito perto de uma vaga na F1 em 2023, o que \u00e9 incr\u00edvel&#8221;, frisou.<\/p>\n\n\n\n<p class=\"wp-block-paragraph\">Para 2023, a Alpine optou por<strong> Pierre Gasly<\/strong>, formando uma dupla francesa no grid da F1 2023. Resta, no entanto, a vaga de reserva, mas Doohan declarou que &#8220;a prioridade \u00e9 focar totalmente na F\u00f3rmula 2&#8221;. O piloto demonstrou, inclusive, relut\u00e2ncia em se ver como reserva pela obriga\u00e7\u00e3o de ter de ir a todas as corridas com o campeonato da F2 em andamento.<\/p>\n\n\n\n<p class=\"wp-block-paragraph\">\u201cEu posso estar em todas as corridas de F1, ficar l\u00e1, mas a probabilidade de entrar no carro \u00e9 baixa, ent\u00e3o isso tomaria um pouco do tempo dos meus compromissos na F2. Posso me concentrar totalmente nela [F2] e extrair o m\u00e1ximo para a equipe, para ent\u00e3o executar uma fun\u00e7\u00e3o de piloto em tempo integral em 2024, ou em 2025&#8243;, acrescentou.<\/p>\n\n\n\n<p class=\"wp-block-paragraph\">&#8220;Confio muito na Alpine&#8221;, seguiu o piloto sobre o futuro na F1, mas reconheceu que precisa, primeiro, vencer a F2. &#8220;Estou confiante de que podemos fazer isso, e se tiver de esperar por um ano, tudo bem, pois ficaria mais do que feliz por esperar por uma vaga na Alpine e continuar crescendo com eles.&#8221;<\/p>\n\n\n\n<p class=\"wp-block-paragraph\">Por fim, Doohan respondeu sobre uma eventual chance de empr\u00e9stimo para outra equipe em 2024, dizendo que &#8220;seria \u00f3timo, mas isso \u00e9 futuro, ainda ser\u00e1 decidido&#8221;.<\/p>\n","protected":false},"excerpt":{"rendered":"<p>Jack Doohan declarou que se tivesse permanecido no Programa de Jovens Pilotos da Red Bull, &#8220;de maneira alguma participaria de dois treinos livres ou pilotaria um F\u00f3rmula 1&#8221;<\/p>\n","protected":false},"author":0,"featured_media":1000552645,"comment_status":"closed","ping_status":"closed","sticky":false,"template":"","format":"standard","meta":{"42wp_featured_image_caption":"","42wp_featured_image_credits":"","42wp_featured_video":"","42wp_featured_image_hidden":false,"42wp_authors_list":[],"footnotes":""},"categories":[2],"tags":[20491,147,1357,111,29651,180,1491,596,204,1707,975,30312],"42wp_author":[47147],"class_list":["post-106995","post","type-post","status-publish","format-standard","has-post-thumbnail","hentry","category-f1","tag-alpine","tag-f1","tag-f1-2022","tag-f2","tag-f2-2022","tag-formula-1","tag-grande-premio","tag-jack-doohan","tag-red-bull","tag-tl1","tag-treino-livre","tag-virtuosi","42wp_author-luana-marino"],"_links":{"self":[{"href":"https:\/\/grandepremio.com\/br\/wp-json\/wp\/v2\/posts\/106995","targetHints":{"allow":["GET"]}}],"collection":[{"href":"https:\/\/grandepremio.com\/br\/wp-json\/wp\/v2\/posts"}],"about":[{"href":"https:\/\/grandepremio.com\/br\/wp-json\/wp\/v2\/types\/post"}],"replies":[{"embeddable":true,"href":"https:\/\/grandepremio.com\/br\/wp-json\/wp\/v2\/comments?post=106995"}],"version-history":[{"count":0,"href":"https:\/\/grandepremio.com\/br\/wp-json\/wp\/v2\/posts\/106995\/revisions"}],"wp:featuredmedia":[{"embeddable":true,"href":"https:\/\/grandepremio.com\/br\/wp-json\/wp\/v2\/media\/1000552645"}],"wp:attachment":[{"href":"https:\/\/grandepremio.com\/br\/wp-json\/wp\/v2\/media?parent=106995"}],"wp:term":[{"taxonomy":"category","embeddable":true,"href":"https:\/\/grandepremio.com\/br\/wp-json\/wp\/v2\/categories?post=106995"},{"taxonomy":"post_tag","embeddable":true,"href":"https:\/\/grandepremio.com\/br\/wp-json\/wp\/v2\/tags?post=106995"},{"taxonomy":"42wp_author","embeddable":true,"href":"https:\/\/grandepremio.com\/br\/wp-json\/wp\/v2\/42wp_author?post=106995"}],"curies":[{"name":"wp","href":"https:\/\/api.w.org\/{rel}","templated":true}]}}