{"id":107012,"date":"2022-11-24T04:15:00","date_gmt":"2022-11-24T07:15:00","guid":{"rendered":"https:\/\/grandepremio.com\/br\/noticias\/fernando-alonso-detona-alpine-abandonos-formula-1-2022-nao-e-aceitavel-neste-nivel\/"},"modified":"2022-11-23T17:24:47","modified_gmt":"2022-11-23T20:24:47","slug":"fernando-alonso-detona-alpine-abandonos-formula-1-2022-nao-e-aceitavel-neste-nivel","status":"publish","type":"post","link":"https:\/\/grandepremio.com\/br\/f1\/fernando-alonso-detona-alpine-abandonos-formula-1-2022-nao-e-aceitavel-neste-nivel\/","title":{"rendered":"Alonso detona Alpine por abandonos na F1 2022: &#8220;N\u00e3o \u00e9 aceit\u00e1vel neste n\u00edvel&#8221;"},"content":{"rendered":"\n<p class=\"wp-block-paragraph\"><strong>Fernando Alonso<\/strong> encerrou seu segundo ciclo na <strong>Alpine<\/strong> em 2022. Depois de uma passagem com dois t\u00edtulos quando a equipe ainda se chamava Renault, o espanhol deixou o time com apenas um p\u00f3dio conquistado nos \u00faltimos dois anos. A temporada atual da <strong>F\u00f3rmula 1<\/strong> terminou de uma forma que acabou se tornando usual para o Pr\u00edncipe das Ast\u00farias: com mais um abandono no <strong>GP de Abu Dhabi<\/strong>.<\/p>\n\n\n\n<p class=\"wp-block-paragraph\">No total, foram seis ao longo de 2022, um n\u00famero bem acima de seu companheiro de equipe, <strong>Esteban Ocon<\/strong>, que s\u00f3 n\u00e3o completou o GP da Inglaterra, por conta de um acidente, e o GP de Singapura. O espanhol relembra que tamb\u00e9m sofreu com problemas de confiabilidade em outras sess\u00f5es durante a temporada e diz que o n\u00famero de abandonos \u00e9 inaceit\u00e1vel.<\/p>\n\n\n\n<p class=\"wp-block-paragraph\">\u201c\u00c9 fato que neste ano tivemos algumas coisas um pouco contra n\u00f3s no carro 14, seis abandonos. Mas tamb\u00e9m [aquelas corridas] em que n\u00e3o contam como abandono, mas foram problemas como na classifica\u00e7\u00e3o da Austr\u00e1lia, uma corrida sprint na \u00c1ustria onde nem come\u00e7amos e por a\u00ed vai. Ent\u00e3o, acho que foram nove ou dez problemas de confiabilidade, o que obviamente n\u00e3o \u00e9 aceit\u00e1vel neste n\u00edvel&#8221;, criticou Fernando.<\/p>\n\n\n\n<p class=\"wp-block-paragraph\"><strong>\u25b6\ufe0f\u00a0Inscreva-se nos dois canais do GRANDE PR\u00caMIO no YouTube:\u00a0<a href=\"https:\/\/www.youtube.com\/channel\/UC9OlHEgxoaY6QY6nWPoiqQg?sub_confirmation=1\" target=\"_blank\" rel=\"noreferrer noopener\">GP<\/a>\u00a0|\u00a0<a href=\"https:\/\/www.youtube.com\/channel\/UC9csiS6q_C3C0FYhyr1rnFA?sub_confirmation=1\" target=\"_blank\" rel=\"noreferrer noopener\">GP2<\/a><\/strong><br><strong>\u25b6\ufe0f\u00a0<a href=\"https:\/\/www.twitch.tv\/grandepremio\" target=\"_blank\" rel=\"noreferrer noopener\">Conhe\u00e7a o canal do GRANDE PR\u00caMIO na Twitch clicando aqui!<\/a><\/strong><\/p>\n\n\n\n<figure class=\"wp-block-image size-large\"><img decoding=\"async\" src=\"https:\/\/www.grandepremio.com\/br\/wp-content\/uploads\/2022\/11\/alpine-fernandoalonso-06-1024x683.jpg\" alt=\"\" class=\"wp-image-634686\"\/><figcaption>Fernando Alonso terminou 2022 na nona posi\u00e7\u00e3o (Foto: Alpine)<\/figcaption><\/figure>\n\n\n\n<p class=\"wp-block-paragraph\">Quando questionado se o ano de 2022 com a <strong>Alpine<\/strong> foi semelhante com seu per\u00edodo na <strong>McLaren<\/strong>, o espanhol achou a compara\u00e7\u00e3o injusta: &#8220;Acho que fomos mais competitivos neste ano. Quando terminamos as corridas, foi mais agrad\u00e1vel do que a McLaren-Honda, quando est\u00e1vamos sempre fora dos pontos, ent\u00e3o n\u00e3o vou comparar&#8221;, analisou Alonso.<\/p>\n\n\n\n<p class=\"wp-block-paragraph\">O Pr\u00edncipe das Ast\u00farias parte agora para um novo cap\u00edtulo de sua carreira com a <strong>Aston Martin<\/strong>. Alonso j\u00e1 teve seu primeiro contato com a equipe nesta semana <a href=\"https:\/\/www.grandepremio.com\/br\/f1\/noticias\/fernando-alonso-100-feliz-aston-martin-freia-expectativa-carro-sera-diferente\/\" class=\"ek-link\">durante o teste de p\u00f3s-temporada em <strong>Abu Dhabi<\/strong><\/a> e diz estar ansioso para 2023.<\/p>\n\n\n\n<p class=\"wp-block-paragraph\">&#8220;Estou feliz por terminar este cap\u00edtulo e come\u00e7ar com uma nova motiva\u00e7\u00e3o. O projeto \u00e9 incr\u00edvel, o que eles est\u00e3o fazendo em termos de recrutamento de pessoas, instala\u00e7\u00f5es e investimento. Acho que bons tempos est\u00e3o chegando, ent\u00e3o mal posso esperar pelo ano que vem&#8221;, concluiu Fernando.<\/p>\n","protected":false},"excerpt":{"rendered":"<p>Fernando Alonso terminou a temporada de 2022 abandonando o GP de Abu Dhabi, a sexta quebra de sua Alpine no ano. De sa\u00edda para a Aston Martin, o espanhol foi duro nas cr\u00edticas<\/p>\n","protected":false},"author":0,"featured_media":1000635447,"comment_status":"closed","ping_status":"closed","sticky":false,"template":"","format":"standard","meta":{"42wp_featured_image_caption":"","42wp_featured_image_credits":"","42wp_featured_video":"","42wp_featured_image_hidden":false,"42wp_authors_list":[],"footnotes":""},"categories":[2],"tags":[20491,309,302,147,1357,176,180,26841,25424,32456,1491],"42wp_author":[47144],"class_list":["post-107012","post","type-post","status-publish","format-standard","has-post-thumbnail","hentry","category-f1","tag-alpine","tag-aston-martin","tag-esteban-ocon","tag-f1","tag-f1-2022","tag-fernando-alonso","tag-formula-1","tag-formula-1-2022","tag-gp-de-abu-dhabi","tag-gp-de-abu-dhabi-2022","tag-grande-premio","42wp_author-andre-netto"],"_links":{"self":[{"href":"https:\/\/grandepremio.com\/br\/wp-json\/wp\/v2\/posts\/107012","targetHints":{"allow":["GET"]}}],"collection":[{"href":"https:\/\/grandepremio.com\/br\/wp-json\/wp\/v2\/posts"}],"about":[{"href":"https:\/\/grandepremio.com\/br\/wp-json\/wp\/v2\/types\/post"}],"replies":[{"embeddable":true,"href":"https:\/\/grandepremio.com\/br\/wp-json\/wp\/v2\/comments?post=107012"}],"version-history":[{"count":0,"href":"https:\/\/grandepremio.com\/br\/wp-json\/wp\/v2\/posts\/107012\/revisions"}],"wp:featuredmedia":[{"embeddable":true,"href":"https:\/\/grandepremio.com\/br\/wp-json\/wp\/v2\/media\/1000635447"}],"wp:attachment":[{"href":"https:\/\/grandepremio.com\/br\/wp-json\/wp\/v2\/media?parent=107012"}],"wp:term":[{"taxonomy":"category","embeddable":true,"href":"https:\/\/grandepremio.com\/br\/wp-json\/wp\/v2\/categories?post=107012"},{"taxonomy":"post_tag","embeddable":true,"href":"https:\/\/grandepremio.com\/br\/wp-json\/wp\/v2\/tags?post=107012"},{"taxonomy":"42wp_author","embeddable":true,"href":"https:\/\/grandepremio.com\/br\/wp-json\/wp\/v2\/42wp_author?post=107012"}],"curies":[{"name":"wp","href":"https:\/\/api.w.org\/{rel}","templated":true}]}}