{"id":107029,"date":"2022-11-23T05:00:00","date_gmt":"2022-11-23T08:00:00","guid":{"rendered":"https:\/\/grandepremio.com\/br\/noticias\/daniel-ricciardo-nao-quer-admitir-jornada-formula-1-chegou-fim-afirma-gabriel-carvalho\/"},"modified":"2022-11-22T18:50:16","modified_gmt":"2022-11-22T21:50:16","slug":"daniel-ricciardo-nao-quer-admitir-jornada-formula-1-chegou-fim-afirma-gabriel-carvalho","status":"publish","type":"post","link":"https:\/\/grandepremio.com\/br\/f1\/daniel-ricciardo-nao-quer-admitir-jornada-formula-1-chegou-fim-afirma-gabriel-carvalho\/","title":{"rendered":"Ricciardo n\u00e3o quer admitir, mas jornada na F1 chegou ao fim, afirma Gabriel Carvalho"},"content":{"rendered":"\n<p class=\"wp-block-paragraph\">Daniel Ricciardo deu adeus \u00e0 F\u00f3rmula 1 ap\u00f3s o GP de Abu Dhabi no \u00faltimo domingo (20). Sem contrato para 2023, o australiano espera voltar \u00e0 categoria em 2024, mas o caminho n\u00e3o deve ser f\u00e1cil. No Paddock GP #314, Gabriel Carvalho afirmou que Ricciardo j\u00e1 n\u00e3o tem mais espa\u00e7o nas principais equipes do grid como deseja.<\/p>\n\n\n\n<p class=\"wp-block-paragraph\"><strong>Assista ao trecho completo abaixo:<\/strong><\/p>\n\n\n\n<figure class=\"wp-block-embed is-type-rich is-provider-incorporar-manipulador wp-block-embed-incorporar-manipulador wp-embed-aspect-16-9 wp-has-aspect-ratio\"><div class=\"wp-block-embed__wrapper\">\nhttps:\/\/www.youtube.com\/watch?v=f1D-7W9m2lI?start=3397\n<\/div><\/figure>\n\n\n\n<p class=\"wp-block-paragraph\"><strong>\u25b6\ufe0f\u00a0Inscreva-se nos dois canais do GRANDE PR\u00caMIO no YouTube:\u00a0<a href=\"https:\/\/www.youtube.com\/channel\/UC9OlHEgxoaY6QY6nWPoiqQg?sub_confirmation=1\" target=\"_blank\" rel=\"noreferrer noopener\">GP<\/a>\u00a0|\u00a0<a href=\"https:\/\/www.youtube.com\/channel\/UC9csiS6q_C3C0FYhyr1rnFA?sub_confirmation=1\" target=\"_blank\" rel=\"noreferrer noopener\">GP2<\/a><\/strong><br><strong>\u25b6\ufe0f\u00a0<a href=\"https:\/\/www.twitch.tv\/grandepremio\" target=\"_blank\" rel=\"noreferrer noopener\">Conhe\u00e7a o canal do GRANDE PR\u00caMIO na Twitch clicando aqui!<\/a><\/strong><\/p>\n","protected":false},"excerpt":{"rendered":"<p>Daniel Ricciardo fez no \u00faltimo fim de semana sua \u00faltima corrida pela McLaren em Abu Dhabi. Sem contrato para 2023, carreira do australiano na F\u00f3rmula 1 pode ter chegado ao fim<\/p>\n","protected":false},"author":0,"featured_media":1000634568,"comment_status":"closed","ping_status":"closed","sticky":false,"template":"","format":"standard","meta":{"42wp_featured_image_caption":"","42wp_featured_image_credits":"","42wp_featured_video":"","42wp_featured_image_hidden":false,"42wp_authors_list":[],"footnotes":""},"categories":[2],"tags":[211,147,1357,180,26841,1492,25424,32456,1491,90,1537],"42wp_author":[47144],"class_list":["post-107029","post","type-post","status-publish","format-standard","has-post-thumbnail","hentry","category-f1","tag-daniel-ricciardo","tag-f1","tag-f1-2022","tag-formula-1","tag-formula-1-2022","tag-gabriel-carvalho","tag-gp-de-abu-dhabi","tag-gp-de-abu-dhabi-2022","tag-grande-premio","tag-mclaren","tag-paddock-gp","42wp_author-andre-netto"],"_links":{"self":[{"href":"https:\/\/grandepremio.com\/br\/wp-json\/wp\/v2\/posts\/107029","targetHints":{"allow":["GET"]}}],"collection":[{"href":"https:\/\/grandepremio.com\/br\/wp-json\/wp\/v2\/posts"}],"about":[{"href":"https:\/\/grandepremio.com\/br\/wp-json\/wp\/v2\/types\/post"}],"replies":[{"embeddable":true,"href":"https:\/\/grandepremio.com\/br\/wp-json\/wp\/v2\/comments?post=107029"}],"version-history":[{"count":0,"href":"https:\/\/grandepremio.com\/br\/wp-json\/wp\/v2\/posts\/107029\/revisions"}],"wp:featuredmedia":[{"embeddable":true,"href":"https:\/\/grandepremio.com\/br\/wp-json\/wp\/v2\/media\/1000634568"}],"wp:attachment":[{"href":"https:\/\/grandepremio.com\/br\/wp-json\/wp\/v2\/media?parent=107029"}],"wp:term":[{"taxonomy":"category","embeddable":true,"href":"https:\/\/grandepremio.com\/br\/wp-json\/wp\/v2\/categories?post=107029"},{"taxonomy":"post_tag","embeddable":true,"href":"https:\/\/grandepremio.com\/br\/wp-json\/wp\/v2\/tags?post=107029"},{"taxonomy":"42wp_author","embeddable":true,"href":"https:\/\/grandepremio.com\/br\/wp-json\/wp\/v2\/42wp_author?post=107029"}],"curies":[{"name":"wp","href":"https:\/\/api.w.org\/{rel}","templated":true}]}}