{"id":10703,"date":"2026-03-24T13:32:08","date_gmt":"2026-03-24T16:32:08","guid":{"rendered":"https:\/\/grandepremio.com\/br\/noticias\/nico-hulkenberg-destaca-aspecto-audi-precisa-fazer-melhor-gp-japao\/"},"modified":"2026-03-24T13:35:02","modified_gmt":"2026-03-24T16:35:02","slug":"nico-hulkenberg-destaca-aspecto-audi-precisa-fazer-melhor-gp-japao","status":"publish","type":"post","link":"https:\/\/grandepremio.com\/br\/f1\/nico-hulkenberg-destaca-aspecto-audi-precisa-fazer-melhor-gp-japao\/","title":{"rendered":"H\u00fclkenberg destaca aspecto em que Audi &#8220;precisa fazer melhor&#8221; no GP do Jap\u00e3o"},"content":{"rendered":"\n<p class=\"wp-block-paragraph\">Ainda zerado na <a href=\"https:\/\/www.grandepremio.com\/br\/galeria\/f1\/f1-2026-como-ficou-classificacao-campeonato-apos-gp-china-george-russell-lider\/\">classifica\u00e7\u00e3o do Mundial de Pilotos da <strong>F\u00f3rmula 1<\/strong><\/a> em 2026, <strong>Nico H\u00fclkenberg<\/strong> admitiu que espera um &#8220;desafio especial&#8221; para a <strong>Audi<\/strong> no <strong>GP do Jap\u00e3o<\/strong> deste fim de semana, terceira etapa da temporada. Entretanto, apesar dos infort\u00fanios enfrentados na <strong>Austr\u00e1lia<\/strong> e na <strong>China<\/strong>, o alem\u00e3o deixou claro que houve &#8220;sinais encorajadores&#8221; para a equipe, que, de acordo com ele, tamb\u00e9m precisa aproveitar melhor as oportunidades.<\/p>\n\n\n\n<p class=\"wp-block-paragraph\">\u00c9 verdade que o experiente competidor de 38 anos nem mesmo conseguiu largar em <strong>Melbourne<\/strong>, j\u00e1 que o <strong>R26<\/strong> apresentou problemas ainda na volta de apresenta\u00e7\u00e3o e precisou ser recolhido. Em <strong>Xangai<\/strong>, o dono do <strong>#27<\/strong> abandonou a sprint devido a novos problemas na unidade de pot\u00eancia e <a href=\"https:\/\/www.grandepremio.com\/br\/f1\/noticias\/nico-hulkenberg-comemora-corrida-concluida-china-cada-volta-util-agora\/\">teve de se contentar somente com o 11\u00ba lugar na corrida principal<\/a>, atr\u00e1s at\u00e9 mesmo de <strong>Carlos Sainz<\/strong>, que <a href=\"https:\/\/www.grandepremio.com\/br\/f1\/noticias\/alexander-albon-revela-williams-anda-tres-rodas-alerta-nada-parece-resolver\/\">tem sofrido com a <strong>Williams<\/strong><\/a>.<\/p>\n\n\n\n<figure class=\"wp-block-embed is-type-video is-provider-youtube wp-block-embed-youtube wp-embed-aspect-16-9 wp-has-aspect-ratio\"><div class=\"wp-block-embed__wrapper\">\n<iframe loading=\"lazy\" title=\"GOI\u00c2NIA VIRA UM DESASTRE NA MOTOGP E A F1 TEM BOMBA COM BORTOLETO | Paddock GP #448\" width=\"500\" height=\"281\" src=\"https:\/\/www.youtube.com\/embed\/64gFVYs3sZM?feature=oembed\" frameborder=\"0\" allow=\"accelerometer; autoplay; clipboard-write; encrypted-media; gyroscope; picture-in-picture; web-share\" referrerpolicy=\"strict-origin-when-cross-origin\" allowfullscreen><\/iframe>\n<\/div><\/figure>\n\n\n\n<h3 class=\"wp-block-heading has-vivid-red-color has-text-color has-link-color wp-elements-1\" id=\"h-gp-experience-o-novo-produto-do-grande-premio-conecta-voce-aos-maiores-eventos-de-esporte-a-motor-do-mundo-va-para-indianapolis-com-a-gente-saiba-aqui-todos-os-detalhes\"><strong>+ GP EXPERIENCE: o novo produto do GRANDE PR\u00caMIO conecta voc\u00ea aos maiores eventos de esporte a motor do mundo. V\u00e1 para Indian\u00e1polis com a gente:\u00a0<a href=\"https:\/\/gpexperience.tur.br\/\" target=\"_blank\" rel=\"noreferrer noopener\">saiba aqui todos os detalhes<\/a>.<\/strong><\/h3>\n\n\n\n<p class=\"wp-block-paragraph\">&#8220;Suzuka \u00e9 sempre um desafio especial: como pista, pode ser realmente exigente, mas tamb\u00e9m muito gratificante quando voc\u00ea acerta tudo&#8221;, come\u00e7ou H\u00fclkenberg, que aproveitou para fazer uma r\u00e1pida an\u00e1lise sobre as etapas anteriores. &#8220;As duas primeiras corridas foram um misto \u2014 certamente houve sinais encorajadores, mas tamb\u00e9m oportunidades perdidas em que precisamos fazer melhor&#8221;, pontuou.<\/p>\n\n\n\n<p class=\"wp-block-paragraph\">&#8220;O objetivo agora \u00e9 encaixar tudo e ter um fim de semana limpo, aproveitando ao m\u00e1ximo aquilo que podemos alcan\u00e7ar&#8221;, destacou. &#8220;Um dos destaques do fim de semana tamb\u00e9m ser\u00e3o os f\u00e3s: sempre recebemos uma recep\u00e7\u00e3o incr\u00edvel quando vamos ao Jap\u00e3o, e isso \u00e9 uma das coisas que torna essa corrida \u00fanica&#8221;, encerrou o titular da Audi.<\/p>\n\n\n\n<p class=\"wp-block-paragraph\" id=\"h-gp-experience-o-novo-produto-do-grande-premio-conecta-voce-aos-maiores-eventos-de-esporte-a-motor-do-mundo-va-para-indianapolis-com-a-gente-saiba-aqui-todos-os-detalhes\">A F1 volta \u00e0 pista para a terceira etapa da temporada neste fim de semana, no&nbsp;<strong>GP do Jap\u00e3o<\/strong>, entre os dias&nbsp;<strong>27 e 29 de mar\u00e7o<\/strong>. O&nbsp;<strong>GRANDE PR\u00caMIO<\/strong>&nbsp;acompanha todas as atividades<a href=\"https:\/\/www.grandepremio.com\/br\/ao-vivo\/f1\/\">&nbsp;<strong>AO VIVO E EM&nbsp;<\/strong><\/a><strong><a href=\"https:\/\/www.grandepremio.com\/br\/ao-vivo\/\" target=\"_blank\" rel=\"noreferrer noopener\">TEMPO REAL<\/a><\/strong>,&nbsp;<a href=\"https:\/\/www.youtube.com\/@GrandePremio1\/streams\">al\u00e9m de classifica\u00e7\u00e3o e corrida em&nbsp;<strong>SEGUNDA TELA&nbsp;<\/strong>no YouTube<\/a>, em parceria com a&nbsp;<strong>Voz do Esporte<\/strong>. O&nbsp;<strong>Briefing&nbsp;<\/strong>chega para analisar ap\u00f3s o fim de cada dia de atividades nas redes sociais e na&nbsp;<strong>GPTV<\/strong>.<\/p>\n\n\n\n<h2 class=\"wp-block-heading\" id=\"h-gp-do-japao-de-f1-veja-os-horarios-em-brasil-cabo-verde-nbsp-portugal-angola-e-mocambique\"><strong>GP do Jap\u00e3o de F1: veja os hor\u00e1rios em Brasil, Cabo Verde,&nbsp;<a href=\"https:\/\/grandepremio.pt\/\" target=\"_blank\" rel=\"noreferrer noopener\">Portugal<\/a>, Angola e Mo\u00e7ambique:<\/strong><\/h2>\n\n\n\n<figure class=\"wp-block-table\"><table class=\"has-fixed-layout\"><tbody><tr><td class=\"has-text-align-left\" data-align=\"left\"><strong>Sess\u00e3o<\/strong><\/td><td class=\"has-text-align-left\" data-align=\"left\"><strong>BRA*<\/strong><\/td><td class=\"has-text-align-left\" data-align=\"left\"><strong>CBV<\/strong><\/td><td class=\"has-text-align-left\" data-align=\"left\"><strong>POR<\/strong><br><strong>ANG<\/strong><\/td><td class=\"has-text-align-left\" data-align=\"left\"><strong>MOZ<\/strong><\/td><\/tr><tr><td class=\"has-text-align-left\" data-align=\"left\">Treino livre 1<\/td><td class=\"has-text-align-left\" data-align=\"left\">23:30<\/td><td class=\"has-text-align-left\" data-align=\"left\">01:30<\/td><td class=\"has-text-align-left\" data-align=\"left\">03:30<\/td><td class=\"has-text-align-left\" data-align=\"left\">04:30<\/td><\/tr><tr><td class=\"has-text-align-left\" data-align=\"left\">Treino livre 2<\/td><td class=\"has-text-align-left\" data-align=\"left\">03:00<\/td><td class=\"has-text-align-left\" data-align=\"left\">05:30<\/td><td class=\"has-text-align-left\" data-align=\"left\">07:00<\/td><td class=\"has-text-align-left\" data-align=\"left\">08:00<\/td><\/tr><tr><td class=\"has-text-align-left\" data-align=\"left\">Treino livre 3<\/td><td class=\"has-text-align-left\" data-align=\"left\">23:30<\/td><td class=\"has-text-align-left\" data-align=\"left\">01:30<\/td><td class=\"has-text-align-left\" data-align=\"left\">03:30<\/td><td class=\"has-text-align-left\" data-align=\"left\">04:30<\/td><\/tr><tr><td class=\"has-text-align-left\" data-align=\"left\">Classifica\u00e7\u00e3o<\/td><td class=\"has-text-align-left\" data-align=\"left\">03:00<\/td><td class=\"has-text-align-left\" data-align=\"left\">05:30<\/td><td class=\"has-text-align-left\" data-align=\"left\">07:00<\/td><td class=\"has-text-align-left\" data-align=\"left\">08:00<\/td><\/tr><tr><td class=\"has-text-align-left\" data-align=\"left\">Corrida<\/td><td class=\"has-text-align-left\" data-align=\"left\">02:00<\/td><td class=\"has-text-align-left\" data-align=\"left\">04:30<\/td><td class=\"has-text-align-left\" data-align=\"left\">06:00<\/td><td class=\"has-text-align-left\" data-align=\"left\">07:00<\/td><\/tr><\/tbody><\/table><\/figure>\n\n\n\n<p class=\"wp-block-paragraph\"><em>*Hor\u00e1rio de Bras\u00edlia<\/em><\/p>\n\n\n\n<p class=\"wp-block-paragraph\">\u25b6\ufe0f\u00a0<strong>Inscreva-se nos dois canais do GRANDE PR\u00caMIO no YouTube:<\/strong>\u00a0<strong><a href=\"https:\/\/www.youtube.com\/channel\/UC9OlHEgxoaY6QY6nWPoiqQg?sub_confirmation=1\">GP<\/a>\u00a0|\u00a0<a href=\"https:\/\/www.youtube.com\/channel\/UC9csiS6q_C3C0FYhyr1rnFA?sub_confirmation=1\">GPTV<\/a><\/strong><\/p>\n\n\n\n<h2 class=\"wp-block-heading\" id=\"h-f1-hoje-saiba-aqui-as-noticias-mais-importantes-do-dia-da-formula-1\"><strong>F1 hoje: saiba aqui as not\u00edcias mais importantes do dia da F\u00f3rmula 1<\/strong><\/h2>\n\n\n\n<p class=\"wp-block-paragraph\">\u25b6\ufe0f\u00a0<a href=\"https:\/\/www.grandepremio.com\/br\/f1\/noticias\/gabriel-bortoleto-confia-esforco-audi-volta-cima-japao-questao-evoluir\/\"><strong>Bortoleto confia em esfor\u00e7o da Audi para volta por cima no Jap\u00e3o: \u201c\u00c9 quest\u00e3o de evoluir\u201d<\/strong><\/a><br>\u25b6\ufe0f <a href=\"https:\/\/www.grandepremio.com\/br\/f1\/noticias\/audi-investigacao-pane-gabriel-bortoleto-china-foco-gp-do-japao\/\"><strong>Audi revela investiga\u00e7\u00e3o sobre pane de Bortoleto na China e aponta foco no GP do Jap\u00e3o<\/strong><\/a><br>\u25b6\ufe0f <strong><a href=\"https:\/\/www.grandepremio.com\/br\/f1\/noticias\/haas-inspira-godzilla-divulga-pintura-especial-gp-do-japao\/\">Haas se inspira em Godzilla e divulga pintura especial para o GP do Jap\u00e3o<\/a><\/strong><br>\u25b6\ufe0f\u00a0<a href=\"https:\/\/www.grandepremio.com\/br\/f1\/noticias\/atrito-mattia-binotto-conversa-aston-martin-por-que-jonathan-wheatley-deixou-chefia-audi\/\"><strong>Atrito com Binotto e papo com Aston Martin: por que Wheatley deixou chefia da Audi<\/strong><\/a><br>\u25b6\ufe0f\u00a0<a href=\"https:\/\/www.grandepremio.com\/br\/f1\/noticias\/charles-leclerc-mira-pressionar-mercedes-apesar-forca-f1-torci-para-nunca-aparecer\/\"><strong>Leclerc mira pressionar Mercedes apesar de for\u00e7a na F1: \u201cTorci para nunca aparecer\u201d<\/strong><\/a><br>\u25b6\ufe0f\u00a0<a href=\"https:\/\/www.grandepremio.com\/br\/f1\/noticias\/mercedes-adorna-asa-lobo-referencia-colecao-grife-gp-do-japao-f1\/\"><strong>Mercedes adorna asa com lobo em refer\u00eancia a cole\u00e7\u00e3o de grife para GP do Jap\u00e3o de F1<\/strong><\/a><\/p>\n","protected":false},"excerpt":{"rendered":"<p>Apesar dos infort\u00fanios sofridos nas duas primeiras etapas da temporada 2026, Nico H\u00fclkenberg deixou claro que a Audi precisa aproveitar melhor as oportunidades que surgirem<\/p>\n","protected":false},"author":0,"featured_media":1001060030,"comment_status":"closed","ping_status":"closed","sticky":false,"template":"","format":"standard","meta":{"42wp_featured_image_caption":"","42wp_featured_image_credits":"","42wp_featured_video":"","42wp_featured_image_hidden":false,"42wp_authors_list":[],"footnotes":""},"categories":[2],"tags":[970,26271,5273,147,29516,29148,180,31425,28995,3023,38972,1491,28285,30840,24855,46326,32659,1521,35129,608,46327,32660,31470],"42wp_author":[47160],"class_list":["post-10703","post","type-post","status-publish","format-standard","has-post-thumbnail","hentry","category-f1","tag-audi","tag-calendario-f1","tag-classificacao-f1","tag-f1","tag-f1-2026","tag-f1-hoje","tag-formula-1","tag-formula-1-2026","tag-formula-1-hoje","tag-gp-do-japao","tag-gp-do-japao-f1","tag-grande-premio","tag-grandepremio","tag-horarios-f1","tag-japao","tag-japao-2026","tag-japao-f1","tag-nico-hulkenberg","tag-onde-assistir-f1","tag-suzuka","tag-suzuka-2026","tag-suzuka-f1","tag-temporada-2026-f1","42wp_author-vicente-soella"],"_links":{"self":[{"href":"https:\/\/grandepremio.com\/br\/wp-json\/wp\/v2\/posts\/10703","targetHints":{"allow":["GET"]}}],"collection":[{"href":"https:\/\/grandepremio.com\/br\/wp-json\/wp\/v2\/posts"}],"about":[{"href":"https:\/\/grandepremio.com\/br\/wp-json\/wp\/v2\/types\/post"}],"replies":[{"embeddable":true,"href":"https:\/\/grandepremio.com\/br\/wp-json\/wp\/v2\/comments?post=10703"}],"version-history":[{"count":0,"href":"https:\/\/grandepremio.com\/br\/wp-json\/wp\/v2\/posts\/10703\/revisions"}],"wp:featuredmedia":[{"embeddable":true,"href":"https:\/\/grandepremio.com\/br\/wp-json\/wp\/v2\/media\/1001060030"}],"wp:attachment":[{"href":"https:\/\/grandepremio.com\/br\/wp-json\/wp\/v2\/media?parent=10703"}],"wp:term":[{"taxonomy":"category","embeddable":true,"href":"https:\/\/grandepremio.com\/br\/wp-json\/wp\/v2\/categories?post=10703"},{"taxonomy":"post_tag","embeddable":true,"href":"https:\/\/grandepremio.com\/br\/wp-json\/wp\/v2\/tags?post=10703"},{"taxonomy":"42wp_author","embeddable":true,"href":"https:\/\/grandepremio.com\/br\/wp-json\/wp\/v2\/42wp_author?post=10703"}],"curies":[{"name":"wp","href":"https:\/\/api.w.org\/{rel}","templated":true}]}}