{"id":107031,"date":"2022-11-23T04:30:00","date_gmt":"2022-11-23T07:30:00","guid":{"rendered":"https:\/\/grandepremio.com\/br\/noticias\/presidente-indy-revela-desejo-20-corridas-mas-quer-grandes-eventos\/"},"modified":"2022-11-29T12:42:39","modified_gmt":"2022-11-29T15:42:39","slug":"presidente-indy-revela-desejo-20-corridas-mas-quer-grandes-eventos","status":"publish","type":"post","link":"https:\/\/grandepremio.com\/br\/indy\/presidente-indy-revela-desejo-20-corridas-mas-quer-grandes-eventos\/","title":{"rendered":"Presidente da Indy revela desejo por 20 corridas, mas quer &#8220;grandes eventos&#8221;"},"content":{"rendered":"\n<p class=\"wp-block-paragraph\">A <strong><a href=\"https:\/\/www.grandepremio.com\/br\/indy\/noticias\/pato-oward-pilotos-passado-mclaren-ayrton-senna-gladiadores-epoca\/\" class=\"ek-link\">Indy<\/a><\/strong> manter\u00e1 o n\u00famero de 17 corridas no calend\u00e1rio em 2023, com as mesmas pra\u00e7as da temporada 2022. Presidente da categoria, <strong>Jay Frye <\/strong>esteve presente na exibi\u00e7\u00e3o da Juncos na Argentina, e comentou sobre a possibilidade de aumento da programa\u00e7\u00e3o nos pr\u00f3ximos anos.<\/p>\n\n\n\n<p class=\"wp-block-paragraph\">Em entrevista \u00e0 revista inglesa Autosport, Frye comentou sobre o processo de fideliza\u00e7\u00e3o das corridas da Indy ao longo dos anos, especialmente com certas datas. E que apesar de saber do desejo de diversas pra\u00e7as em entrar no calend\u00e1rio, cr\u00ea que a estabiliza\u00e7\u00e3o \u00e9 o primeiro passo antes de adotar novas provas.<\/p>\n\n\n\n<p class=\"wp-block-paragraph\">&#8220;As vezes, existe um n\u00famero X de pistas, sem contar as de rua que s\u00e3o diferentes, onde podemos ir. Existe um n\u00famero X de ovais. Sabemos as op\u00e7\u00f5es que temos. O mesmo para os mistos. Pistas de rua, \u00e9 claro, temos muitos pedidos de cidades, mas \u00e9 um grande comprometimento em fechar ruas. E h\u00e1 um grande gasto. Como pode funcionar?&#8221;, declarou.<\/p>\n\n\n\n<p class=\"wp-block-paragraph\"><strong>\u25b6\ufe0f\u00a0Inscreva-se nos dois canais do GRANDE PR\u00caMIO no YouTube:\u00a0<a href=\"https:\/\/www.youtube.com\/channel\/UC9OlHEgxoaY6QY6nWPoiqQg?sub_confirmation=1\" target=\"_blank\" rel=\"noreferrer noopener\">GP<\/a>\u00a0|\u00a0<a href=\"https:\/\/www.youtube.com\/channel\/UC9csiS6q_C3C0FYhyr1rnFA?sub_confirmation=1\" target=\"_blank\" rel=\"noreferrer noopener\">GP2<\/a><\/strong><\/p>\n\n\n\n<figure class=\"wp-block-image size-large\"><img decoding=\"async\" src=\"https:\/\/www.grandepremio.com\/br\/wp-content\/uploads\/2022\/11\/Fg6HZY0WAAIx3f--1024x683.jpg\" alt=\"\" class=\"wp-image-630822\"\/><figcaption>Juncos Hollinger tenta trazer Indy de volta \u00e0 Argentina (Foto: Reprodu\u00e7\u00e3o\/Twitter)<\/figcaption><\/figure>\n\n\n\n<p class=\"wp-block-paragraph\">&#8220;Estamos tentando obter igualdade de datas no calend\u00e1rio, ent\u00e3o basicamente estamos nos mesmos lugares ano ap\u00f3s ano. Do ponto de vista dos f\u00e3s, eles sabem que em um fim de semana, estaremos em St. Pete. Fizemos um trabalho muito bom com isso, mas agora precisamos ver o que vem a seguir&#8221;, seguiu.<\/p>\n\n\n\n<p class=\"wp-block-paragraph\">Frye tamb\u00e9m reconheceu que 20 corridas \u00e9 o n\u00famero ideal para formar um calend\u00e1rio, mas que n\u00e3o quer adicionar novas provas na programa\u00e7\u00e3o do campeonato apenas por adicionar, e que quer formar grandes eventos. <\/p>\n\n\n\n<p class=\"wp-block-paragraph\">&#8220;Minha opini\u00e3o pessoal \u00e9 que 20 \u00e9 o n\u00famero ideal. Estamos com 17 agora, mas voc\u00ea n\u00e3o simplesmente adiciona tr\u00eas. Voc\u00ea adiciona tr\u00eas grandes eventos. E h\u00e1 algo em torno disso. Iowa saiu, e quando voltou, virou um evento grande. Se f\u00f4ssemos adicionar um oval, que nos levaria a 18 corridas, gostar\u00edamos que se tornasse um grande evento&#8221;, completou.<\/p>\n\n\n\n<p class=\"wp-block-paragraph\">A temporada 2023 da Indy tem in\u00edcio no dia 5 de mar\u00e7o com o GP de S\u00e3o Petersburgo, nas ruas da cidade localizada na Fl\u00f3rida.<\/p>\n","protected":false},"excerpt":{"rendered":"<p>Jay Frye comentou sobre poss\u00edvel expans\u00e3o de calend\u00e1rio da Indy ap\u00f3s exibi\u00e7\u00e3o da Juncos na Argentina. Mandat\u00e1rio diz que 20 corridas \u00e9 n\u00famero ideal, mas que quer grandes eventos<\/p>\n","protected":false},"author":0,"featured_media":1000614020,"comment_status":"closed","ping_status":"closed","sticky":false,"template":"","format":"standard","meta":{"42wp_featured_image_caption":"","42wp_featured_image_credits":"","42wp_featured_video":"","42wp_featured_image_hidden":false,"42wp_authors_list":[],"footnotes":""},"categories":[3],"tags":[2980,24893,619,93,25977,588],"42wp_author":[47119],"class_list":["post-107031","post","type-post","status-publish","format-standard","has-post-thumbnail","hentry","category-indy","tag-500-milhas-indianapolis","tag-calendario","tag-formula-indy","tag-indy","tag-indy-2023","tag-jay-frye","42wp_author-gabriel-carvalho"],"_links":{"self":[{"href":"https:\/\/grandepremio.com\/br\/wp-json\/wp\/v2\/posts\/107031","targetHints":{"allow":["GET"]}}],"collection":[{"href":"https:\/\/grandepremio.com\/br\/wp-json\/wp\/v2\/posts"}],"about":[{"href":"https:\/\/grandepremio.com\/br\/wp-json\/wp\/v2\/types\/post"}],"replies":[{"embeddable":true,"href":"https:\/\/grandepremio.com\/br\/wp-json\/wp\/v2\/comments?post=107031"}],"version-history":[{"count":0,"href":"https:\/\/grandepremio.com\/br\/wp-json\/wp\/v2\/posts\/107031\/revisions"}],"wp:featuredmedia":[{"embeddable":true,"href":"https:\/\/grandepremio.com\/br\/wp-json\/wp\/v2\/media\/1000614020"}],"wp:attachment":[{"href":"https:\/\/grandepremio.com\/br\/wp-json\/wp\/v2\/media?parent=107031"}],"wp:term":[{"taxonomy":"category","embeddable":true,"href":"https:\/\/grandepremio.com\/br\/wp-json\/wp\/v2\/categories?post=107031"},{"taxonomy":"post_tag","embeddable":true,"href":"https:\/\/grandepremio.com\/br\/wp-json\/wp\/v2\/tags?post=107031"},{"taxonomy":"42wp_author","embeddable":true,"href":"https:\/\/grandepremio.com\/br\/wp-json\/wp\/v2\/42wp_author?post=107031"}],"curies":[{"name":"wp","href":"https:\/\/api.w.org\/{rel}","templated":true}]}}