{"id":107074,"date":"2022-11-21T12:15:25","date_gmt":"2022-11-21T15:15:25","guid":{"rendered":"https:\/\/grandepremio.com\/br\/noticias\/max-verstappen-diz-red-bull-nao-considerou-segurar-charles-leclerc-complicado-fazer\/"},"modified":"2022-11-23T12:58:44","modified_gmt":"2022-11-23T15:58:44","slug":"max-verstappen-diz-red-bull-nao-considerou-segurar-charles-leclerc-complicado-fazer","status":"publish","type":"post","link":"https:\/\/grandepremio.com\/br\/f1\/max-verstappen-diz-red-bull-nao-considerou-segurar-charles-leclerc-complicado-fazer\/","title":{"rendered":"Verstappen diz que Red Bull &#8220;n\u00e3o considerou&#8221; segurar Leclerc: &#8220;Complicado de fazer&#8221;"},"content":{"rendered":"\n<p class=\"wp-block-paragraph\">Depois da pol\u00eamica entre <strong>Max Verstappen<\/strong> e <strong>Sergio P\u00e9rez <\/strong>durante o <strong>GP de S\u00e3o Paulo<\/strong>, a <strong>Red Bull<\/strong> acalmou os \u00e2nimos e reiterou que os pilotos iriam se ajudar como equipe para tentar o <strong>vice-campeonato<\/strong> do mexicano, em <strong>Abu Dhabi<\/strong>. Mas n\u00e3o aconteceu. <strong>Charles Leclerc <\/strong>conseguiu ficar \u00e0 frente e terminar a temporada na segunda posi\u00e7\u00e3o do <strong>Mundial de Pilotos. <\/strong><\/p>\n\n\n\n<p class=\"wp-block-paragraph\">Quando questionado sobre a possibilidade de segurar o monegasco, o <strong>bicampe\u00e3o mundial<\/strong> revelou que n\u00e3o foi uma t\u00e1tica considerada pelos taurinos. Ele mesmo acredita que n\u00e3o seria algo justo. <\/p>\n\n\n\n<p class=\"wp-block-paragraph\">\u201c\u00c9 uma coisa bastante complicada de se fazer\u201d, disse Verstappen. &#8220;Claro, voc\u00ea pode segurar, mas isso \u00e9 uma corrida justa? Acho que n\u00e3o \u00e9 a maneira mais legal de terminar a temporada&#8221;, acrescentou.<\/p>\n\n\n\n<figure class=\"wp-block-image size-large\"><img decoding=\"async\" src=\"https:\/\/www.grandepremio.com\/br\/wp-content\/uploads\/2022\/11\/redbull-sergioperez-afp-02-1-1024x683.jpg\" alt=\"\" class=\"wp-image-635399\"\/><figcaption>Sergio P\u00e9rez n\u00e3o foi vice-campe\u00e3o (Foto: AFP) <\/figcaption><\/figure>\n\n\n\n<p class=\"wp-block-paragraph\">&#8220;Parecia que Checo o estava se aproximando para tentar fazer uma jogada, mas ent\u00e3o ele perdeu um pouco de tempo com aquela confus\u00e3o entre Pierre [Gasly] e Alex [Albon], provavelmente. [Ele] perdeu bastante tempo com isso, porque eu estava olhando para o tel\u00e3o!&#8221;, revelou.<\/p>\n\n\n\n<p class=\"wp-block-paragraph\">O holand\u00eas tamb\u00e9m reconhece que a equipe dos energ\u00e9ticos poderia ter seguido caminhos diferentes no <strong>circuito de Yas Marina<\/strong>, principalmente em rela\u00e7\u00e3o aos pneus. <\/p>\n\n\n\n<p class=\"wp-block-paragraph\">\u201cAcho que, como Checo disse, a degrada\u00e7\u00e3o [dos pneus] estava bastante alta no composto m\u00e9dio. Provavelmente, como equipe, poder\u00edamos ter for\u00e7ado um pouco mais naquele segundo stint para o Checo&#8221;, ele explicou.<\/p>\n\n\n\n<p class=\"wp-block-paragraph\">&#8220;Mas isso \u00e9 sempre f\u00e1cil de dizer depois. Na hora, pensamos que t\u00ednhamos de ter um pouco de cuidado com os pneus. Tivemos \u00f3timos fins de semana, mas mesmo em \u00f3timos fins de semana, sempre h\u00e1 coisas que voc\u00ea pode aprender&#8221;, encerrou Verstappen. <\/p>\n","protected":false},"excerpt":{"rendered":"<p>Max Verstappen admitiu que a Red Bull n\u00e3o considerou uma estrat\u00e9gia para segurar Charles Leclerc em Abu Dhabi e tamb\u00e9m reconheceu que n\u00e3o seria justo <\/p>\n","protected":false},"author":0,"featured_media":1000635122,"comment_status":"closed","ping_status":"closed","sticky":false,"template":"","format":"standard","meta":{"42wp_featured_image_caption":"","42wp_featured_image_credits":"","42wp_featured_video":"","42wp_featured_image_hidden":false,"42wp_authors_list":[],"footnotes":""},"categories":[2],"tags":[1276,147,1357,180,26841,32456,30299,1491,30103,28285],"42wp_author":[47139],"class_list":["post-107074","post","type-post","status-publish","format-standard","has-post-thumbnail","hentry","category-f1","tag-abu-dhabi","tag-f1","tag-f1-2022","tag-formula-1","tag-formula-1-2022","tag-gp-de-abu-dhabi-2022","tag-gp-de-abu-dhabi-de-f1","tag-grande-premio","tag-grande-premio-f1","tag-grandepremio","42wp_author-ana-cerveira"],"_links":{"self":[{"href":"https:\/\/grandepremio.com\/br\/wp-json\/wp\/v2\/posts\/107074","targetHints":{"allow":["GET"]}}],"collection":[{"href":"https:\/\/grandepremio.com\/br\/wp-json\/wp\/v2\/posts"}],"about":[{"href":"https:\/\/grandepremio.com\/br\/wp-json\/wp\/v2\/types\/post"}],"replies":[{"embeddable":true,"href":"https:\/\/grandepremio.com\/br\/wp-json\/wp\/v2\/comments?post=107074"}],"version-history":[{"count":0,"href":"https:\/\/grandepremio.com\/br\/wp-json\/wp\/v2\/posts\/107074\/revisions"}],"wp:featuredmedia":[{"embeddable":true,"href":"https:\/\/grandepremio.com\/br\/wp-json\/wp\/v2\/media\/1000635122"}],"wp:attachment":[{"href":"https:\/\/grandepremio.com\/br\/wp-json\/wp\/v2\/media?parent=107074"}],"wp:term":[{"taxonomy":"category","embeddable":true,"href":"https:\/\/grandepremio.com\/br\/wp-json\/wp\/v2\/categories?post=107074"},{"taxonomy":"post_tag","embeddable":true,"href":"https:\/\/grandepremio.com\/br\/wp-json\/wp\/v2\/tags?post=107074"},{"taxonomy":"42wp_author","embeddable":true,"href":"https:\/\/grandepremio.com\/br\/wp-json\/wp\/v2\/42wp_author?post=107074"}],"curies":[{"name":"wp","href":"https:\/\/api.w.org\/{rel}","templated":true}]}}