{"id":107077,"date":"2022-11-21T11:26:12","date_gmt":"2022-11-21T14:26:12","guid":{"rendered":"https:\/\/grandepremio.com\/br\/noticias\/pierre-gasly-conquistas-despedida-alphatauri-piloto-melhor-hoje\/"},"modified":"2022-11-21T12:36:31","modified_gmt":"2022-11-21T15:36:31","slug":"pierre-gasly-conquistas-despedida-alphatauri-piloto-melhor-hoje","status":"publish","type":"post","link":"https:\/\/grandepremio.com\/br\/f1\/pierre-gasly-conquistas-despedida-alphatauri-piloto-melhor-hoje\/","title":{"rendered":"Gasly relembra conquistas em despedida da AlphaTauri e diz: &#8220;Sou um piloto melhor hoje&#8221;"},"content":{"rendered":"\n<p class=\"wp-block-paragraph\"><strong>Pierre Gasly <\/strong>se despediu da <strong>AlphaTauri <\/strong>no \u00faltimo domingo (20), em um<strong> GP de Abu Dhabi<\/strong> que n\u00e3o deixou grandes saudades, e fez quest\u00e3o de agradecer \u00e0 equipe italiana ap\u00f3s a \u00faltima corrida do ano. O piloto, <a aria-label=\"14\u00ba colocado ao final da disputa (opens in a new tab)\" href=\"https:\/\/www.grandepremio.com\/br\/f1\/noticias\/max-verstappen-domina-gp-de-abu-dhabi-vence-15-formula-1-2022-charles-leclerc-conquista-vice\/\" target=\"_blank\" rel=\"noreferrer noopener\" class=\"ek-link\"><strong>14\u00ba colocado<\/strong> ao final da disputa<\/a>, preferiu focar nos momentos positivos que viveu ao lado da equipe \u2014 na qual chegou em 2017, ainda como Toro Rosso, para fazer sua estreia na F\u00f3rmula 1.<\/p>\n\n\n\n<p class=\"wp-block-paragraph\">&#8220;Eu n\u00e3o tenho muito a dizer sobre a corrida, tentamos uma estrat\u00e9gia que n\u00e3o funcionou&#8221;, lamentou Gasly. &#8220;Foi minha \u00faltima corrida com a AlphaTauri, e essa noite n\u00e3o representa o tempo que passamos juntos. Sempre vou lembrar todos os bons momentos que tive ao longo dos anos com a equipe: minha primeira corrida na F\u00f3rmula 1, meu primeiro p\u00f3dio e minha primeira vit\u00f3ria&#8221;, ressaltou.<\/p>\n\n\n\n<p class=\"wp-block-paragraph\"><strong>\u25b6\ufe0f&nbsp;<a href=\"https:\/\/www.twitch.tv\/grandepremio\" target=\"_blank\" rel=\"noreferrer noopener\">Conhe\u00e7a o canal do GRANDE PR\u00caMIO na Twitch clicando aqui!<\/a><\/strong><\/p>\n\n\n\n<figure class=\"wp-block-image size-large\"><img decoding=\"async\" src=\"https:\/\/www.grandepremio.com\/br\/wp-content\/uploads\/2022\/11\/alphatauri-yukitsunoda-01-14-1024x683.jpg\" alt=\"\" class=\"wp-image-635342\"\/><figcaption>Gasly embarca em uma nova jornada com a Alpine em 2023 (Foto: AlphaTauri)<\/figcaption><\/figure>\n\n\n\n<p class=\"wp-block-paragraph\"><strong>\u25b6\ufe0f&nbsp;Inscreva-se nos dois canais do GRANDE PR\u00caMIO no YouTube:&nbsp;<a href=\"https:\/\/www.youtube.com\/channel\/UC9OlHEgxoaY6QY6nWPoiqQg?sub_confirmation=1\" target=\"_blank\" rel=\"noreferrer noopener\">GP<\/a>&nbsp;|&nbsp;<a href=\"https:\/\/www.youtube.com\/channel\/UC9csiS6q_C3C0FYhyr1rnFA?sub_confirmation=1\" target=\"_blank\" rel=\"noreferrer noopener\">GP2<\/a><\/strong><\/p>\n\n\n\n<p class=\"wp-block-paragraph\">Gasly se despede da equipe pela qual conquistou sua \u00fanica vit\u00f3ria na F\u00f3rmula 1, no <strong>GP da It\u00e1lia de 2020<\/strong>, quando a AlphaTauri venceu sua primeira corrida na hist\u00f3ria sob o novo nome \u2014 <strong>Sebastian Vettel <\/strong>j\u00e1 havia vencido como Toro Rosso tamb\u00e9m em Monza, em 2008. Al\u00e9m disso, o franc\u00eas ainda foi a outros dois p\u00f3dios com o carro da equipe: no <strong>Brasil<\/strong>, em 2019, e no <strong>Azerbaij\u00e3o<\/strong>, em 2021.<\/p>\n\n\n\n<p class=\"wp-block-paragraph\">&#8220;Eu sei que sou um piloto melhor hoje, gra\u00e7as a essas pessoas, e fico agradecido por esses resultados&#8221;, destacou. &#8220;Quero agradec\u00ea-los do fundo do meu cora\u00e7\u00e3o, a todos que eu trabalhei, voc\u00eas fizeram um trabalho fant\u00e1stico. Conquistamos tr\u00eas p\u00f3dios incr\u00edveis, e agora \u00e9 o momento de celebrar essas mem\u00f3rias juntos&#8221;, encerrou o franc\u00eas.<\/p>\n\n\n\n<p class=\"wp-block-paragraph\">A partir do ano que vem, Gasly se juntar\u00e1 a <strong>Esteban Ocon <\/strong>na <strong>Alpine<\/strong>, que perdeu <strong>Fernando<\/strong> <strong>Alonso <\/strong>para a <strong>Aston Martin <\/strong>e viu o reserva <strong>Oscar Piastri <\/strong>fechar com a <strong>McLaren<\/strong>. Assim, a equipe de Faenza optou pela contrata\u00e7\u00e3o de <strong>Nyck de Vries <\/strong>para o lugar de Pierre em 2023 \u2014 <strong>Yuki Tsunoda <\/strong>continua por mais um ano.<\/p>\n","protected":false},"excerpt":{"rendered":"<p>De malas prontas para se juntar \u00e0 Alpine, Pierre Gasly se despediu da AlphaTauri em um GP de Abu Dhabi sem emo\u00e7\u00f5es e preferiu destacar os momentos positivos que viveu com a equipe<\/p>\n","protected":false},"author":0,"featured_media":1000635406,"comment_status":"closed","ping_status":"closed","sticky":false,"template":"","format":"standard","meta":{"42wp_featured_image_caption":"","42wp_featured_image_credits":"","42wp_featured_video":"","42wp_featured_image_hidden":false,"42wp_authors_list":[],"footnotes":""},"categories":[2],"tags":[2029,524,20491,1987,147,1357,180,25424,1491,30103,28285,676,1901],"42wp_author":[47142],"class_list":["post-107077","post","type-post","status-publish","format-standard","has-post-thumbnail","hentry","category-f1","tag-abu-dhabi-gp","tag-alphatauri","tag-alpine","tag-despedida","tag-f1","tag-f1-2022","tag-formula-1","tag-gp-de-abu-dhabi","tag-grande-premio","tag-grande-premio-f1","tag-grandepremio","tag-pierre-gasly","tag-yas-marina","42wp_author-jp-nascimento"],"_links":{"self":[{"href":"https:\/\/grandepremio.com\/br\/wp-json\/wp\/v2\/posts\/107077","targetHints":{"allow":["GET"]}}],"collection":[{"href":"https:\/\/grandepremio.com\/br\/wp-json\/wp\/v2\/posts"}],"about":[{"href":"https:\/\/grandepremio.com\/br\/wp-json\/wp\/v2\/types\/post"}],"replies":[{"embeddable":true,"href":"https:\/\/grandepremio.com\/br\/wp-json\/wp\/v2\/comments?post=107077"}],"version-history":[{"count":0,"href":"https:\/\/grandepremio.com\/br\/wp-json\/wp\/v2\/posts\/107077\/revisions"}],"wp:featuredmedia":[{"embeddable":true,"href":"https:\/\/grandepremio.com\/br\/wp-json\/wp\/v2\/media\/1000635406"}],"wp:attachment":[{"href":"https:\/\/grandepremio.com\/br\/wp-json\/wp\/v2\/media?parent=107077"}],"wp:term":[{"taxonomy":"category","embeddable":true,"href":"https:\/\/grandepremio.com\/br\/wp-json\/wp\/v2\/categories?post=107077"},{"taxonomy":"post_tag","embeddable":true,"href":"https:\/\/grandepremio.com\/br\/wp-json\/wp\/v2\/tags?post=107077"},{"taxonomy":"42wp_author","embeddable":true,"href":"https:\/\/grandepremio.com\/br\/wp-json\/wp\/v2\/42wp_author?post=107077"}],"curies":[{"name":"wp","href":"https:\/\/api.w.org\/{rel}","templated":true}]}}