{"id":107122,"date":"2022-11-20T08:36:41","date_gmt":"2022-11-20T11:36:41","guid":{"rendered":"https:\/\/grandepremio.com\/br\/noticias\/formula-1-encerra-temporada-2022-gp-de-abu-dhabi-noturno-ventos-fortes\/"},"modified":"2022-11-20T08:39:15","modified_gmt":"2022-11-20T11:39:15","slug":"formula-1-encerra-temporada-2022-gp-de-abu-dhabi-noturno-ventos-fortes","status":"publish","type":"post","link":"https:\/\/grandepremio.com\/br\/f1\/formula-1-encerra-temporada-2022-gp-de-abu-dhabi-noturno-ventos-fortes\/","title":{"rendered":"F\u00f3rmula 1 encerra temporada 2022 com GP de Abu Dhabi noturno de fortes ventos"},"content":{"rendered":"\n<p class=\"wp-block-paragraph\">\u00c9 dia da \u00faltima corrida da temporada 2022 da <strong>F\u00f3rmula 1<\/strong>. O <strong>GP de Abu Dhabi<\/strong>, marcado para a manh\u00e3 brasileira deste domingo (20), noite nos Emirados \u00c1rabes Unidos, acontece numa <strong>temperatura<\/strong> razo\u00e1vel para o pa\u00eds do Oriente M\u00e9dio. <strong>Os ventos<\/strong> ganham for\u00e7a em rela\u00e7\u00e3o aos \u00faltimos dias.<\/p>\n\n\n\n<p class=\"wp-block-paragraph\">As informa\u00e7\u00f5es s\u00e3o do servi\u00e7o de meteorologia Accuweather. Segundo o ve\u00edculo, a temperatura esperada para a largada, \u00e0s 17h locais [10h de Bras\u00edlia, GMT-3] \u00e9 de 27\u00b0C e sensa\u00e7\u00e3o t\u00e9rmica de 26\u00b0C na pista de rua estabelecida em Yas Marina. Na verdade, \u00e9 a expectativa para as duas horas de corrida.<\/p>\n\n\n\n<p class=\"wp-block-paragraph\"><strong>\u25b6\ufe0f\u00a0Inscreva-se nos dois canais do GRANDE PR\u00caMIO no YouTube:\u00a0<a href=\"https:\/\/www.youtube.com\/channel\/UC9OlHEgxoaY6QY6nWPoiqQg?sub_confirmation=1\" target=\"_blank\" rel=\"noreferrer noopener\">GP<\/a>\u00a0|\u00a0<a href=\"https:\/\/www.youtube.com\/channel\/UC9csiS6q_C3C0FYhyr1rnFA?sub_confirmation=1\" target=\"_blank\" rel=\"noreferrer noopener\">GP2<\/a><\/strong><br><strong>\u25b6\ufe0f\u00a0<a href=\"https:\/\/www.twitch.tv\/grandepremio\" target=\"_blank\" rel=\"noreferrer noopener\">Conhe\u00e7a o canal do GRANDE PR\u00caMIO na Twitch clicando aqui!<\/a><\/strong><\/p>\n\n\n\n<figure class=\"wp-block-image size-large\"><img decoding=\"async\" src=\"https:\/\/www.grandepremio.com\/br\/wp-content\/uploads\/2022\/11\/redbull-sergioperez-02-13-1024x576.jpg\" alt=\"\" class=\"wp-image-635036\"\/><figcaption>Encerramento da temporada 2022 da F\u00f3rmula 1 (Foto: Red Bull Content Pool)<\/figcaption><\/figure>\n\n\n\n<p class=\"wp-block-paragraph\">O princ\u00edpio da prova acontece ainda durante o hor\u00e1rio crepuscular, no fim da tarde local, mas antes de meia hora de corrida a expectativa \u00e9 que o c\u00e9u j\u00e1 esteja completamente dominado pela noite.<\/p>\n\n\n\n<p class=\"wp-block-paragraph\">No que diz respeito aos ventos, a for\u00e7a m\u00e9dia \u00e9 de 22km\/h, enquanto as rajadas alcan\u00e7am at\u00e9 39 km\/h. Na segunda hora de prova, as rajadas caem para apenas 33 km\/h, A umidade relativa do ar chega a 61%.<\/p>\n\n\n\n<p class=\"wp-block-paragraph\"><strong>Max Verstappen <a href=\"https:\/\/www.grandepremio.com\/br\/f1\/noticias\/max-verstappen-faz-valer-logica-conquista-ultima-pole-position-formula-1-2022-gp-de-abu-dhabi\/\" class=\"ek-link\">larga na pole do GP de Abu Dhabi<\/a><\/strong>, com <strong>Sergio P\u00e9rez<\/strong> completando a primeira fila da <strong>Red Bull<\/strong>. A segunda e terceira fila s\u00e3o, respectivamente, tomadas por <strong>Ferrari<\/strong> e <strong>Mercedes<\/strong>.<\/p>\n\n\n\n<p class=\"wp-block-paragraph\">O <strong>GRANDE PR\u00caMIO<\/strong> acompanha <strong><a href=\"https:\/\/www.grandepremio.com\/br\/ao-vivo\/\" class=\"ek-link\">AO VIVO E EM TEMPO REAL<\/a><\/strong> todas as atividades do fim de semana do GP de Abu Dhabi de F\u00f3rmula 1. <\/p>\n\n\n\n<figure class=\"wp-block-embed is-type-rich is-provider-spotify wp-block-embed-spotify wp-embed-aspect-21-9 wp-has-aspect-ratio\"><div class=\"wp-block-embed__wrapper\">\n<iframe title=\"Spotify Embed: Paddockast #174: Qual a maior treta? Um ranking das brigas do GP de S\u00e3o Paulo\" style=\"border-radius: 12px\" width=\"100%\" height=\"152\" frameborder=\"0\" allowfullscreen allow=\"autoplay; clipboard-write; encrypted-media; fullscreen; picture-in-picture\" loading=\"lazy\" src=\"https:\/\/open.spotify.com\/embed\/episode\/44CLUZWsdtWWmBffz18BOb?utm_source=oembed\"><\/iframe>\n<\/div><figcaption>Paddockast #174: Qual a maior treta? Um ranking das brigas do GP de S\u00e3o Paulo<\/figcaption><\/figure>\n","protected":false},"excerpt":{"rendered":"<p>O fim da temporada da F\u00f3rmula 1 acontece na noite de Abu Dhabi sem grandes efeitos clim\u00e1ticos. Os ventos se destacam e chegam a quase 40 km\/h<\/p>\n","protected":false},"author":0,"featured_media":1000635062,"comment_status":"closed","ping_status":"closed","sticky":false,"template":"","format":"standard","meta":{"42wp_featured_image_caption":"","42wp_featured_image_credits":"","42wp_featured_video":"","42wp_featured_image_hidden":false,"42wp_authors_list":[],"footnotes":""},"categories":[2],"tags":[1357,26841,25424,26877,1491,30103,28285,2033],"42wp_author":[47120],"class_list":["post-107122","post","type-post","status-publish","format-standard","has-post-thumbnail","hentry","category-f1","tag-f1-2022","tag-formula-1-2022","tag-gp-de-abu-dhabi","tag-gp-de-yas-marina","tag-grande-premio","tag-grande-premio-f1","tag-grandepremio","tag-temperatura","42wp_author-pedro-henrique-marum"],"_links":{"self":[{"href":"https:\/\/grandepremio.com\/br\/wp-json\/wp\/v2\/posts\/107122","targetHints":{"allow":["GET"]}}],"collection":[{"href":"https:\/\/grandepremio.com\/br\/wp-json\/wp\/v2\/posts"}],"about":[{"href":"https:\/\/grandepremio.com\/br\/wp-json\/wp\/v2\/types\/post"}],"replies":[{"embeddable":true,"href":"https:\/\/grandepremio.com\/br\/wp-json\/wp\/v2\/comments?post=107122"}],"version-history":[{"count":0,"href":"https:\/\/grandepremio.com\/br\/wp-json\/wp\/v2\/posts\/107122\/revisions"}],"wp:featuredmedia":[{"embeddable":true,"href":"https:\/\/grandepremio.com\/br\/wp-json\/wp\/v2\/media\/1000635062"}],"wp:attachment":[{"href":"https:\/\/grandepremio.com\/br\/wp-json\/wp\/v2\/media?parent=107122"}],"wp:term":[{"taxonomy":"category","embeddable":true,"href":"https:\/\/grandepremio.com\/br\/wp-json\/wp\/v2\/categories?post=107122"},{"taxonomy":"post_tag","embeddable":true,"href":"https:\/\/grandepremio.com\/br\/wp-json\/wp\/v2\/tags?post=107122"},{"taxonomy":"42wp_author","embeddable":true,"href":"https:\/\/grandepremio.com\/br\/wp-json\/wp\/v2\/42wp_author?post=107122"}],"curies":[{"name":"wp","href":"https:\/\/api.w.org\/{rel}","templated":true}]}}