{"id":107141,"date":"2022-11-19T13:15:43","date_gmt":"2022-11-19T16:15:43","guid":{"rendered":"https:\/\/grandepremio.com\/br\/noticias\/sebastian-vettel-admite-classificacao-emotiva-poe-meta-abu-dhabi-bater-alfa-romeo\/"},"modified":"2022-11-19T14:30:38","modified_gmt":"2022-11-19T17:30:38","slug":"sebastian-vettel-admite-classificacao-emotiva-poe-meta-abu-dhabi-bater-alfa-romeo","status":"publish","type":"post","link":"https:\/\/grandepremio.com\/br\/f1\/sebastian-vettel-admite-classificacao-emotiva-poe-meta-abu-dhabi-bater-alfa-romeo\/","title":{"rendered":"Vettel admite &#8220;classifica\u00e7\u00e3o emotiva&#8221; e p\u00f5e meta para Abu Dhabi: &#8220;Bater Alfa Romeo&#8221;"},"content":{"rendered":"\n<figure class=\"wp-block-embed is-type-video is-provider-youtube wp-block-embed-youtube wp-embed-aspect-16-9 wp-has-aspect-ratio\"><div class=\"wp-block-embed__wrapper\">\n<iframe loading=\"lazy\" title=\"F1 2022 , GP DE ABU DHABI: VERSTAPPEN POLE, P\u00c9REZ 2\u00ba | Briefing\" width=\"500\" height=\"281\" src=\"https:\/\/www.youtube.com\/embed\/VwFIhSpC5xs?feature=oembed\" frameborder=\"0\" allow=\"accelerometer; autoplay; clipboard-write; encrypted-media; gyroscope; picture-in-picture; web-share\" referrerpolicy=\"strict-origin-when-cross-origin\" allowfullscreen><\/iframe>\n<\/div><figcaption>TUDO SOBRE O S\u00c1BADO DE CLASSIFICA\u00c7\u00c3O DO GP DE ABU DHABI DE F1 | Briefing<\/figcaption><\/figure>\n\n\n\n<p class=\"wp-block-paragraph\">Est\u00e1 chegando ao fim. <strong>Sebastian Vettel<\/strong> viveu a \u00faltima tomada de tempos na F\u00f3rmula 1, neste s\u00e1bado (19), no <strong>GP de Abu Dhabi<\/strong>. E teve atua\u00e7\u00e3o de destaque, conseguindo levar a <strong>Aston Martin<\/strong> ao Q3. O tetracampe\u00e3o <strong><a href=\"https:\/\/www.grandepremio.com\/br\/f1\/noticias\/max-verstappen-faz-valer-logica-conquista-ultima-pole-position-formula-1-2022-gp-de-abu-dhabi\/\" class=\"ek-link\">vai largar na nona coloca\u00e7\u00e3o<\/a><\/strong> e j\u00e1 se sente confiante o bastante para tra\u00e7ar meta para a \u00faltima corrida: superar a <strong>Alfa Romeo<\/strong> no <strong><a href=\"https:\/\/www.grandepremio.com\/br\/f1\/classificacao\/\" class=\"ek-link\">Mundial de Construtores<\/a><\/strong>.<\/p>\n\n\n\n<p class=\"wp-block-paragraph\">Se <strong>Lance Stroll<\/strong> sai no 14\u00ba lugar, Vettel est\u00e1 bem posicionado para ao menos brigar por pontos. Sim, o domingo ser\u00e1 de despedida, com direito a homenagem no circuito de rua da Marina de Yas, mas o alem\u00e3o quer impulsionar a Aston Martin ao sexto lugar do Mundial. Para isso, precisa marca seis pontos a mais que a rival. A Alfa Romeo n\u00e3o andou bem em Abu Dhabi at\u00e9 agora: <strong>Guanyu Zhou<\/strong> e <strong>Valtteri Bottas<\/strong> s\u00e3o, respectivamente, 15\u00ba e 17\u00ba no grid.<\/p>\n\n\n\n<p class=\"wp-block-paragraph\"><strong>\u25b6\ufe0f\u00a0Inscreva-se nos dois canais do GRANDE PR\u00caMIO no YouTube:\u00a0<a href=\"https:\/\/www.youtube.com\/channel\/UC9OlHEgxoaY6QY6nWPoiqQg?sub_confirmation=1\" target=\"_blank\" rel=\"noreferrer noopener\">GP<\/a>\u00a0|\u00a0<a href=\"https:\/\/www.youtube.com\/channel\/UC9csiS6q_C3C0FYhyr1rnFA?sub_confirmation=1\" target=\"_blank\" rel=\"noreferrer noopener\">GP2<\/a><\/strong><br><strong>\u25b6\ufe0f\u00a0<a href=\"https:\/\/www.twitch.tv\/grandepremio\" target=\"_blank\" rel=\"noreferrer noopener\">Conhe\u00e7a o canal do GRANDE PR\u00caMIO na Twitch clicando aqui!<\/a><\/strong><\/p>\n\n\n\n<figure class=\"wp-block-image size-large\"><img decoding=\"async\" src=\"https:\/\/www.grandepremio.com\/br\/wp-content\/uploads\/2022\/11\/astonmartin-sebastianvettel-04-3-1024x683.jpg\" alt=\"\" class=\"wp-image-635025\"\/><figcaption>Sebastian Vettel tem objetivo para despedida (Foto: Aston Martin)<\/figcaption><\/figure>\n\n\n\n<p class=\"wp-block-paragraph\">&#8220;Acho que isso estava se desenhando. Eu fui ficando mais confort\u00e1vel ao longo do Q1 e durante o Q2. Gostaria de ter outro jogo de pneus para usar no Q3, mas, no geral, foi uma classifica\u00e7\u00e3o boa para a gente. Deu para classificar o carro numa posi\u00e7\u00e3o decente&#8221;, afirmou.<\/p>\n\n\n\n<p class=\"wp-block-paragraph\">&#8220;Ainda estou na zona de concentra\u00e7\u00e3o [da classifica\u00e7\u00e3o]. Foi uma classifica\u00e7\u00e3o emotiva, assim como tenho certeza de que ser\u00e1 amanh\u00e3, mas nossa meta \u00e9 superar a Alfa Romeo e conseguir o sexto lugar do Mundial de Construtores. Veremos o que d\u00e1 para fazer&#8221;, finalizou.<\/p>\n\n\n\n<p class=\"wp-block-paragraph\">O <strong>GRANDE PR\u00caMIO<\/strong> acompanha <strong><a href=\"https:\/\/www.grandepremio.com\/br\/ao-vivo\/\" class=\"ek-link\">AO VIVO E EM TEMPO REAL<\/a><\/strong> todas as atividades do fim de semana do GP de Abu Dhabi de F\u00f3rmula 1. No domingo, a largada est\u00e1 marcada para as 10h [de Bras\u00edlia, GMT-3]. <\/p>\n\n\n\n<figure class=\"wp-block-embed is-type-rich is-provider-spotify wp-block-embed-spotify wp-embed-aspect-21-9 wp-has-aspect-ratio\"><div class=\"wp-block-embed__wrapper\">\n<iframe title=\"Spotify Embed: Paddockast #174: Qual a maior treta? Um ranking das brigas do GP de S\u00e3o Paulo\" style=\"border-radius: 12px\" width=\"100%\" height=\"152\" frameborder=\"0\" allowfullscreen allow=\"autoplay; clipboard-write; encrypted-media; fullscreen; picture-in-picture\" loading=\"lazy\" src=\"https:\/\/open.spotify.com\/embed\/episode\/44CLUZWsdtWWmBffz18BOb?utm_source=oembed\"><\/iframe>\n<\/div><figcaption>Paddockast #174: Qual a maior treta? Um ranking das brigas do GP de S\u00e3o Paulo<\/figcaption><\/figure>\n","protected":false},"excerpt":{"rendered":"<p>Sebastian Vettel viveu a \u00faltima classifica\u00e7\u00e3o dele no Mundial de F\u00f3rmula 1, foi ao Q3 e saiu animado o bastante para tra\u00e7ar objetivo arrojado<\/p>\n","protected":false},"author":0,"featured_media":1000635045,"comment_status":"closed","ping_status":"closed","sticky":false,"template":"","format":"standard","meta":{"42wp_featured_image_caption":"","42wp_featured_image_credits":"","42wp_featured_video":"","42wp_featured_image_hidden":false,"42wp_authors_list":[],"footnotes":""},"categories":[2],"tags":[309,1357,26841,25424,26877,1491,30103,28285,210],"42wp_author":[47120],"class_list":["post-107141","post","type-post","status-publish","format-standard","has-post-thumbnail","hentry","category-f1","tag-aston-martin","tag-f1-2022","tag-formula-1-2022","tag-gp-de-abu-dhabi","tag-gp-de-yas-marina","tag-grande-premio","tag-grande-premio-f1","tag-grandepremio","tag-sebastian-vettel","42wp_author-pedro-henrique-marum"],"_links":{"self":[{"href":"https:\/\/grandepremio.com\/br\/wp-json\/wp\/v2\/posts\/107141","targetHints":{"allow":["GET"]}}],"collection":[{"href":"https:\/\/grandepremio.com\/br\/wp-json\/wp\/v2\/posts"}],"about":[{"href":"https:\/\/grandepremio.com\/br\/wp-json\/wp\/v2\/types\/post"}],"replies":[{"embeddable":true,"href":"https:\/\/grandepremio.com\/br\/wp-json\/wp\/v2\/comments?post=107141"}],"version-history":[{"count":0,"href":"https:\/\/grandepremio.com\/br\/wp-json\/wp\/v2\/posts\/107141\/revisions"}],"wp:featuredmedia":[{"embeddable":true,"href":"https:\/\/grandepremio.com\/br\/wp-json\/wp\/v2\/media\/1000635045"}],"wp:attachment":[{"href":"https:\/\/grandepremio.com\/br\/wp-json\/wp\/v2\/media?parent=107141"}],"wp:term":[{"taxonomy":"category","embeddable":true,"href":"https:\/\/grandepremio.com\/br\/wp-json\/wp\/v2\/categories?post=107141"},{"taxonomy":"post_tag","embeddable":true,"href":"https:\/\/grandepremio.com\/br\/wp-json\/wp\/v2\/tags?post=107141"},{"taxonomy":"42wp_author","embeddable":true,"href":"https:\/\/grandepremio.com\/br\/wp-json\/wp\/v2\/42wp_author?post=107141"}],"curies":[{"name":"wp","href":"https:\/\/api.w.org\/{rel}","templated":true}]}}