{"id":107143,"date":"2022-11-19T12:52:38","date_gmt":"2022-11-19T15:52:38","guid":{"rendered":"https:\/\/grandepremio.com\/br\/noticias\/mercedes-reconhece-passo-atras-abu-dhabi-treino-para-jogar-vaso-sanitario\/"},"modified":"2022-11-19T12:53:48","modified_gmt":"2022-11-19T15:53:48","slug":"mercedes-reconhece-passo-atras-abu-dhabi-treino-para-jogar-vaso-sanitario","status":"publish","type":"post","link":"https:\/\/grandepremio.com\/br\/f1\/mercedes-reconhece-passo-atras-abu-dhabi-treino-para-jogar-vaso-sanitario\/","title":{"rendered":"&#8220;Treino para jogar no vaso sanit\u00e1rio&#8221;: Mercedes reconhece &#8220;passo atr\u00e1s&#8221; em Abu Dhabi"},"content":{"rendered":"\n<p class=\"wp-block-paragraph\">A <strong>Mercedes<\/strong> n\u00e3o foi p\u00e1rea para a <strong>Red Bull<\/strong> no <a href=\"https:\/\/www.grandepremio.com\/br\/f1\/noticias\/max-verstappen-faz-valer-logica-conquista-ultima-pole-position-formula-1-2022-gp-de-abu-dhabi\/\" class=\"ek-link\">treino classificat\u00f3rio deste s\u00e1bado (19)<\/a>. Em<strong> Yas Marina<\/strong>, <strong>Max Verstappen<\/strong> e <strong>Sergio P\u00e9rez<\/strong> garantiram lugar na primeira fila do grid de largada para o <strong>GP de Abu Dhabi<\/strong> de <strong>F\u00f3rmula 1<\/strong> \u2014 enquanto <strong>Lewis Hamilton<\/strong> foi apenas o 5\u00ba e, <strong>George Russell<\/strong>, o 6\u00ba. A equipe alem\u00e3 ficou atr\u00e1s at\u00e9 mesmo da <strong>Ferrari<\/strong>.<\/p>\n\n\n\n<p class=\"wp-block-paragraph\"><strong>\u25b6\ufe0f\u00a0Inscreva-se nos dois canais do GRANDE PR\u00caMIO no YouTube:\u00a0<a href=\"https:\/\/www.youtube.com\/channel\/UC9OlHEgxoaY6QY6nWPoiqQg?sub_confirmation=1\" target=\"_blank\" rel=\"noreferrer noopener\">GP<\/a>\u00a0|\u00a0<a href=\"https:\/\/www.youtube.com\/channel\/UC9csiS6q_C3C0FYhyr1rnFA?sub_confirmation=1\" target=\"_blank\" rel=\"noreferrer noopener\">GP2<\/a><\/strong><br><strong>\u25b6\ufe0f\u00a0<a href=\"https:\/\/www.twitch.tv\/grandepremio\" target=\"_blank\" rel=\"noreferrer noopener\">Conhe\u00e7a o canal do GRANDE PR\u00caMIO na Twitch clicando aqui!<\/a><\/strong><\/p>\n\n\n\n<p class=\"wp-block-paragraph\">Ap\u00f3s a classifica\u00e7\u00e3o, <strong>Toto Wolff<\/strong> n\u00e3o economizou palavras para demonstrar sua insatisfa\u00e7\u00e3o com o rendimento das Flechas de Pratas em Abu Dhabi. E o chefe da Mercedes fez isso de maneira curiosa, para dizer o m\u00ednimo. <\/p>\n\n\n\n<p class=\"wp-block-paragraph\">&#8220;Descobri que hoje \u00e9 o Dia Mundial do Vaso Sanit\u00e1rio. Ent\u00e3o essa (sess\u00e3o) \u00e9 uma para jogar l\u00e1, no vaso&#8221;, come\u00e7ou a desabafar Toto. Para quem se pergunta: a data, institu\u00edda pela <strong>ONU<\/strong> (Organiza\u00e7\u00e3o das Na\u00e7\u00f5es Unidas), de fato \u00e9 celebrada no dia 19 de novembro \u2014 e pretende alertar para a crise sanit\u00e1ria mundial.<\/p>\n\n\n\n<figure class=\"wp-block-image size-large\"><img decoding=\"async\" src=\"https:\/\/www.grandepremio.com\/br\/wp-content\/uploads\/2022\/11\/52474174191_2e752d5bdd_k-1024x710.jpg\" alt=\"\" class=\"wp-image-632642\"\/><figcaption>Wolff n\u00e3o ficou nada satisfeito (Foto: Web Summit)<\/figcaption><\/figure>\n\n\n\n<p class=\"wp-block-paragraph\">&#8220;N\u00f3s n\u00e3o conseguimos executar nosso trabalho. Demos um passo para tr\u00e1s e eles (Ferrari), para frente. Tentamos uma configura\u00e7\u00e3o de alto <em>downforce<\/em> para esse conceito de pista, para termos uma boa corrida amanh\u00e3. Mas fomos t\u00e3o lentos nas retas que isso n\u00e3o resultou em nada&#8221;, reconheceu o chefe da Mercedes. <\/p>\n\n\n\n<p class=\"wp-block-paragraph\">Questionado se considerou alterar as configura\u00e7\u00f5es de um carro para o outro, Wolff disse que sim \u2014 mas fez um &#8216;por\u00e9m&#8217;. &#8220;N\u00f3s acreditamos que era muito melhor ter um alto <em>downforce<\/em> para proteger os pneus. Vamos ver&#8221;, disse.<\/p>\n\n\n\n<figure class=\"wp-block-embed is-type-rich is-provider-spotify wp-block-embed-spotify wp-embed-aspect-21-9 wp-has-aspect-ratio\"><div class=\"wp-block-embed__wrapper\">\n<iframe title=\"Spotify Embed: Paddockast #174: Qual a maior treta? Um ranking das brigas do GP de S\u00e3o Paulo\" style=\"border-radius: 12px\" width=\"100%\" height=\"152\" frameborder=\"0\" allowfullscreen allow=\"autoplay; clipboard-write; encrypted-media; fullscreen; picture-in-picture\" loading=\"lazy\" src=\"https:\/\/open.spotify.com\/embed\/episode\/44CLUZWsdtWWmBffz18BOb?utm_source=oembed\"><\/iframe>\n<\/div><\/figure>\n\n\n\n<p class=\"wp-block-paragraph\">Por fim, Wolff explicou o problema nos freios do <strong>W13<\/strong>, que gerou reclama\u00e7\u00f5es de Hamilton ao longo da sess\u00e3o classificat\u00f3ria em Abu Dhabi.<\/p>\n\n\n\n<p class=\"wp-block-paragraph\">&#8220;N\u00f3s temos esse estranho problema de &#8216;divis\u00e3o&#8217; nos freios. Em toda sess\u00e3o de classifica\u00e7\u00e3o, eles (pilotos) come\u00e7am a voltar e os freios se dividem. O duto esquerdo n\u00e3o faz a mesma coisa que o direito. Isso mexe com a estrutura de frenagem do carro. \u00c9 um grande problema para resolvermos nas f\u00e9rias&#8221;, finalizou.<\/p>\n\n\n\n<p class=\"wp-block-paragraph\">O\u00a0<strong>GRANDE PR\u00caMIO<\/strong>\u00a0acompanha\u00a0<strong><a href=\"https:\/\/www.grandepremio.com\/br\/ao-vivo\/\">AO VIVO E EM\u00a0<\/a><a href=\"https:\/\/www.grandepremio.com\/br\/ao-vivo\/\" target=\"_blank\" rel=\"noreferrer noopener\">TEMPO REAL<\/a><\/strong>\u00a0todas as atividades do fim de semana do GP de Abu Dhabi de\u00a0F\u00f3rmula 1. No domingo, a largada est\u00e1 marcada para as 10h [de Bras\u00edlia, GMT-3].<\/p>\n\n\n\n<figure class=\"wp-block-embed is-type-video is-provider-youtube wp-block-embed-youtube wp-embed-aspect-16-9 wp-has-aspect-ratio\"><div class=\"wp-block-embed__wrapper\">\n<iframe loading=\"lazy\" title=\"F1 2022 , GP DE ABU DHABI: VERSTAPPEN POLE, P\u00c9REZ 2\u00ba | Briefing\" width=\"500\" height=\"281\" src=\"https:\/\/www.youtube.com\/embed\/VwFIhSpC5xs?feature=oembed\" frameborder=\"0\" allow=\"accelerometer; autoplay; clipboard-write; encrypted-media; gyroscope; picture-in-picture; web-share\" referrerpolicy=\"strict-origin-when-cross-origin\" allowfullscreen><\/iframe>\n<\/div><figcaption>F1 2022 AO VIVO, GP DE ABU DHABI: VERSTAPPEN 1\u00ba, P\u00c9REZ 2\u00ba | Briefing<\/figcaption><\/figure>\n","protected":false},"excerpt":{"rendered":"<p>Chefe da equipe alem\u00e3, Toto Wolff lembrou o Dia Mundial do Vaso Sanit\u00e1rio para ilustrar sua insatisfa\u00e7\u00e3o com o rendimento das Flechas de Prata no s\u00e1bado em Yas Marina<\/p>\n","protected":false},"author":0,"featured_media":1000635099,"comment_status":"closed","ping_status":"closed","sticky":false,"template":"","format":"standard","meta":{"42wp_featured_image_caption":"","42wp_featured_image_credits":"","42wp_featured_video":"","42wp_featured_image_hidden":false,"42wp_authors_list":[],"footnotes":""},"categories":[2],"tags":[147,1357,180,26841,25424,32456,30299,33052,33053,33054,1491,28285,82,150,1901],"42wp_author":[47143],"class_list":["post-107143","post","type-post","status-publish","format-standard","has-post-thumbnail","hentry","category-f1","tag-f1","tag-f1-2022","tag-formula-1","tag-formula-1-2022","tag-gp-de-abu-dhabi","tag-gp-de-abu-dhabi-2022","tag-gp-de-abu-dhabi-de-f1","tag-gp-de-abu-dhabi-de-f1-2022","tag-gp-de-abu-dhabi-de-formula-1","tag-gp-de-abu-dhabi-de-formula-1-2022","tag-grande-premio","tag-grandepremio","tag-mercedes","tag-toto-wolff","tag-yas-marina","42wp_author-felipe-leite"],"_links":{"self":[{"href":"https:\/\/grandepremio.com\/br\/wp-json\/wp\/v2\/posts\/107143","targetHints":{"allow":["GET"]}}],"collection":[{"href":"https:\/\/grandepremio.com\/br\/wp-json\/wp\/v2\/posts"}],"about":[{"href":"https:\/\/grandepremio.com\/br\/wp-json\/wp\/v2\/types\/post"}],"replies":[{"embeddable":true,"href":"https:\/\/grandepremio.com\/br\/wp-json\/wp\/v2\/comments?post=107143"}],"version-history":[{"count":0,"href":"https:\/\/grandepremio.com\/br\/wp-json\/wp\/v2\/posts\/107143\/revisions"}],"wp:featuredmedia":[{"embeddable":true,"href":"https:\/\/grandepremio.com\/br\/wp-json\/wp\/v2\/media\/1000635099"}],"wp:attachment":[{"href":"https:\/\/grandepremio.com\/br\/wp-json\/wp\/v2\/media?parent=107143"}],"wp:term":[{"taxonomy":"category","embeddable":true,"href":"https:\/\/grandepremio.com\/br\/wp-json\/wp\/v2\/categories?post=107143"},{"taxonomy":"post_tag","embeddable":true,"href":"https:\/\/grandepremio.com\/br\/wp-json\/wp\/v2\/tags?post=107143"},{"taxonomy":"42wp_author","embeddable":true,"href":"https:\/\/grandepremio.com\/br\/wp-json\/wp\/v2\/42wp_author?post=107143"}],"curies":[{"name":"wp","href":"https:\/\/api.w.org\/{rel}","templated":true}]}}