{"id":107145,"date":"2022-11-19T12:35:38","date_gmt":"2022-11-19T15:35:38","guid":{"rendered":"https:\/\/grandepremio.com\/br\/noticias\/max-verstappen-ve-classificacao-incrivel-apesar-altos-e-baixos-red-bull-abu-dhabi\/"},"modified":"2022-11-19T12:42:47","modified_gmt":"2022-11-19T15:42:47","slug":"max-verstappen-ve-classificacao-incrivel-apesar-altos-e-baixos-red-bull-abu-dhabi","status":"publish","type":"post","link":"https:\/\/grandepremio.com\/br\/f1\/max-verstappen-ve-classificacao-incrivel-apesar-altos-e-baixos-red-bull-abu-dhabi\/","title":{"rendered":"Verstappen v\u00ea classifica\u00e7\u00e3o &#8220;incr\u00edvel&#8221; apesar de &#8220;altos e baixos&#8221; da Red Bull em Abu Dhabi"},"content":{"rendered":"\n<figure class=\"wp-block-embed is-type-video is-provider-youtube wp-block-embed-youtube wp-embed-aspect-16-9 wp-has-aspect-ratio\"><div class=\"wp-block-embed__wrapper\">\n<iframe loading=\"lazy\" title=\"F1 2022 , GP DE ABU DHABI: VERSTAPPEN POLE, P\u00c9REZ 2\u00ba | Briefing\" width=\"500\" height=\"281\" src=\"https:\/\/www.youtube.com\/embed\/VwFIhSpC5xs?feature=oembed\" frameborder=\"0\" allow=\"accelerometer; autoplay; clipboard-write; encrypted-media; gyroscope; picture-in-picture; web-share\" referrerpolicy=\"strict-origin-when-cross-origin\" allowfullscreen><\/iframe>\n<\/div><\/figure>\n\n\n\n<p class=\"wp-block-paragraph\">S\u00e9tima pole-position em 2022, a vig\u00e9sima na carreira da <strong>F\u00f3rmula 1<\/strong>, 14 vit\u00f3rias. O ano de <strong>Max Verstappen<\/strong> beira a perfei\u00e7\u00e3o e, neste s\u00e1bado (19), o <a href=\"https:\/\/www.grandepremio.com\/br\/f1\/noticias\/max-verstappen-faz-valer-logica-conquista-ultima-pole-position-formula-1-2022-gp-de-abu-dhabi\/\" class=\"ek-link\">bicampe\u00e3o mundial deu mais um passo importante<\/a> rumo ao Olimpo da F1.<\/p>\n\n\n\n<p class=\"wp-block-paragraph\">Com o tempo de 1min23s824, o holand\u00eas vai sair na frente na despedida da temporada 2022. Por\u00e9m, houve um momento bem confuso para o piloto. Em entrevista a <strong>David Coulthard<\/strong> ap\u00f3s a classifica\u00e7\u00e3o, Max n\u00e3o sabia explicar o porqu\u00ea do apuro em determinado momento do treino.<\/p>\n\n\n\n<p class=\"wp-block-paragraph\">&#8220;Tivemos altos e baixos. Come\u00e7ou muito bem, mas no Q2 foi um pouco confuso, n\u00e3o sei bem explicar por qu\u00ea. Com aquele jogo de pneus, n\u00e3o foi poss\u00edvel controlar a ader\u00eancia, mas ainda bem que no Q3 foi um pouco mais tranquilo&#8221;, disse o bicampe\u00e3o.<\/p>\n\n\n\n<figure class=\"wp-block-image size-large\"><img decoding=\"async\" src=\"https:\/\/www.grandepremio.com\/br\/wp-content\/uploads\/2022\/11\/redbull-maxverstappen-05-3-1024x683.jpg\" alt=\"\" class=\"wp-image-635103\"\/><figcaption>Max Verstappen e Sergio P\u00e9rez fecham a primeira fila em Abu Dhabi (Foto: Red Bull Content Pool)<\/figcaption><\/figure>\n\n\n\n<p class=\"wp-block-paragraph\">Al\u00e9m do problema com pneus, o <strong>RB18<\/strong> chegou a ter um apag\u00e3o antes da primeira tentativa de volta r\u00e1pida no Q3. &#8220;Que susto! Tivemos de reiniciar tudo para poder sair, mas as duas tentativas seguintes foram boas o suficiente. Hoje foi incr\u00edvel.&#8221;<\/p>\n\n\n\n<p class=\"wp-block-paragraph\"><strong>\u25b6\ufe0f&nbsp;Inscreva-se nos dois canais do GRANDE PR\u00caMIO no YouTube:&nbsp;<a href=\"https:\/\/www.youtube.com\/channel\/UC9OlHEgxoaY6QY6nWPoiqQg?sub_confirmation=1\" target=\"_blank\" rel=\"noreferrer noopener\">GP<\/a>&nbsp;|&nbsp;<a href=\"https:\/\/www.youtube.com\/channel\/UC9csiS6q_C3C0FYhyr1rnFA?sub_confirmation=1\" target=\"_blank\" rel=\"noreferrer noopener\">GP2<\/a><\/strong><br><strong>\u25b6\ufe0f&nbsp;<a href=\"https:\/\/www.twitch.tv\/grandepremio\" target=\"_blank\" rel=\"noreferrer noopener\">Conhe\u00e7a o canal do GRANDE PR\u00caMIO na Twitch clicando aqui!<\/a><\/strong><\/p>\n\n\n\n<p class=\"wp-block-paragraph\">Se nada vai mudar para Verstappen, a primeira fila tem fundamental import\u00e2ncia para a <strong>Red Bull<\/strong>, afinal, <strong>Sergio P\u00e9rez<\/strong> vai largar ao seu lado. A expectativa, agora, ser\u00e1 para saber qual estrat\u00e9gia ser\u00e1 adotada para dar ao mexicano a chance de conquistar o vice-campeonato no Mundial de Pilotos.<\/p>\n\n\n\n<p class=\"wp-block-paragraph\">&#8220;Estou muito satisfeito, quero vencer a corrida mas, claro, espero que Checo [P\u00e9rez] termine em segundo. \u00c9 um \u00f3timo come\u00e7o e espero que seja uma boa batalha amanh\u00e3 para que, assim, possamos atingir nossos objetivos&#8221;, completou Max.<\/p>\n\n\n\n<p class=\"wp-block-paragraph\">O&nbsp;<strong>GRANDE PR\u00caMIO<\/strong>&nbsp;acompanha&nbsp;<strong><a href=\"https:\/\/www.grandepremio.com\/br\/ao-vivo\/\">AO VIVO E EM&nbsp;<\/a><a href=\"https:\/\/www.grandepremio.com\/br\/ao-vivo\/\" target=\"_blank\" rel=\"noreferrer noopener\">TEMPO REAL<\/a><\/strong>&nbsp;todas as atividades do fim de semana do GP de Abu Dhabi de&nbsp;<a href=\"https:\/\/www.grandepremio.com\/formula-1\/\" target=\"_blank\" rel=\"noreferrer noopener\">F\u00f3rmula 1<\/a>. No domingo, a largada est\u00e1 marcada para as 10h [de Bras\u00edlia, GMT-3].<\/p>\n","protected":false},"excerpt":{"rendered":"<p>A s\u00e9tima pole de Max Verstappen em 2022 veio, apesar de dificuldades com jogo de pneus no Q2 e apag\u00e3o do RB18 no in\u00edcio do Q3 em Abu Dhabi.<\/p>\n","protected":false},"author":0,"featured_media":1000635076,"comment_status":"closed","ping_status":"closed","sticky":false,"template":"","format":"standard","meta":{"42wp_featured_image_caption":"","42wp_featured_image_credits":"","42wp_featured_video":"","42wp_featured_image_hidden":false,"42wp_authors_list":[],"footnotes":""},"categories":[2],"tags":[147,1357,180,26841,25424,32456,30299,33052,33053,33054,1491,28285,203,204,3132],"42wp_author":[47128],"class_list":["post-107145","post","type-post","status-publish","format-standard","has-post-thumbnail","hentry","category-f1","tag-f1","tag-f1-2022","tag-formula-1","tag-formula-1-2022","tag-gp-de-abu-dhabi","tag-gp-de-abu-dhabi-2022","tag-gp-de-abu-dhabi-de-f1","tag-gp-de-abu-dhabi-de-f1-2022","tag-gp-de-abu-dhabi-de-formula-1","tag-gp-de-abu-dhabi-de-formula-1-2022","tag-grande-premio","tag-grandepremio","tag-max-verstappen","tag-red-bull","tag-sergio-perez","42wp_author-guilherme-bloisi"],"_links":{"self":[{"href":"https:\/\/grandepremio.com\/br\/wp-json\/wp\/v2\/posts\/107145","targetHints":{"allow":["GET"]}}],"collection":[{"href":"https:\/\/grandepremio.com\/br\/wp-json\/wp\/v2\/posts"}],"about":[{"href":"https:\/\/grandepremio.com\/br\/wp-json\/wp\/v2\/types\/post"}],"replies":[{"embeddable":true,"href":"https:\/\/grandepremio.com\/br\/wp-json\/wp\/v2\/comments?post=107145"}],"version-history":[{"count":0,"href":"https:\/\/grandepremio.com\/br\/wp-json\/wp\/v2\/posts\/107145\/revisions"}],"wp:featuredmedia":[{"embeddable":true,"href":"https:\/\/grandepremio.com\/br\/wp-json\/wp\/v2\/media\/1000635076"}],"wp:attachment":[{"href":"https:\/\/grandepremio.com\/br\/wp-json\/wp\/v2\/media?parent=107145"}],"wp:term":[{"taxonomy":"category","embeddable":true,"href":"https:\/\/grandepremio.com\/br\/wp-json\/wp\/v2\/categories?post=107145"},{"taxonomy":"post_tag","embeddable":true,"href":"https:\/\/grandepremio.com\/br\/wp-json\/wp\/v2\/tags?post=107145"},{"taxonomy":"42wp_author","embeddable":true,"href":"https:\/\/grandepremio.com\/br\/wp-json\/wp\/v2\/42wp_author?post=107145"}],"curies":[{"name":"wp","href":"https:\/\/api.w.org\/{rel}","templated":true}]}}