{"id":107167,"date":"2022-11-18T13:32:45","date_gmt":"2022-11-18T16:32:45","guid":{"rendered":"https:\/\/grandepremio.com\/br\/noticias\/sebastian-vettel-sexta-como-muitas-outras-abu-dhabi-admite-estranho-ser-ultima\/"},"modified":"2022-11-18T13:52:50","modified_gmt":"2022-11-18T16:52:50","slug":"sebastian-vettel-sexta-como-muitas-outras-abu-dhabi-admite-estranho-ser-ultima","status":"publish","type":"post","link":"https:\/\/grandepremio.com\/br\/f1\/sebastian-vettel-sexta-como-muitas-outras-abu-dhabi-admite-estranho-ser-ultima\/","title":{"rendered":"Vettel v\u00ea &#8220;sexta como muitas outras&#8221; em Abu Dhabi, mas admite: &#8220;Estranho ser a \u00faltima&#8221;"},"content":{"rendered":"\n<figure class=\"wp-block-embed is-type-video is-provider-youtube wp-block-embed-youtube wp-embed-aspect-16-9 wp-has-aspect-ratio\"><div class=\"wp-block-embed__wrapper\">\n<iframe loading=\"lazy\" title=\"F1 2022, GP DE ABU DHABI: VERSTAPPEN LIDERA, MAS E A TRETA COM P\u00c9REZ? | Briefing\" width=\"500\" height=\"281\" src=\"https:\/\/www.youtube.com\/embed\/6shD5_sW85o?feature=oembed\" frameborder=\"0\" allow=\"accelerometer; autoplay; clipboard-write; encrypted-media; gyroscope; picture-in-picture; web-share\" referrerpolicy=\"strict-origin-when-cross-origin\" allowfullscreen><\/iframe>\n<\/div><figcaption>TUDO SOBRE A SEXTA-FEIRA DE TREINOS LIVRES DO GP DE ABU DHABI DE F1 | Briefing<\/figcaption><\/figure>\n\n\n\n<p class=\"wp-block-paragraph\">O <strong>GP de Abu Dhabi<\/strong> representa a \u00faltima corrida da carreira de <strong>Sebastian Vettel<\/strong> na <strong>F\u00f3rmula 1<\/strong>. De aposentadoria marcada, o tetracampe\u00e3o mundial encerra a trajet\u00f3ria dele pela categoria e pela <strong>Aston Martin<\/strong>. Ao terminar esta sexta-feira (18) de treinos livres, ainda que seja um dia como outros, admite: a sensa\u00e7\u00e3o \u00e9 um tanto esquisita.<\/p>\n\n\n\n<p class=\"wp-block-paragraph\"><strong>\u25b6\ufe0f\u00a0Inscreva-se nos dois canais do GRANDE PR\u00caMIO no YouTube:\u00a0<a href=\"https:\/\/www.youtube.com\/channel\/UC9OlHEgxoaY6QY6nWPoiqQg?sub_confirmation=1\" target=\"_blank\" rel=\"noreferrer noopener\">GP<\/a>\u00a0|\u00a0<a href=\"https:\/\/www.youtube.com\/channel\/UC9csiS6q_C3C0FYhyr1rnFA?sub_confirmation=1\" target=\"_blank\" rel=\"noreferrer noopener\">GP2<\/a><\/strong><br><strong>\u25b6\ufe0f\u00a0<a href=\"https:\/\/www.twitch.tv\/grandepremio\" target=\"_blank\" rel=\"noreferrer noopener\">Conhe\u00e7a o canal do GRANDE PR\u00caMIO na Twitch clicando aqui!<\/a><\/strong><\/p>\n\n\n\n<p class=\"wp-block-paragraph\">Vettel se colocou com o melhor do resto, <strong><a href=\"https:\/\/www.grandepremio.com\/br\/f1\/noticias\/lewis-hamilton-lidera-1-2-mercedes-tl1-gp-de-abu-dhabi-pietro-fittipaldi-17-felipe-drugovich-20\/\" class=\"ek-link\">na sexta coloca\u00e7\u00e3o, no TL1<\/a><\/strong> em Abu Dhabi e <strong><a href=\"https:\/\/www.grandepremio.com\/br\/f1\/noticias\/max-verstappen-retoma-controle-lidera-tl2-gp-de-abu-dhabi-formula-1\/\" class=\"ek-link\">caiu para o 12\u00ba posto no treino posterior<\/a><\/strong>. De qualquer forma, aprovou o carro e disse ter conseguido se entender r\u00e1pido com a Aston Martin na pista montada em Yas Marina.<\/p>\n\n\n\n<p class=\"wp-block-paragraph\">&#8220;Foi uma sexta-feira como muitas outras, para ser honesto&#8221;, afirmou. &#8220;Uma vez que voc\u00ea sai da garagem, entra no ritmo e tenta se encontrar com o carro, que foi algo que n\u00e3o demorou muito para acontecer hoje, no TL1&#8221;, falou.<\/p>\n\n\n\n<figure class=\"wp-block-image size-large\"><img decoding=\"async\" src=\"https:\/\/www.grandepremio.com\/br\/wp-content\/uploads\/2022\/11\/astonmartin-sebastianvettel-01-9-1024x683.jpg\" alt=\"\" class=\"wp-image-634644\"\/><figcaption>Sebastian Vettel est\u00e1 no fim de semana de despedida (Foto: Aston Martin)<\/figcaption><\/figure>\n\n\n\n<p class=\"wp-block-paragraph\">&#8220;Foi a mesma coisa no treino da noite, mesmo com as mudan\u00e7as r\u00e1pidas pelas quais a pista passa quando o sol se p\u00f5e. Mas \u00e9 meio estranho que seja a \u00faltima sexta-feira&#8221;, seguiu.<\/p>\n\n\n\n<p class=\"wp-block-paragraph\">&#8220;No geral, um dia produtivo com muita quilometragem. Veremos o que d\u00e1 para fazer ao longo da noite e como podemos melhorar para amanh\u00e3&#8221;, finalizou.<\/p>\n\n\n\n<p class=\"wp-block-paragraph\">O <strong>GRANDE PR\u00caMIO<\/strong> acompanha <strong><a href=\"https:\/\/www.grandepremio.com\/br\/ao-vivo\/\" class=\"ek-link\">AO VIVO E EM TEMPO REAL<\/a><\/strong> todas as atividades do fim de semana do GP de Abu Dhabi de F\u00f3rmula 1. No s\u00e1bado, o TL3 est\u00e1 marcado para as 7h30 [de Bras\u00edlia, GMT-3], enquanto a classifica\u00e7\u00e3o come\u00e7a \u00e0s 11h.<\/p>\n\n\n\n<figure class=\"wp-block-embed is-type-rich is-provider-spotify wp-block-embed-spotify wp-embed-aspect-21-9 wp-has-aspect-ratio\"><div class=\"wp-block-embed__wrapper\">\n<iframe title=\"Spotify Embed: Paddockast #174: Qual a maior treta? Um ranking das brigas do GP de S\u00e3o Paulo\" style=\"border-radius: 12px\" width=\"100%\" height=\"152\" frameborder=\"0\" allowfullscreen allow=\"autoplay; clipboard-write; encrypted-media; fullscreen; picture-in-picture\" loading=\"lazy\" src=\"https:\/\/open.spotify.com\/embed\/episode\/44CLUZWsdtWWmBffz18BOb?utm_source=oembed\"><\/iframe>\n<\/div><figcaption>Paddockast #174: Qual a maior treta? Um ranking das brigas do GP de S\u00e3o Paulo<\/figcaption><\/figure>\n","protected":false},"excerpt":{"rendered":"<p>Sebastian Vettel n\u00e3o viu algo que tornou a sexta-feira do GP de Abu Dhabi em especial. Mas fica o fato de ter sido o \u00faltimo dia de treinos livres da carreira<\/p>\n","protected":false},"author":0,"featured_media":1000634565,"comment_status":"closed","ping_status":"closed","sticky":false,"template":"","format":"standard","meta":{"42wp_featured_image_caption":"","42wp_featured_image_credits":"","42wp_featured_video":"","42wp_featured_image_hidden":false,"42wp_authors_list":[],"footnotes":""},"categories":[2],"tags":[309,1357,26841,25424,26877,1491,30103,28285,210],"42wp_author":[47120],"class_list":["post-107167","post","type-post","status-publish","format-standard","has-post-thumbnail","hentry","category-f1","tag-aston-martin","tag-f1-2022","tag-formula-1-2022","tag-gp-de-abu-dhabi","tag-gp-de-yas-marina","tag-grande-premio","tag-grande-premio-f1","tag-grandepremio","tag-sebastian-vettel","42wp_author-pedro-henrique-marum"],"_links":{"self":[{"href":"https:\/\/grandepremio.com\/br\/wp-json\/wp\/v2\/posts\/107167","targetHints":{"allow":["GET"]}}],"collection":[{"href":"https:\/\/grandepremio.com\/br\/wp-json\/wp\/v2\/posts"}],"about":[{"href":"https:\/\/grandepremio.com\/br\/wp-json\/wp\/v2\/types\/post"}],"replies":[{"embeddable":true,"href":"https:\/\/grandepremio.com\/br\/wp-json\/wp\/v2\/comments?post=107167"}],"version-history":[{"count":0,"href":"https:\/\/grandepremio.com\/br\/wp-json\/wp\/v2\/posts\/107167\/revisions"}],"wp:featuredmedia":[{"embeddable":true,"href":"https:\/\/grandepremio.com\/br\/wp-json\/wp\/v2\/media\/1000634565"}],"wp:attachment":[{"href":"https:\/\/grandepremio.com\/br\/wp-json\/wp\/v2\/media?parent=107167"}],"wp:term":[{"taxonomy":"category","embeddable":true,"href":"https:\/\/grandepremio.com\/br\/wp-json\/wp\/v2\/categories?post=107167"},{"taxonomy":"post_tag","embeddable":true,"href":"https:\/\/grandepremio.com\/br\/wp-json\/wp\/v2\/tags?post=107167"},{"taxonomy":"42wp_author","embeddable":true,"href":"https:\/\/grandepremio.com\/br\/wp-json\/wp\/v2\/42wp_author?post=107167"}],"curies":[{"name":"wp","href":"https:\/\/api.w.org\/{rel}","templated":true}]}}