{"id":107197,"date":"2022-11-17T18:05:13","date_gmt":"2022-11-17T21:05:13","guid":{"rendered":"https:\/\/grandepremio.com\/br\/noticias\/pilotos-reunem-jantar-celebrar-corrida-final-sebastian-vettel-formula-1-abu-dhabi\/"},"modified":"2022-11-17T18:06:10","modified_gmt":"2022-11-17T21:06:10","slug":"pilotos-reunem-jantar-celebrar-corrida-final-sebastian-vettel-formula-1-abu-dhabi","status":"publish","type":"post","link":"https:\/\/grandepremio.com\/br\/f1\/pilotos-reunem-jantar-celebrar-corrida-final-sebastian-vettel-formula-1-abu-dhabi\/","title":{"rendered":"Pilotos se re\u00fanem em jantar para celebrar corrida final de Vettel na F1 em Abu Dhabi"},"content":{"rendered":"\n<p class=\"wp-block-paragraph\">Os vinte pilotos do grid da <strong>F\u00f3rmula 1<\/strong> de 2022 se reuniram na noite desta quinta-feira (17) para jantar e celebrar a \u00faltima corrida de <strong>Sebastian Vettel<\/strong>, que vai se aposentar da categoria neste fim de semana ap\u00f3s o <strong>GP de Abu Dhabi<\/strong>.<\/p>\n\n\n\n<p class=\"wp-block-paragraph\"><strong>George Russell<\/strong>, <strong>Pierre Gasly<\/strong> e <strong>Lando Norris<\/strong> foram alguns dos pilotos que postaram fotos do evento nas redes sociais. Al\u00e9m de Vettel, <strong>Nicholas Latifi<\/strong>, <strong>Daniel Ricciardo<\/strong> e <strong>Mick Schumacher<\/strong>, <a href=\"https:\/\/www.grandepremio.com\/br\/f1\/noticias\/haas-resgata-nico-hulkenberg-fecha-dupla-kevin-magnussen-finaliza-grid-formula-1-2023\/\" class=\"ek-link\">que recebeu a not\u00edcia da sa\u00edda da Haas nesta quinta<\/a>, tamb\u00e9m est\u00e3o se despedindo da categoria.<\/p>\n\n\n\n<p class=\"wp-block-paragraph\"><strong>\u25b6\ufe0f\u00a0Inscreva-se nos dois canais do GRANDE PR\u00caMIO no YouTube:\u00a0<a href=\"https:\/\/www.youtube.com\/channel\/UC9OlHEgxoaY6QY6nWPoiqQg?sub_confirmation=1\" target=\"_blank\" rel=\"noreferrer noopener\">GP<\/a>\u00a0|\u00a0<a href=\"https:\/\/www.youtube.com\/channel\/UC9csiS6q_C3C0FYhyr1rnFA?sub_confirmation=1\" target=\"_blank\" rel=\"noreferrer noopener\">GP2<\/a><\/strong><br><strong>\u25b6\ufe0f\u00a0<a href=\"https:\/\/www.twitch.tv\/grandepremio\" target=\"_blank\" rel=\"noreferrer noopener\">Conhe\u00e7a o canal do GRANDE PR\u00caMIO na Twitch clicando aqui!<\/a><\/strong><\/p>\n\n\n\n<figure class=\"wp-block-image size-large\"><img decoding=\"async\" src=\"https:\/\/www.grandepremio.com\/br\/wp-content\/uploads\/2022\/11\/image-1-1-1024x683.png\" alt=\"Jantar Vettel\" class=\"wp-image-634449\"\/><figcaption>Todos os pilotos do grid se reuniram nesta quinta-feira em jantar em Abu Dhabi para celebrar a carreira de Sebastian Vettel (Foto: Reprodu\u00e7\u00e3o\/Redes Sociais)<\/figcaption><\/figure>\n\n\n\n<p class=\"wp-block-paragraph\">Sebastian vai encerrar a carreira na <strong>F\u00f3rmula 1<\/strong> com n\u00fameros impressionantes. O tetracampe\u00e3o tem 53 vit\u00f3rias, 57 poles e 122 p\u00f3dios em 16 temporadas na categoria. O alem\u00e3o <a href=\"https:\/\/www.grandepremio.com\/br\/f1\/noticias\/sebastian-vettel-decide-deixar-formula-1-anuncia-aposentadoria-fim-temporada-2022\/\" class=\"ek-link\">anunciou a aposentadoria em julho<\/a> e ser\u00e1 substitu\u00eddo por<strong> Fernando Alonso<\/strong> na Aston Martin.<\/p>\n\n\n\n<p class=\"wp-block-paragraph\">O <strong>GRANDE PR\u00caMIO<\/strong> acompanha todas as atividades do GP de Abu Dhabi, \u00faltima etapa da temporada de 2022 da F1, <strong>AO VIVO<\/strong> e em <strong>TEMPO REAL<\/strong>. O primeiro treino livre est\u00e1 marcado para esta sexta-feira, com in\u00edcio \u00e0s 7h no hor\u00e1rio de Bras\u00edlia.<\/p>\n","protected":false},"excerpt":{"rendered":"<p>Os vinte pilotos da F\u00f3rmula 1 2022 se reuniram nesta quinta-feira (17) em Abu Dhabi para jantar e comemorar a \u00faltima corrida de Sebastian Vettel na categoria<\/p>\n","protected":false},"author":0,"featured_media":1000634447,"comment_status":"closed","ping_status":"closed","sticky":false,"template":"","format":"standard","meta":{"42wp_featured_image_caption":"","42wp_featured_image_credits":"","42wp_featured_video":"","42wp_featured_image_hidden":false,"42wp_authors_list":[],"footnotes":""},"categories":[2],"tags":[309,147,1357,180,26841,25424,32456,1491,210],"42wp_author":[47144],"class_list":["post-107197","post","type-post","status-publish","format-standard","has-post-thumbnail","hentry","category-f1","tag-aston-martin","tag-f1","tag-f1-2022","tag-formula-1","tag-formula-1-2022","tag-gp-de-abu-dhabi","tag-gp-de-abu-dhabi-2022","tag-grande-premio","tag-sebastian-vettel","42wp_author-andre-netto"],"_links":{"self":[{"href":"https:\/\/grandepremio.com\/br\/wp-json\/wp\/v2\/posts\/107197","targetHints":{"allow":["GET"]}}],"collection":[{"href":"https:\/\/grandepremio.com\/br\/wp-json\/wp\/v2\/posts"}],"about":[{"href":"https:\/\/grandepremio.com\/br\/wp-json\/wp\/v2\/types\/post"}],"replies":[{"embeddable":true,"href":"https:\/\/grandepremio.com\/br\/wp-json\/wp\/v2\/comments?post=107197"}],"version-history":[{"count":0,"href":"https:\/\/grandepremio.com\/br\/wp-json\/wp\/v2\/posts\/107197\/revisions"}],"wp:featuredmedia":[{"embeddable":true,"href":"https:\/\/grandepremio.com\/br\/wp-json\/wp\/v2\/media\/1000634447"}],"wp:attachment":[{"href":"https:\/\/grandepremio.com\/br\/wp-json\/wp\/v2\/media?parent=107197"}],"wp:term":[{"taxonomy":"category","embeddable":true,"href":"https:\/\/grandepremio.com\/br\/wp-json\/wp\/v2\/categories?post=107197"},{"taxonomy":"post_tag","embeddable":true,"href":"https:\/\/grandepremio.com\/br\/wp-json\/wp\/v2\/tags?post=107197"},{"taxonomy":"42wp_author","embeddable":true,"href":"https:\/\/grandepremio.com\/br\/wp-json\/wp\/v2\/42wp_author?post=107197"}],"curies":[{"name":"wp","href":"https:\/\/api.w.org\/{rel}","templated":true}]}}