{"id":107200,"date":"2022-11-17T12:36:56","date_gmt":"2022-11-17T15:36:56","guid":{"rendered":"https:\/\/grandepremio.com\/br\/noticias\/silencio-ferrari-charles-leclerc-mattia-binotto-falam-desde-inglaterra-jornal\/"},"modified":"2022-11-17T13:01:32","modified_gmt":"2022-11-17T16:01:32","slug":"silencio-ferrari-charles-leclerc-mattia-binotto-falam-desde-inglaterra-jornal","status":"publish","type":"post","link":"https:\/\/grandepremio.com\/br\/f1\/silencio-ferrari-charles-leclerc-mattia-binotto-falam-desde-inglaterra-jornal\/","title":{"rendered":"Sil\u00eancio na Ferrari: Leclerc e Binotto n\u00e3o se falam desde GP da Inglaterra, diz jornal"},"content":{"rendered":"\n<figure class=\"wp-block-embed is-type-video is-provider-youtube wp-block-embed-youtube wp-embed-aspect-16-9 wp-has-aspect-ratio\"><div class=\"wp-block-embed__wrapper\">\n<iframe loading=\"lazy\" title=\"BINOTTO DEMITIDO? FERRARI J\u00c1 PENSA 100% NA F1 2023 | TT GP #78\" width=\"500\" height=\"281\" src=\"https:\/\/www.youtube.com\/embed\/YQo6ExDHgkA?feature=oembed\" frameborder=\"0\" allow=\"accelerometer; autoplay; clipboard-write; encrypted-media; gyroscope; picture-in-picture; web-share\" referrerpolicy=\"strict-origin-when-cross-origin\" allowfullscreen><\/iframe>\n<\/div><figcaption>BINOTTO DEMITIDO? FERRARI J\u00c1 PENSA 100% NA F1 2023 | TT GP #78<\/figcaption><\/figure>\n\n\n\n<p class=\"wp-block-paragraph\">O que est\u00e1 acontecendo na <strong>Ferrari<\/strong>? Nos \u00faltimos dias, as not\u00edcias sobre um absoluto caos interno e desejo de reestrutura\u00e7\u00e3o est\u00e3o tomando as p\u00e1ginas dos jornais e revistas europeus. Nesta quinta-feira (17), a informa\u00e7\u00e3o \u00e9 que <strong>Charles Leclerc<\/strong> e o chefe <strong>Mattia Binotto<\/strong> n\u00e3o se falam desde o <strong>GP da Inglaterra<\/strong> do \u00faltimo m\u00eas de julho.<\/p>\n\n\n\n<p class=\"wp-block-paragraph\"><strong>\u25b6\ufe0f\u00a0Inscreva-se nos dois canais do GRANDE PR\u00caMIO no YouTube:\u00a0<a href=\"https:\/\/www.youtube.com\/channel\/UC9OlHEgxoaY6QY6nWPoiqQg?sub_confirmation=1\" target=\"_blank\" rel=\"noreferrer noopener\">GP<\/a>\u00a0|\u00a0<a href=\"https:\/\/www.youtube.com\/channel\/UC9csiS6q_C3C0FYhyr1rnFA?sub_confirmation=1\" target=\"_blank\" rel=\"noreferrer noopener\">GP2<\/a><\/strong><br><strong>\u25b6\ufe0f\u00a0<a href=\"https:\/\/www.twitch.tv\/grandepremio\" target=\"_blank\" rel=\"noreferrer noopener\">Conhe\u00e7a o canal do GRANDE PR\u00caMIO na Twitch clicando aqui!<\/a><\/strong><\/p>\n\n\n\n<p class=\"wp-block-paragraph\">Quem publicou foi o tradicional jornal franc\u00eas L&#8217;\u00c9quipe. Leclerc mostrou insatisfa\u00e7\u00e3o no <strong>GP de S\u00e3o Paulo<\/strong> do \u00faltimo fim de semana por conta da Ferrari n\u00e3o t\u00ea-lo ordenado a troca de posi\u00e7\u00f5es dele e <strong>Carlos Sainz<\/strong> no fim da prova, pensando na vice-lideran\u00e7a da F1, algo que o monegasco afirmou que fora combinado de antem\u00e3o.<\/p>\n\n\n\n<p class=\"wp-block-paragraph\">Mas, de acordo com a publica\u00e7\u00e3o francesa, o inc\u00f4modo maior aconteceu meses atr\u00e1s. Na Inglaterra, Leclerc caminhava para a vit\u00f3ria quando um safety-car mudou a hist\u00f3ria da corrida. A Ferrari mandou que passasse direto e que Sainz, que vinha em segundo, parasse para trocar pneus. Entre os quatro primeiros colocados, somente Leclerc permaneceu com pneus antigos e, quando veio a relargada, n\u00e3o teve como segurar as posi\u00e7\u00f5es.<\/p>\n\n\n\n<figure class=\"wp-block-image size-large\"><img decoding=\"async\" src=\"https:\/\/www.grandepremio.com\/br\/wp-content\/uploads\/2022\/11\/charlesleclerc-2-1024x683.jpg\" alt=\"\" class=\"wp-image-633582\"\/><figcaption>Charles Leclerc vai rir por \u00faltima na Ferrari? (Foto: Rodrigo Berton\/Grande Pr\u00eamio)<\/figcaption><\/figure>\n\n\n\n<p class=\"wp-block-paragraph\">Depois do fim da prova, Binotto correu at\u00e9 Leclerc, que sa\u00eda do carro, e chegou a colocar o dedo em riste ordenando que Charles nada dissesse para a imprensa.<\/p>\n\n\n\n<p class=\"wp-block-paragraph\">Desde o come\u00e7o da semana, as not\u00edcias t\u00eam sido m\u00faltiplas. Na segunda-feira, a revista francesa Auto Hebdo publicou que a <strong><a href=\"https:\/\/www.grandepremio.com\/br\/f1\/noticias\/ausencia-mattia-binotto-corridas-finais-esconde-negociacao-demissao-ferrari\/\" class=\"ek-link\">Ferrari negocia demiss\u00e3o com Binotto<\/a><\/strong> e por isso n\u00e3o participou das \u00faltimas corridas presencialmente; depois, na ter\u00e7a-feira, o jornal italiano La Gazzetta dello Sport disse que a <strong><a href=\"https:\/\/www.grandepremio.com\/br\/f1\/noticias\/ferrari-decide-demitir-mattia-binotto-quer-chefe-alfa-romeo-para-substituir-formula-1\/\" class=\"ek-link\">decis\u00e3o de demitir Binotto est\u00e1 tomada<\/a><\/strong> e que Fr\u00e9d\u00e9ric Vasseur, atual chefe da Alfa Romeo, \u00e9 o alvo para substituir o italiano. A Ferrari foi a p\u00fablico depois disso oferecer <strong><a href=\"https:\/\/www.grandepremio.com\/br\/f1\/noticias\/ferrari-nega-tenha-decidido-demitir-mattia-binotto-formula-1\/\" class=\"ek-link\">uma curta negativa<\/a><\/strong>.<\/p>\n\n\n\n<p class=\"wp-block-paragraph\">Binotto estar\u00e1 com a equipe no GP de Abu Dhabi, mas o que vai acontecer depois disso \u00e9 uma inc\u00f3gnita.<\/p>\n\n\n\n<p class=\"wp-block-paragraph\">A F\u00f3rmula 1 encerra a temporada 2022 com o GP de Abu Dhabi, entre os dias 18 e 20 de novembro. O <strong>GRANDE PR\u00caMIO<\/strong> acompanha todas as atividades <a href=\"https:\/\/www.grandepremio.com\/br\/ao-vivo\/\" class=\"ek-link\"><strong>AO VIVO<\/strong> e <strong>EM TEMPO REAL<\/strong><\/a>.<\/p>\n","protected":false},"excerpt":{"rendered":"<p>A Ferrari chega ao fim de 2022 em situa\u00e7\u00e3o desconfort\u00e1vel. A Mercedes passou, enquanto as rela\u00e7\u00f5es internas se deterioram publicamente<\/p>\n","protected":false},"author":0,"featured_media":1000551124,"comment_status":"closed","ping_status":"closed","sticky":false,"template":"","format":"standard","meta":{"42wp_featured_image_caption":"","42wp_featured_image_credits":"","42wp_featured_video":"","42wp_featured_image_hidden":false,"42wp_authors_list":[],"footnotes":""},"categories":[2],"tags":[546,209,1357,207,26841,16952,26680,502,1491,30103,28285,442],"42wp_author":[47120],"class_list":["post-107200","post","type-post","status-publish","format-standard","has-post-thumbnail","hentry","category-f1","tag-carlos-sainz","tag-charles-leclerc","tag-f1-2022","tag-ferrari","tag-formula-1-2022","tag-gp-de-interlagos","tag-gp-de-sao-paulo","tag-gp-do-brasil","tag-grande-premio","tag-grande-premio-f1","tag-grandepremio","tag-mattia-binotto","42wp_author-pedro-henrique-marum"],"_links":{"self":[{"href":"https:\/\/grandepremio.com\/br\/wp-json\/wp\/v2\/posts\/107200","targetHints":{"allow":["GET"]}}],"collection":[{"href":"https:\/\/grandepremio.com\/br\/wp-json\/wp\/v2\/posts"}],"about":[{"href":"https:\/\/grandepremio.com\/br\/wp-json\/wp\/v2\/types\/post"}],"replies":[{"embeddable":true,"href":"https:\/\/grandepremio.com\/br\/wp-json\/wp\/v2\/comments?post=107200"}],"version-history":[{"count":0,"href":"https:\/\/grandepremio.com\/br\/wp-json\/wp\/v2\/posts\/107200\/revisions"}],"wp:featuredmedia":[{"embeddable":true,"href":"https:\/\/grandepremio.com\/br\/wp-json\/wp\/v2\/media\/1000551124"}],"wp:attachment":[{"href":"https:\/\/grandepremio.com\/br\/wp-json\/wp\/v2\/media?parent=107200"}],"wp:term":[{"taxonomy":"category","embeddable":true,"href":"https:\/\/grandepremio.com\/br\/wp-json\/wp\/v2\/categories?post=107200"},{"taxonomy":"post_tag","embeddable":true,"href":"https:\/\/grandepremio.com\/br\/wp-json\/wp\/v2\/tags?post=107200"},{"taxonomy":"42wp_author","embeddable":true,"href":"https:\/\/grandepremio.com\/br\/wp-json\/wp\/v2\/42wp_author?post=107200"}],"curies":[{"name":"wp","href":"https:\/\/api.w.org\/{rel}","templated":true}]}}