{"id":107205,"date":"2022-11-17T12:04:02","date_gmt":"2022-11-17T15:04:02","guid":{"rendered":"https:\/\/grandepremio.com\/br\/noticias\/sergio-perez-nega-acidente-proposital-diz-todo-mundo-comete-erros-monaco\/"},"modified":"2022-11-17T12:18:03","modified_gmt":"2022-11-17T15:18:03","slug":"sergio-perez-nega-acidente-proposital-diz-todo-mundo-comete-erros-monaco","status":"publish","type":"post","link":"https:\/\/grandepremio.com\/br\/f1\/sergio-perez-nega-acidente-proposital-diz-todo-mundo-comete-erros-monaco\/","title":{"rendered":"P\u00e9rez nega acidente proposital e diz que &#8220;todo mundo comete erros em M\u00f4naco&#8221;"},"content":{"rendered":"\n<p class=\"wp-block-paragraph\">Depois da pol\u00eamica entre\u00a0<a href=\"https:\/\/www.grandepremio.com\/br\/piloto\/sergio-prez\/\" target=\"_blank\" rel=\"noreferrer noopener\" class=\"ek-link\"><strong>Sergio P\u00e9rez\u00a0e\u00a0Max Versta<\/strong><\/a><a href=\"https:\/\/www.grandepremio.com\/br\/piloto\/max-verstappen\/\" target=\"_blank\" rel=\"noreferrer noopener\"><strong>ppen<\/strong><\/a>\u00a0no <strong>GP de S\u00e3o Paulo<\/strong>, quando a <strong>Red Bull<\/strong> havia pedido ao<strong> bicampe\u00e3o mundial<\/strong> para ceder a posi\u00e7\u00e3o ao mexicano, os taurinos colocaram panos quentes na situa\u00e7\u00e3o e deixaram claro que tudo foi resolvido internamente. Entretanto, havia alguma especula\u00e7\u00e3o de que a rea\u00e7\u00e3o dura de Max tinha sido ocasionada por uma a\u00e7\u00e3o de &#8216;Checo&#8217; no in\u00edcio da temporada: o acidente no <strong>GP de M\u00f4naco.<\/strong> <\/p>\n\n\n\n<p class=\"wp-block-paragraph\"><a href=\"https:\/\/www.grandepremio.com\/br\/f1\/noticias\/bateu-proposito-relembre-acidente-sergio-perez-acusacao-max-verstappen-monaco\/\" class=\"ek-link\">Na ocasi\u00e3o, P\u00e9rez rodou nos instantes finais do Q3, na curva Portier, e causou uma bandeira vermelha que encerrou o treino. Verstappen, que vinha em volta r\u00e1pida, n\u00e3o ficou nada feliz com o fato de n\u00e3o poder brigar pela pole e deixou claro seu descontentamento<\/a>. S\u00f3 que nesta quinta-feira (17), o mexicano negou que tenha sido algo proposital. <\/p>\n\n\n\n<p class=\"wp-block-paragraph\">\u201cN\u00e3o \u00e9 como se eu tivesse feito de prop\u00f3sito, todo mundo comete erros em M\u00f4naco\u201d, ele respondeu. &#8220;Temos todas as informa\u00e7\u00f5es. Eu quase bati na curva 1, ent\u00e3o todo mundo comete erros em M\u00f4naco, ou em lugares gerais na classifica\u00e7\u00e3o&#8221;, acrescentou. <\/p>\n\n\n\n<p class=\"wp-block-paragraph\"><strong>\u25b6\ufe0f\u00a0Inscreva-se nos dois canais do GRANDE PR\u00caMIO no YouTube:\u00a0<a href=\"https:\/\/www.youtube.com\/channel\/UC9OlHEgxoaY6QY6nWPoiqQg?sub_confirmation=1\" target=\"_blank\" rel=\"noreferrer noopener\">GP<\/a>\u00a0|\u00a0<a href=\"https:\/\/www.youtube.com\/channel\/UC9csiS6q_C3C0FYhyr1rnFA?sub_confirmation=1\" target=\"_blank\" rel=\"noreferrer noopener\">GP2<\/a><\/strong><br><strong>\u25b6\ufe0f\u00a0<a href=\"https:\/\/www.twitch.tv\/grandepremio\" target=\"_blank\" rel=\"noreferrer noopener\">Conhe\u00e7a o canal do GRANDE PR\u00caMIO na Twitch clicando aqui!<\/a><\/strong><\/p>\n\n\n\n<figure class=\"wp-block-image size-large\"><img decoding=\"async\" src=\"https:\/\/www.grandepremio.com\/br\/wp-content\/uploads\/2022\/05\/redbull-sergioperez-03-2-1024x644.jpg\" alt=\"\" class=\"wp-image-577871\"\/><figcaption>Sergio P\u00e9rez e Max Verstappen se envolveram em pol\u00eamica na classifica\u00e7\u00e3o de M\u00f4naco (Foto: Red Bull Content Pool)<\/figcaption><\/figure>\n\n\n\n<p class=\"wp-block-paragraph\">&#8220;Estamos todos cientes do que est\u00e1 acontecendo dentro da equipe e queremos manter tudo dentro da equipe&#8221;, seguiu ele.<\/p>\n\n\n\n<p class=\"wp-block-paragraph\">Assim como seu companheiro de equipe, P\u00e9rez tamb\u00e9m comentou os ataques online que recebeu ap\u00f3s a etapa de Interlagos. No entanto, disse que preferiu deixar de lado e focar na \u00faltima prova do ano, j\u00e1 que est\u00e1 empatado com Charles Leclerc na briga pelo vice-campeonato. <\/p>\n\n\n\n<p class=\"wp-block-paragraph\">\u201cPara mim, j\u00e1 aconteceram tantas corridas, \u00e9 totalmente irrelevante. Estou pensando neste fim de semana e garantindo que a equipe esteja de bom humor, porque tivemos uma temporada tremenda, foi um ano incr\u00edvel para a Red Bull&#8221;, admitiu.<\/p>\n\n\n\n<p class=\"wp-block-paragraph\">&#8220;N\u00e3o quero que nada disso tire o prazer de nenhum dos caras do meu time. Max e eu temos uma responsabilidade muito grande de manter o time unido daqui para frente&#8221;, encerrou P\u00e9rez.<\/p>\n\n\n\n<p class=\"wp-block-paragraph\"><\/p>\n\n\n\n<p class=\"wp-block-paragraph\"><\/p>\n\n\n\n<p class=\"wp-block-paragraph\"><\/p>\n","protected":false},"excerpt":{"rendered":"<p>Depois de muita especula\u00e7\u00e3o sobre o real motivo do clima de tens\u00e3o entre Sergio P\u00e9rez\u00a0e\u00a0Max Verstappen\u00a0no GP de S\u00e3o Paulo, o mexicano tratou de afastar a ideia de um acidente proposital em M\u00f4naco, no in\u00edcio deste ano <\/p>\n","protected":false},"author":0,"featured_media":1000632767,"comment_status":"closed","ping_status":"closed","sticky":false,"template":"","format":"standard","meta":{"42wp_featured_image_caption":"","42wp_featured_image_credits":"","42wp_featured_video":"","42wp_featured_image_hidden":false,"42wp_authors_list":[],"footnotes":""},"categories":[2],"tags":[1276,147,1357,180,26841,32456,30299,1491,30103,28285,203,204,3132],"42wp_author":[47139],"class_list":["post-107205","post","type-post","status-publish","format-standard","has-post-thumbnail","hentry","category-f1","tag-abu-dhabi","tag-f1","tag-f1-2022","tag-formula-1","tag-formula-1-2022","tag-gp-de-abu-dhabi-2022","tag-gp-de-abu-dhabi-de-f1","tag-grande-premio","tag-grande-premio-f1","tag-grandepremio","tag-max-verstappen","tag-red-bull","tag-sergio-perez","42wp_author-ana-cerveira"],"_links":{"self":[{"href":"https:\/\/grandepremio.com\/br\/wp-json\/wp\/v2\/posts\/107205","targetHints":{"allow":["GET"]}}],"collection":[{"href":"https:\/\/grandepremio.com\/br\/wp-json\/wp\/v2\/posts"}],"about":[{"href":"https:\/\/grandepremio.com\/br\/wp-json\/wp\/v2\/types\/post"}],"replies":[{"embeddable":true,"href":"https:\/\/grandepremio.com\/br\/wp-json\/wp\/v2\/comments?post=107205"}],"version-history":[{"count":0,"href":"https:\/\/grandepremio.com\/br\/wp-json\/wp\/v2\/posts\/107205\/revisions"}],"wp:featuredmedia":[{"embeddable":true,"href":"https:\/\/grandepremio.com\/br\/wp-json\/wp\/v2\/media\/1000632767"}],"wp:attachment":[{"href":"https:\/\/grandepremio.com\/br\/wp-json\/wp\/v2\/media?parent=107205"}],"wp:term":[{"taxonomy":"category","embeddable":true,"href":"https:\/\/grandepremio.com\/br\/wp-json\/wp\/v2\/categories?post=107205"},{"taxonomy":"post_tag","embeddable":true,"href":"https:\/\/grandepremio.com\/br\/wp-json\/wp\/v2\/tags?post=107205"},{"taxonomy":"42wp_author","embeddable":true,"href":"https:\/\/grandepremio.com\/br\/wp-json\/wp\/v2\/42wp_author?post=107205"}],"curies":[{"name":"wp","href":"https:\/\/api.w.org\/{rel}","templated":true}]}}