{"id":107206,"date":"2022-11-17T11:00:00","date_gmt":"2022-11-17T14:00:00","guid":{"rendered":"https:\/\/grandepremio.com\/br\/noticias\/as-corridas-do-fim-de-semana-na-tv-e-no-streaming-18-a-20-de-novembro\/"},"modified":"2022-11-17T12:30:51","modified_gmt":"2022-11-17T15:30:51","slug":"as-corridas-do-fim-de-semana-na-tv-e-no-streaming-18-a-20-de-novembro","status":"publish","type":"post","link":"https:\/\/grandepremio.com\/br\/programacao-tv\/as-corridas-do-fim-de-semana-na-tv-e-no-streaming-18-a-20-de-novembro\/","title":{"rendered":"As corridas do fim de semana na TV e no streaming: 18 a 20 de novembro"},"content":{"rendered":"\n<p class=\"wp-block-paragraph\" id=\"block-9d3cf704-967e-4edc-bc3b-f3e61c89fdd1\"><strong>Sexta-feira, 18 de novembro<\/strong><\/p>\n\n\n\n<figure class=\"wp-block-table\"><table><tbody><tr><td>CATEGORIA<\/td><td>ETAPA<\/td><td>ATIVIDADE<\/td><td>HORA<\/td><td>EMISSORA<\/td><\/tr><tr><td>F\u00f3rmula 2<\/td><td>Abu Dhabi<\/td><td>Treino livre<\/td><td>04:35<\/td><td>F1 TV | BandSports<\/td><\/tr><tr><td>F\u00f3rmula 1<\/td><td>GP de Abu Dhabi<\/td><td>Treino livre 1<\/td><td>07:00<\/td><td>F1 TV | BandSports<\/td><\/tr><tr><td>F\u00f3rmula 2<\/td><td>Abu Dhabi<\/td><td>Classifica\u00e7\u00e3o<\/td><td>08:30<\/td><td>F1 TV | BandSports<\/td><\/tr><tr><td>F\u00f3rmula 1<\/td><td>GP de Abu Dhabi<\/td><td>Treino livre 2<\/td><td>10:00<\/td><td>F1 TV | BandSports<\/td><\/tr><\/tbody><\/table><\/figure>\n\n\n\n<p class=\"wp-block-paragraph\"><strong>\u25b6\ufe0f&nbsp;Inscreva-se nos dois canais do GRANDE PR\u00caMIO no YouTube:&nbsp;<a href=\"https:\/\/www.youtube.com\/channel\/UC9OlHEgxoaY6QY6nWPoiqQg?sub_confirmation=1\" target=\"_blank\" rel=\"noreferrer noopener\">GP<\/a>&nbsp;|&nbsp;<a href=\"https:\/\/www.youtube.com\/channel\/UC9csiS6q_C3C0FYhyr1rnFA?sub_confirmation=1\" target=\"_blank\" rel=\"noreferrer noopener\">GP2<\/a><\/strong><br><strong>\u25b6\ufe0f&nbsp;<a href=\"https:\/\/www.twitch.tv\/grandepremio\" target=\"_blank\" rel=\"noreferrer noopener\">Conhe\u00e7a o canal do GRANDE PR\u00caMIO na Twitch clicando aqui!<\/a><\/strong><\/p>\n\n\n\n<p class=\"wp-block-paragraph\" id=\"block-9d3cf704-967e-4edc-bc3b-f3e61c89fdd1\"><strong>S\u00e1bado, 19 de novembro<\/strong><\/p>\n\n\n\n<figure class=\"wp-block-table\"><table><tbody><tr><td>CATEGORIA<\/td><td>ETAPA<\/td><td>ATIVIDADE<\/td><td>HORA<\/td><td>EMISSORA<\/td><\/tr><tr><td>WorldSSP<\/td><td>GP da Austr\u00e1lia<\/td><td>Corrida 1<\/td><td>00:30<\/td><td>BandSports<\/td><\/tr><tr><td>WorldSBK<\/td><td>GP da Austr\u00e1lia<\/td><td>Corrida 1<\/td><td>02:00<\/td><td>BandSports<\/td><\/tr><tr><td>F\u00f3rmula 1<\/td><td>GP de Abu Dhabi<\/td><td>Treino livre 3<\/td><td>07:30<\/td><td>F1 TV | BandSports<\/td><\/tr><tr><td>F\u00f3rmula 2<\/td><td>Abu Dhabi<\/td><td>Corrida 1<\/td><td>09:20<\/td><td>F1 TV | BandSports<\/td><\/tr><tr><td>F\u00f3rmula 1<\/td><td>GP de Abu Dhabi<\/td><td>Classifica\u00e7\u00e3o<\/td><td>11:00<\/td><td>F1 TV | Band | BandSports<\/td><\/tr><\/tbody><\/table><\/figure>\n\n\n\n\n\n<p class=\"wp-block-paragraph\" id=\"block-9d3cf704-967e-4edc-bc3b-f3e61c89fdd1\"><strong>Domingo, 20 de novembro<\/strong><\/p>\n\n\n\n<figure class=\"wp-block-table\"><table><tbody><tr><td>CATEGORIA<\/td><td>ETAPA<\/td><td>ATIVIDADE<\/td><td>HORA<\/td><td>EMISSORA<\/td><\/tr><tr><td>WorldSSP<\/td><td>GP da Austr\u00e1lia<\/td><td>Corrida 2<\/td><td>00:30<\/td><td>BandSports<\/td><\/tr><tr><td>WorldSBK<\/td><td>GP da Austr\u00e1lia<\/td><td>Corrida 2<\/td><td>02:00<\/td><td>BandSports<\/td><\/tr><tr><td>F\u00f3rmula 2<\/td><td>Abu Dhabi<\/td><td>Corrida 2<\/td><td>06:00<\/td><td>F1 TV | BandSports<\/td><\/tr><tr><td>F\u00f3rmula 1<\/td><td>GP de Abu Dhabi<\/td><td>Corrida<\/td><td>10:00<\/td><td>F1 TV | Band <\/td><\/tr><\/tbody><\/table><\/figure>\n\n\n\n<p class=\"wp-block-paragraph\"><strong>Programa\u00e7\u00e3o do GRANDE PR\u00caMIO<\/strong><\/p>\n\n\n\n<figure class=\"wp-block-table\"><table><tbody><tr><td>PROGRAMA<\/td><td>ETAPA<\/td><td>ATIVIDADE<\/td><td>HORA<\/td><td>TRANSMISS\u00c3O<\/td><\/tr><tr><td>Briefing (SEX)<\/td><td>GP de Abu Dhabi<\/td><td>P\u00f3s-treinos livres<\/td><td>11:00<\/td><td><a href=\"https:\/\/bit.ly\/GPCanal\">GPTV (YouTube)<\/a><\/td><\/tr><tr><td>Briefing (SAB)<\/td><td>GP de Abu Dhabi<\/td><td>P\u00f3s-classifica\u00e7\u00e3o<\/td><td>12:00<\/td><td><a href=\"https:\/\/bit.ly\/GPCanal\">GPTV (YouTube)<\/a><\/td><\/tr><tr><td>Briefing (DOM)<\/td><td>GP de Abu Dhabi<\/td><td>Pr\u00e9-corrida<\/td><td>09:00<\/td><td><a href=\"https:\/\/bit.ly\/GPCanal\">GPTV (YouTube)<\/a><\/td><\/tr><tr><td>Briefing (DOM)<\/td><td>GP de Abu Dhabi<\/td><td>P\u00f3s-corrida<\/td><td>Ap\u00f3s a chegada<\/td><td><a href=\"https:\/\/bit.ly\/GPCanal\">GPTV (YouTube)<\/a><\/td><\/tr><\/tbody><\/table><\/figure>\n","protected":false},"excerpt":{"rendered":"<p>A F\u00f3rmula 1 enfim encerra a temporada 2022 neste fim de semana. O GP de Abu Dhabi \u00e9 o \u00faltimo de um campeonato de 22 etapas e que j\u00e1 conhece seu campe\u00e3o: Max Verstappen venceu com cinco provas de anteced\u00eancia. Mesmo assim, ainda tem muito em jogo na pista de Yas Marina. Enquanto a F\u00f3rmula 2 acompanha a classe principal e fecha a disputa. A agenda ainda conta com o Mundial de Superbike na Austr\u00e1lia. Confira a programa\u00e7\u00e3o de TV e streaming<\/p>\n","protected":false},"author":0,"featured_media":1000634227,"comment_status":"closed","ping_status":"closed","sticky":false,"template":"","format":"standard","meta":{"42wp_featured_image_caption":"","42wp_featured_image_credits":"","42wp_featured_video":"","42wp_featured_image_hidden":false,"42wp_authors_list":[],"footnotes":""},"categories":[38],"tags":[1566,1280,1553,25066,147,1357,160,180,26841,25424,30299,1491,2306,32831,159,87,203,82,30568,19348,510,1214,4984,204,3132,1901],"42wp_author":[47109],"class_list":["post-107206","post","type-post","status-publish","format-standard","has-post-thumbnail","hentry","category-programacao-tv","tag-ao-vivo","tag-band","tag-bandsports","tag-calendario-da-f1","tag-f1","tag-f1-2022","tag-f1-tv","tag-formula-1","tag-formula-1-2022","tag-gp-de-abu-dhabi","tag-gp-de-abu-dhabi-de-f1","tag-grande-premio","tag-grid-de-largada","tag-grid-de-largada-f1-2022","tag-horarios-da-f1","tag-lewis-hamilton","tag-max-verstappen","tag-mercedes","tag-pilotos-f1-2022","tag-podio","tag-pole","tag-pole-position","tag-radio","tag-red-bull","tag-sergio-perez","tag-yas-marina","42wp_author-redacao-gp"],"_links":{"self":[{"href":"https:\/\/grandepremio.com\/br\/wp-json\/wp\/v2\/posts\/107206","targetHints":{"allow":["GET"]}}],"collection":[{"href":"https:\/\/grandepremio.com\/br\/wp-json\/wp\/v2\/posts"}],"about":[{"href":"https:\/\/grandepremio.com\/br\/wp-json\/wp\/v2\/types\/post"}],"replies":[{"embeddable":true,"href":"https:\/\/grandepremio.com\/br\/wp-json\/wp\/v2\/comments?post=107206"}],"version-history":[{"count":0,"href":"https:\/\/grandepremio.com\/br\/wp-json\/wp\/v2\/posts\/107206\/revisions"}],"wp:featuredmedia":[{"embeddable":true,"href":"https:\/\/grandepremio.com\/br\/wp-json\/wp\/v2\/media\/1000634227"}],"wp:attachment":[{"href":"https:\/\/grandepremio.com\/br\/wp-json\/wp\/v2\/media?parent=107206"}],"wp:term":[{"taxonomy":"category","embeddable":true,"href":"https:\/\/grandepremio.com\/br\/wp-json\/wp\/v2\/categories?post=107206"},{"taxonomy":"post_tag","embeddable":true,"href":"https:\/\/grandepremio.com\/br\/wp-json\/wp\/v2\/tags?post=107206"},{"taxonomy":"42wp_author","embeddable":true,"href":"https:\/\/grandepremio.com\/br\/wp-json\/wp\/v2\/42wp_author?post=107206"}],"curies":[{"name":"wp","href":"https:\/\/api.w.org\/{rel}","templated":true}]}}