{"id":107219,"date":"2022-11-17T04:00:00","date_gmt":"2022-11-17T07:00:00","guid":{"rendered":"https:\/\/grandepremio.com\/br\/noticias\/red-bull-domina-2022-mas-ja-parte-para-2023-com-principio-de-crise-para-lidar\/"},"modified":"2022-11-17T01:00:01","modified_gmt":"2022-11-17T04:00:01","slug":"red-bull-domina-2022-mas-ja-parte-para-2023-com-principio-de-crise-para-lidar","status":"publish","type":"post","link":"https:\/\/grandepremio.com\/br\/f1\/red-bull-domina-2022-mas-ja-parte-para-2023-com-principio-de-crise-para-lidar\/","title":{"rendered":"Red Bull domina 2022, mas j\u00e1 parte para 2023 com princ\u00edpio de crise para lidar"},"content":{"rendered":"\n<p class=\"wp-block-paragraph\">Depois de ganhar tudo na <strong>F\u00f3rmula 1 2022<\/strong>, a Red Bull se vira para apagar um inc\u00eandio de grandes propor\u00e7\u00f5es que tomou conta de sua garagem. Diriam os mais maldosos que h\u00e1 problemas no para\u00edso. De fato, os \u00e2nimos dentro dos boxes taurinos se exaltaram de tal forma <a href=\"https:\/\/www.grandepremio.com\/br\/f1\/noticias\/george-russell-domina-vitoria-gp-de-sao-paulo-formula-1-mercedes-lewis-hamilton-max-verstappen-batem\/\" class=\"ek-link\">nas voltas finais<\/a> do <strong>GP de S\u00e3o Paulo<\/strong> que o time precisou dar um passo para tr\u00e1s. S\u00f3 que agora ficou evidente que h\u00e1 arestas que deixaram de ser aparadas no tempo devido e que est\u00e3o de volta, cobrando um pre\u00e7o alto nesta reta derradeira da temporada. <\/p>\n\n\n\n<p class=\"wp-block-paragraph\">Isso porque a turbul\u00eancia que a equipe das bebidas energ\u00e9ticas <a href=\"https:\/\/www.grandepremio.com\/br\/f1\/noticias\/max-verstappen-ignora-ordem-enerva-red-bull-sao-paulo-nao-pecam-isso-de-novo\/\" class=\"ek-link\">enfrenta neste momento brotou absolutamente do nada<\/a>, em uma etapa em que os rubro-taurinos se viram em dificuldades e longe de qualquer chance de vit\u00f3ria. A insatisfa\u00e7\u00e3o de <strong>Max Verstappen<\/strong> com <strong>Sergio P\u00e9rez<\/strong> \u2013 que parece estar guardada h\u00e1 meses \u2013 foi uma surpresa e revelou um lado amargurado do bicampe\u00e3o. Que, ali\u00e1s, ainda segue sem muita explica\u00e7\u00e3o, <a href=\"https:\/\/www.grandepremio.com\/br\/f1\/noticias\/sergio-perez-dispara-max-verstappen-negar-ajuda-sp-se-tem-dois-titulos-agradeca-mim\/\" class=\"ek-link\">mas com um potencial altamente explosivo.<\/a><\/p>\n\n\n\n<p class=\"wp-block-paragraph\">Tudo come\u00e7ou j\u00e1 na parte final da corrida em Interlagos. Max vinha sustentando uma discreta sexta posi\u00e7\u00e3o, depois que o toque com<strong> Lewis Hamilton,<\/strong> ainda no in\u00edcio da prova, o obrigou a fazer uma parada extra nos pits. P\u00e9rez, por sua vez, buscava ganhar pontos para tentar n\u00e3o perder tanto em rela\u00e7\u00e3o a <strong>Charles Leclerc<\/strong>, rival na luta pelo vice, que figurava em quarto. \u00a0<\/p>\n\n\n\n<figure class=\"wp-block-embed is-type-video is-provider-youtube wp-block-embed-youtube wp-embed-aspect-16-9 wp-has-aspect-ratio\"><div class=\"wp-block-embed__wrapper\">\n<iframe loading=\"lazy\" title=\"TRETA COM VERSTAPPEN \u00c9 COME\u00c7O DO FIM DE P\u00c9REZ NA RED BULL F1\" width=\"500\" height=\"281\" src=\"https:\/\/www.youtube.com\/embed\/euLQQ9IL8EQ?feature=oembed\" frameborder=\"0\" allow=\"accelerometer; autoplay; clipboard-write; encrypted-media; gyroscope; picture-in-picture; web-share\" referrerpolicy=\"strict-origin-when-cross-origin\" allowfullscreen><\/iframe>\n<\/div><\/figure>\n\n\n\n<p class=\"wp-block-paragraph\">Foi ent\u00e3o que a <strong>Red Bull<\/strong> pediu a Verstappen que cedesse a coloca\u00e7\u00e3o ao companheiro de equipe, pensando no <strong>Mundial de Pilotos<\/strong>. O dono do carro #1 ignorou esse pedido e um outro logo na sequ\u00eancia. Ao cruzar a linha de chegada, o holand\u00eas ouviu do engenheiro<strong> Gianpiero Lambiase<\/strong>: &#8220;Max, o que houve?&#8221;<\/p>\n\n\n\n<p class=\"wp-block-paragraph\">Foi a\u00ed que o campe\u00e3o escancarou toda a sua animosidade em uma mensagem de r\u00e1dio que agora j\u00e1 entra para a <strong>hist\u00f3ria da F1<\/strong>. &#8220;Eu j\u00e1 disse da \u00faltima vez. Voc\u00eas n\u00e3o me pe\u00e7am nada disso de novo, ok? Fui claro o suficiente daquela vez. Eu dei minhas raz\u00f5es e continuo a defend\u00ea-las&#8221;, disse, irritado.<\/p>\n\n\n\n<p class=\"wp-block-paragraph\">Mas isso nem foi o pior. A bronca de Verstappen abriu margem para uma s\u00e9rie de especula\u00e7\u00f5es sobre as tais raz\u00f5es. Quem primeiro levantou a lebre foi a imprensa holandesa: o motivo da recusa de Max tinha a ver com o acidente protagonizado por P\u00e9rez <a href=\"https:\/\/www.grandepremio.com\/br\/f1\/noticias\/bateu-proposito-relembre-acidente-sergio-perez-acusacao-max-verstappen-monaco\/\" class=\"ek-link\">durante a parte final da classifica\u00e7\u00e3o em M\u00f4naco<\/a> \u2013 que acabou tirando a chance do #1 em cravar a pole. Sergio venceu aquela corrida e ainda teve o contrato renovado logo depois. O caso fica melhor: ainda segundo os jornalistas da Holanda, o mexicano assumiu a manobra aos chefes <strong>Christian Horner <\/strong>e <strong>Helmut Marko<\/strong>.<\/p>\n\n\n\n<p class=\"wp-block-paragraph\">Do outro lado, P\u00e9rez tamb\u00e9m n\u00e3o poupou o colega de Red Bull. Ainda no r\u00e1dio, enquanto voltava aos boxes, o #11 afirmou que a atitude &#8220;mostrava quem realmente era Max&#8221;. Depois, o mexicano ainda disparou: &#8220;Ele venceu dois campeonatos gra\u00e7as a mim.&#8221;<\/p>\n\n\n\n<p class=\"wp-block-paragraph\">Fogo no parquinho, diriam sobre a disc\u00f3rdia e o jogo.<\/p>\n\n\n\n<p class=\"wp-block-paragraph\"><strong>\u25b6\ufe0f\u00a0Inscreva-se nos dois canais do GRANDE PR\u00caMIO no YouTube:\u00a0<a href=\"https:\/\/www.youtube.com\/channel\/UC9OlHEgxoaY6QY6nWPoiqQg?sub_confirmation=1\" target=\"_blank\" rel=\"noreferrer noopener\">GP<\/a>\u00a0|\u00a0<a href=\"https:\/\/www.youtube.com\/channel\/UC9csiS6q_C3C0FYhyr1rnFA?sub_confirmation=1\" target=\"_blank\" rel=\"noreferrer noopener\">GP2<\/a><\/strong><br><strong>\u25b6\ufe0f\u00a0<a href=\"https:\/\/www.twitch.tv\/grandepremio\" target=\"_blank\" rel=\"noreferrer noopener\">Conhe\u00e7a o canal do GRANDE PR\u00caMIO na Twitch clicando aqui!<\/a><\/strong><\/p>\n\n\n\n<p class=\"wp-block-paragraph\">Claro que a equipe austr\u00edaca correu para <a href=\"https:\/\/www.grandepremio.com\/br\/f1\/noticias\/red-bull-encerra-atrito-max-verstappen-apoiara-totalmente-sergio-perez-briga-vice\/\" class=\"ek-link\">apagar as chamas e minimizar o epis\u00f3dio<\/a>. Horner saiu na frente e afirmou que a quest\u00e3o toda seria resolvida internamente, enquanto Marko garantiu que o bicampe\u00e3o vai ajudar o companheiro em Abu Dhabi. Tudo dentro do esperado. Max, inclusive, baixou o tom horas mais tarde. S\u00f3 que h\u00e1 muito em jogo agora e no futuro.<\/p>\n\n\n\n<p class=\"wp-block-paragraph\">De toda a forma, o caso \u00e9 que, enquanto Verstappen j\u00e1 carimbou a faixa de campe\u00e3o h\u00e1 semanas, a luta pelo vice-campeonato continua intensa entre P\u00e9rez e o ferrarista Leclerc. Ambos v\u00eam se revezando na segunda coloca\u00e7\u00e3o h\u00e1 algum tempo. Neste momento, n\u00e3o h\u00e1 diferen\u00e7a entre eles em n\u00famero de pontos: s\u00e3o 290 para cada lado. O monegasco acaba tendo vantagem por ter vencido mais vezes em 2022. O placar aponta 3 x 2 para o dono do carro #16. Os dois tamb\u00e9m possuem o mesmo n\u00famero de p\u00f3dios (10), enquanto Charles tem mais poles, s\u00e3o nove contra apenas uma do mexicano.<\/p>\n\n\n\n<p class=\"wp-block-paragraph\">Portanto, P\u00e9rez precisa de todos os pontos poss\u00edveis para tentar garantir algo in\u00e9dito na hist\u00f3ria da Red Bull: fechar um campeonato com uma dobradinha, al\u00e9m do Mundial de Construtores \u2013 que tamb\u00e9m j\u00e1 foi assegurado neste ano. J\u00e1 para a Ferrari, a conquista de Leclerc soaria como um pequeno consolo, especialmente em um ano err\u00e1tico que a equipe e o pr\u00f3prio piloto viveram. Al\u00e9m disso, afastaria uma amea\u00e7a da Mercedes ao vice da escuderia.<\/p>\n\n\n\n<figure class=\"wp-block-image size-large\"><img decoding=\"async\" src=\"https:\/\/www.grandepremio.com\/br\/wp-content\/uploads\/2022\/11\/SI202211111631-1024x683.jpg\" alt=\"\" class=\"wp-image-634220\"\/><figcaption>Christian Horner reza pela paz nos boxes da Red Bull em Interlagos (Foto: Mark Thompson\/Getty Images\/Red Bull Content Pool)<\/figcaption><\/figure>\n\n\n\n<p class=\"wp-block-paragraph\">Ent\u00e3o, diante desse cen\u00e1rio, entende-se bem a frustra\u00e7\u00e3o da Red Bull em Interlagos. E a \u00e2nsia para que a tens\u00e3o dentro das garagens diminua. A verdade \u00e9 que a etapa final da temporada 2022 ser\u00e1 um enorme teste para os taurinos. N\u00e3o s\u00f3 de resist\u00eancia a um momento conturbado, mas tamb\u00e9m de sobreviv\u00eancia para o futuro.<\/p>\n\n\n\n<p class=\"wp-block-paragraph\">Os energ\u00e9ticos dominaram o campeonato porque correram em unidade, tendo Verstappen como um l\u00edder inquestion\u00e1vel. Essa op\u00e7\u00e3o fortaleceu e foi decisiva para a conquista dos t\u00edtulos. O objetivo agora parece claro: esfriar a cabe\u00e7a e anular qualquer fagulha, ou isso vai se refletir em 2023 de maneira implac\u00e1vel. <\/p>\n\n\n\n<p class=\"wp-block-paragraph\">A crise j\u00e1 est\u00e1 instaurada, e a Red Bull precisa ser certeira. Porque h\u00e1, de fato, problemas no para\u00edso. Talvez a longa pausa at\u00e9 os testes do ano que vem fa\u00e7a bem aos taurinos. E todo o cuidado \u00e9 pouco, pois o pr\u00f3ximo campeonato n\u00e3o parece que ser\u00e1 t\u00e3o c\u00f4modo quanto esse que se prepara para terminar em <strong>Abu Dhabi<\/strong> no fim de semana.<\/p>\n","protected":false},"excerpt":{"rendered":"<p>O GP de S\u00e3o Paulo de F1 revelou que nem tudo s\u00e3o flores e festa dentro da garagem da campe\u00e3 Red Bull em 2022. Apesar do sucesso nos Mundiais de Pilotos e Construtores, h\u00e1 um ressentimento grave entre a dupla de pilotos \u2013 algo que j\u00e1 coloca alguns pontos de interroga\u00e7\u00e3o sobre como os taurinos v\u00e3o lidar com uma eventual disputa interna em 2023, sem contar a chance que abre para os rivais<\/p>\n","protected":false},"author":0,"featured_media":1000634219,"comment_status":"closed","ping_status":"closed","sticky":false,"template":"","format":"standard","meta":{"42wp_featured_image_caption":"","42wp_featured_image_credits":"","42wp_featured_video":"","42wp_featured_image_hidden":false,"42wp_authors_list":[],"footnotes":""},"categories":[2],"tags":[147,1357,160,180,26841,26680,29971,502,1491,2306,32831,159,124,87,203,82,30568,19348,510,1214,4984,204,3132],"42wp_author":[47115],"class_list":["post-107219","post","type-post","status-publish","format-standard","has-post-thumbnail","hentry","category-f1","tag-f1","tag-f1-2022","tag-f1-tv","tag-formula-1","tag-formula-1-2022","tag-gp-de-sao-paulo","tag-gp-de-sao-paulo-de-f1","tag-gp-do-brasil","tag-grande-premio","tag-grid-de-largada","tag-grid-de-largada-f1-2022","tag-horarios-da-f1","tag-interlagos","tag-lewis-hamilton","tag-max-verstappen","tag-mercedes","tag-pilotos-f1-2022","tag-podio","tag-pole","tag-pole-position","tag-radio","tag-red-bull","tag-sergio-perez","42wp_author-evelyn-guimaraes"],"_links":{"self":[{"href":"https:\/\/grandepremio.com\/br\/wp-json\/wp\/v2\/posts\/107219","targetHints":{"allow":["GET"]}}],"collection":[{"href":"https:\/\/grandepremio.com\/br\/wp-json\/wp\/v2\/posts"}],"about":[{"href":"https:\/\/grandepremio.com\/br\/wp-json\/wp\/v2\/types\/post"}],"replies":[{"embeddable":true,"href":"https:\/\/grandepremio.com\/br\/wp-json\/wp\/v2\/comments?post=107219"}],"version-history":[{"count":0,"href":"https:\/\/grandepremio.com\/br\/wp-json\/wp\/v2\/posts\/107219\/revisions"}],"wp:featuredmedia":[{"embeddable":true,"href":"https:\/\/grandepremio.com\/br\/wp-json\/wp\/v2\/media\/1000634219"}],"wp:attachment":[{"href":"https:\/\/grandepremio.com\/br\/wp-json\/wp\/v2\/media?parent=107219"}],"wp:term":[{"taxonomy":"category","embeddable":true,"href":"https:\/\/grandepremio.com\/br\/wp-json\/wp\/v2\/categories?post=107219"},{"taxonomy":"post_tag","embeddable":true,"href":"https:\/\/grandepremio.com\/br\/wp-json\/wp\/v2\/tags?post=107219"},{"taxonomy":"42wp_author","embeddable":true,"href":"https:\/\/grandepremio.com\/br\/wp-json\/wp\/v2\/42wp_author?post=107219"}],"curies":[{"name":"wp","href":"https:\/\/api.w.org\/{rel}","templated":true}]}}