{"id":107221,"date":"2022-11-17T02:10:00","date_gmt":"2022-11-17T05:10:00","guid":{"rendered":"https:\/\/grandepremio.com\/br\/noticias\/haas-anuncia-saida-mick-schumacher-abu-dhabi-ultima-corrida-formula-1-2022\/"},"modified":"2022-11-17T08:09:56","modified_gmt":"2022-11-17T11:09:56","slug":"haas-anuncia-saida-mick-schumacher-abu-dhabi-ultima-corrida-formula-1-2022","status":"publish","type":"post","link":"https:\/\/grandepremio.com\/br\/f1\/haas-anuncia-saida-mick-schumacher-abu-dhabi-ultima-corrida-formula-1-2022\/","title":{"rendered":"Haas anuncia sa\u00edda de Schumacher e abre caminho para acordo com H\u00fclkenberg"},"content":{"rendered":"\n<p class=\"wp-block-paragraph\">A s\u00e9rie de cobran\u00e7as p\u00fablicas teve seu destino selado oficialmente nesta quinta-feira (17): a <strong>Haas <\/strong>resolveu anunciou nesta quinta-feira (10) que <strong>Mick Schumacher <\/strong>n\u00e3o ser\u00e1 titular do time na temporada 2023 da <strong>F\u00f3rmula 1<\/strong>. O jovem alem\u00e3o faz, assim, sua \u00faltima prova ao lado de <strong>Kevin Magnussen<\/strong> neste fim de semana em Abu Dhabi.<\/p>\n\n\n\n<p class=\"wp-block-paragraph\">Em curto comunicado, a Haas foi direto ao ponto ao dizer que n\u00e3o continuaria com os servi\u00e7os de Schumacher, fazendo um apanhado do que o piloto fez de melhor em duas temporadas: um sexto lugar no GP da \u00c1ustria deste ano. Na sequ\u00eancia, o chefe <strong>Guenther Steiner<\/strong> agradeceu &#8220;por sua contribui\u00e7\u00e3o \u00e0 equipe&#8221;.<\/p>\n\n\n\n<p class=\"wp-block-paragraph\">&#8220;O pedigree de Mick nas categorias juniores era bem conhecido e ele continuou a crescer e se desenvolver como piloto em seu tempo com a Haas \u2013 culminando em seus primeiros sucessos de pontua\u00e7\u00e3o na F\u00f3rmula 1 no in\u00edcio desta temporada. Ao escolher seguir caminhos diferentes para o futuro, toda a equipe deseja boa sorte a Mick para os pr\u00f3ximos passos em sua carreira&#8221;, completou o dirigente.<\/p>\n\n\n\n<p class=\"wp-block-paragraph\">A escolha por abrir m\u00e3o dos servi\u00e7os de Schumacher n\u00e3o surpreende, principalmente depois das in\u00fameras cr\u00edticas que o jovem passou a receber publicamente tanto de <strong>Steiner<\/strong>, chefe da equipe americana, quanto do pr\u00f3prio <strong>Gene Haas<\/strong>, que chegou a dizer Mick precisava &#8220;pontuar mais e bater menos&#8221; para manter a vaga.<\/p>\n\n\n\n<figure class=\"wp-block-image size-large\"><img decoding=\"async\" src=\"https:\/\/www.grandepremio.com\/br\/wp-content\/uploads\/2022\/11\/IMG_3189-1024x683.jpg\" alt=\"\" class=\"wp-image-631432\"\/><figcaption>Mick Schumacher caiu de rendimento ap\u00f3s metade do ano (Foto: Rodrigo Berton\/Grande Pr\u00eamio)<\/figcaption><\/figure>\n\n\n\n<p class=\"wp-block-paragraph\"><strong>\u25b6\ufe0f&nbsp;Inscreva-se nos dois canais do GRANDE PR\u00caMIO no YouTube:&nbsp;<a href=\"https:\/\/www.youtube.com\/channel\/UC9OlHEgxoaY6QY6nWPoiqQg?sub_confirmation=1\" target=\"_blank\" rel=\"noreferrer noopener\">GP<\/a>&nbsp;|&nbsp;<a href=\"https:\/\/www.youtube.com\/channel\/UC9csiS6q_C3C0FYhyr1rnFA?sub_confirmation=1\" target=\"_blank\" rel=\"noreferrer noopener\">GP2<\/a><\/strong><br><strong>\u25b6\ufe0f&nbsp;<a href=\"https:\/\/www.twitch.tv\/grandepremio\" target=\"_blank\" rel=\"noreferrer noopener\">Conhe\u00e7a o canal do GRANDE PR\u00caMIO na Twitch clicando aqui!<\/a><\/strong><\/p>\n\n\n\n<p class=\"wp-block-paragraph\">Houve at\u00e9 uma mudan\u00e7a no tom ap\u00f3s o GP do Jap\u00e3o quando Steiner sugeriu que Schumacher levava vantagem na briga pela \u00faltima vaga aberta para 2023 justamente por j\u00e1 conhecer a Haas. \u201cSem d\u00favida. Se voc\u00ea trabalha com algu\u00e9m por dois anos, isso \u00e9 uma vantagem. O titular sempre tem a vantagem, \u00e9 uma vantagem caseira&#8221;, disse o dirigente italiano na ocasi\u00e3o.<\/p>\n\n\n\n<p class=\"wp-block-paragraph\">Ao mesmo tempo em que a Haas divulgava sua decis\u00e3o, Schumacher usou as redes sociais para confirmar a sa\u00edda do time. N\u00e3o se pode dizer que tenha aceitado de bom grado.<\/p>\n\n\n\n<p class=\"wp-block-paragraph\">&#8220;N\u00e3o quero esconder o fato de que estou muito desapontado com a decis\u00e3o de n\u00e3o renovar nosso contrato&#8221;, admitiu o alem\u00e3o. &#8220;Mas quero agradecer tanto \u00e0 Haas quanto \u00e0 Ferrari por me darem esta oportunidade. Estes anos juntos me ajudaram a amadurecer tanto t\u00e9cnica quanto pessoalmente. E especialmente quando as coisas ficaram dif\u00edceis, eu percebi o quanto amo este esporte&#8221;, falou Mick.<\/p>\n\n\n\n<p class=\"wp-block-paragraph\">Schumacher ainda falou que &#8220;\u00e0s vezes estava err\u00e1tico, mas eu melhorei constantemente, aprendi muito e agora sei que mere\u00e7o um lugar na F\u00f3rmula 1&#8221;. &#8220;O assunto est\u00e1 encerrado para mim. Os revezes apenas deixam voc\u00ea mais forte. Meu fogo queima pela F\u00f3rmula 1 e eu vou lutar muito para voltar ao grid&#8221;, completou.<\/p>\n\n\n\n<figure class=\"wp-block-embed is-type-rich is-provider-twitter wp-block-embed-twitter\"><div class=\"wp-block-embed__wrapper\">\n<blockquote class=\"twitter-tweet\" data-width=\"500\" data-dnt=\"true\"><p lang=\"zxx\" dir=\"ltr\"><a href=\"https:\/\/t.co\/pvm7CmEjLP\">pic.twitter.com\/pvm7CmEjLP<\/a><\/p>&mdash; Mick Schumacher (@SchumacherMick) <a href=\"https:\/\/x.com\/SchumacherMick\/status\/1593107190063435776?ref_src=twsrc%5Etfw\">November 17, 2022<\/a><\/blockquote><script async src=\"https:\/\/platform.x.com\/widgets.js\" charset=\"utf-8\"><\/script>\n<\/div><\/figure>\n\n\n\n<p class=\"wp-block-paragraph\">Na temporada 2022, Mick marcou os seus primeiros pontos na temporada no GP da Inglaterra ao terminar em oitavo lugar. Depois, voltou \u00e0 zona de pontua\u00e7\u00e3o na etapa seguinte, na \u00c1ustria, ao ser o sexto colocado. S\u00e3o apenas 12 pontos na <a href=\"https:\/\/www.grandepremio.com\/br\/f1\/classificacao\/\" class=\"ek-link\">Classifica\u00e7\u00e3o de Pilotos<\/a>, enquanto Magnussen tem mais que o dobro, 25. Sem a Haas, diz-se que Schumacher negocia um posto como reserva da Mercedes.<\/p>\n\n\n\n<p class=\"wp-block-paragraph\">Agora, a situa\u00e7\u00e3o fica mais clara e aberta para o retorno de Nico H\u00fclkenberg ao grid da F\u00f3rmula 1. A confirma\u00e7\u00e3o deve vir ainda nesta quinta-feira.<\/p>\n","protected":false},"excerpt":{"rendered":"<p>A dire\u00e7\u00e3o da equipe j\u00e1 alertava para o excesso de acidentes de Schumacher durante as temporadas que fez pela equipe. O resultado foi a escolha por sua sa\u00edda, abrindo caminho para Nico H\u00fclkenberg<\/p>\n","protected":false},"author":0,"featured_media":1000620848,"comment_status":"closed","ping_status":"closed","sticky":false,"template":"","format":"standard","meta":{"42wp_featured_image_caption":"","42wp_featured_image_credits":"","42wp_featured_video":"","42wp_featured_image_hidden":false,"42wp_authors_list":[],"footnotes":""},"categories":[2],"tags":[147,6533,180,1491,1256,119,1294,1521],"42wp_author":[47147,47136],"class_list":["post-107221","post","type-post","status-publish","format-standard","has-post-thumbnail","hentry","category-f1","tag-f1","tag-f1-2023","tag-formula-1","tag-grande-premio","tag-gunther-steiner","tag-haas","tag-mick-schumacher","tag-nico-hulkenberg","42wp_author-luana-marino","42wp_author-victor-martins"],"_links":{"self":[{"href":"https:\/\/grandepremio.com\/br\/wp-json\/wp\/v2\/posts\/107221","targetHints":{"allow":["GET"]}}],"collection":[{"href":"https:\/\/grandepremio.com\/br\/wp-json\/wp\/v2\/posts"}],"about":[{"href":"https:\/\/grandepremio.com\/br\/wp-json\/wp\/v2\/types\/post"}],"replies":[{"embeddable":true,"href":"https:\/\/grandepremio.com\/br\/wp-json\/wp\/v2\/comments?post=107221"}],"version-history":[{"count":0,"href":"https:\/\/grandepremio.com\/br\/wp-json\/wp\/v2\/posts\/107221\/revisions"}],"wp:featuredmedia":[{"embeddable":true,"href":"https:\/\/grandepremio.com\/br\/wp-json\/wp\/v2\/media\/1000620848"}],"wp:attachment":[{"href":"https:\/\/grandepremio.com\/br\/wp-json\/wp\/v2\/media?parent=107221"}],"wp:term":[{"taxonomy":"category","embeddable":true,"href":"https:\/\/grandepremio.com\/br\/wp-json\/wp\/v2\/categories?post=107221"},{"taxonomy":"post_tag","embeddable":true,"href":"https:\/\/grandepremio.com\/br\/wp-json\/wp\/v2\/tags?post=107221"},{"taxonomy":"42wp_author","embeddable":true,"href":"https:\/\/grandepremio.com\/br\/wp-json\/wp\/v2\/42wp_author?post=107221"}],"curies":[{"name":"wp","href":"https:\/\/api.w.org\/{rel}","templated":true}]}}