{"id":107222,"date":"2022-11-16T17:37:23","date_gmt":"2022-11-16T20:37:23","guid":{"rendered":"https:\/\/grandepremio.com\/br\/noticias\/ganassi-contrata-ex-chefe-mclaren-indy-ocupar-cargo-diretor-equipe\/"},"modified":"2022-11-16T17:38:48","modified_gmt":"2022-11-16T20:38:48","slug":"ganassi-contrata-ex-chefe-mclaren-indy-ocupar-cargo-diretor-equipe","status":"publish","type":"post","link":"https:\/\/grandepremio.com\/br\/indy\/ganassi-contrata-ex-chefe-mclaren-indy-ocupar-cargo-diretor-equipe\/","title":{"rendered":"Ganassi contrata ex-chefe da McLaren na Indy para ocupar cargo de diretor de equipe"},"content":{"rendered":"\n<p class=\"wp-block-paragraph\">A <strong>Ganassi<\/strong> trouxe <strong>Taylor Kiel<\/strong>, <a href=\"https:\/\/www.grandepremio.com\/br\/indy\/noticias\/presidente-mclaren-indy-taylor-kiel-anuncia-saida-apos-dois-anos-comando\/\" class=\"ek-link\">ex-chefe da <strong>McLaren<\/strong> na <strong>Indy<\/strong><\/a>, para ocupar o cargo de diretor de equipe na categoria americana. A chegada de Kiel vem em conjunto com outra mudan\u00e7a importante internamente no time, com <strong>Mike O&#8217;Gara<\/strong>, estrategista de <strong>Marcus Ericsson<\/strong>, sendo promovido ao cargo de Diretor de Opera\u00e7\u00f5es, sendo respons\u00e1vel pelos programas da Ganassi no Mundial de Endurance e no IMSA.<\/p>\n\n\n\n<p class=\"wp-block-paragraph\">Tanto Kiel quanto O&#8217;Gara ser\u00e3o chefiados por <strong>Mike Hull<\/strong>, diretor-geral da equipe. Taylor vai dividir as fun\u00e7\u00f5es na Indy com Barry Wanser e Blair Julian ap\u00f3s passar quinze anos na Schmidt-Peterson, que depois foi comprada pela McLaren. Trabalhar com Hull n\u00e3o ser\u00e1 uma novidade, j\u00e1 que os dois s\u00e3o bem pr\u00f3ximos: Mike \u00e9 padrasto de Kiel.<\/p>\n\n\n\n<p class=\"wp-block-paragraph\">\u201cOnde eu estava anteriormente, eu j\u00e1 estava l\u00e1 h\u00e1 muito tempo e acho que eles estavam muito bem quando sa\u00ed. Mas, para mim, pessoal e profissionalmente, precisava de uma mudan\u00e7a de ritmo. Foi uma decis\u00e3o dif\u00edcil para mim, mas, no final das contas, senti que era a decis\u00e3o certa para mim e minha fam\u00edlia explorar algo novo. E essa \u00e9 uma oportunidade que voc\u00ea realmente n\u00e3o pode recusar&#8221;, explicou Kiel.<\/p>\n\n\n\n<p class=\"wp-block-paragraph\"><strong>\u25b6\ufe0f\u00a0Inscreva-se nos dois canais do GRANDE PR\u00caMIO no YouTube:\u00a0<a href=\"https:\/\/www.youtube.com\/channel\/UC9OlHEgxoaY6QY6nWPoiqQg?sub_confirmation=1\" target=\"_blank\" rel=\"noreferrer noopener\">GP<\/a>\u00a0|\u00a0<a href=\"https:\/\/www.youtube.com\/channel\/UC9csiS6q_C3C0FYhyr1rnFA?sub_confirmation=1\" target=\"_blank\" rel=\"noreferrer noopener\">GP2<\/a><\/strong><br><strong>\u25b6\ufe0f\u00a0<a href=\"https:\/\/www.twitch.tv\/grandepremio\" target=\"_blank\" rel=\"noreferrer noopener\">Conhe\u00e7a o canal do GRANDE PR\u00caMIO na Twitch clicando aqui!<\/a><\/strong><\/p>\n\n\n\n<figure class=\"wp-block-image size-large\"><img decoding=\"async\" src=\"https:\/\/www.grandepremio.com\/br\/wp-content\/uploads\/2022\/11\/Taylor-Kiel_-President-of-Arrow-McLaren-SP-Chevrolet-Detroit-Grand-Prix-By_-James-Black_Large-Image-Without-Watermark_m60864-1024x683.jpg\" alt=\"\" class=\"wp-image-634192\"\/><figcaption>Taylor Kiel \u00e9 o novo diretor de equipe da Ganassi (Foto: IndyCar)<\/figcaption><\/figure>\n\n\n\n<p class=\"wp-block-paragraph\">\u201cExistem alguns grandes nomes no automobilismo e este \u00e9 um deles. Tive algumas oportunidades, ent\u00e3o queria aproveitar o tempo e ter certeza de que estava fazendo a coisa certa. Estou super empolgado. Obviamente, h\u00e1 uma conex\u00e3o familiar l\u00e1 e cresci em torno da organiza\u00e7\u00e3o. Eu olhei de longe, olhei de perto, e parece uma esp\u00e9cie de volta para casa, mas, ao mesmo tempo, est\u00e1 cheio de novos desafios para ser o pr\u00f3ximo cap\u00edtulo da minha carreira. \u00c9 engra\u00e7ado, tenho 15 anos de carreira na Indy e 35 anos, ent\u00e3o pode parecer que cheguei ao intervalo do jogo, mas \u00e9 mais como o final do primeiro quarto&#8221;, prosseguiu o novo refor\u00e7o da Ganassi.<\/p>\n\n\n\n<p class=\"wp-block-paragraph\">Na equipe de Chip Ganassi, Kiel tamb\u00e9m ter\u00e1 contato com as equipes de endurance e com o time que compete na Extreme E. A diversidade da equipe tamb\u00e9m foi outro fator que atraiu o americano, que sabe que ter\u00e1 oportunidade de aprendizado em v\u00e1rios ambientes diferentes.<\/p>\n\n\n\n<p class=\"wp-block-paragraph\">\u201cSe voc\u00ea for comparar os dois, nada est\u00e1 isolado aqui e h\u00e1 a oportunidade de aprender e crescer. Ainda tenho a oportunidade de competir na Indy 500, mas tamb\u00e9m nas 24 Horas de Le Mans e tamb\u00e9m na Extreme E. Ent\u00e3o s\u00e3o mais ambientes para eu aprender e de maneiras diferentes, com pessoas diferentes, com regras diferentes, carros, pilotos, etc&#8221;, concluiu Kiel.<\/p>\n","protected":false},"excerpt":{"rendered":"<p>A Ganassi anunciou nesta ter\u00e7a-feira a contrata\u00e7\u00e3o de Taylor Kiel, ex-chefe da McLaren na Indy, como novo diretor de equipe na categoria e realocou Mike O&#8217;Gara para as competi\u00e7\u00f5es de endurance<\/p>\n","protected":false},"author":0,"featured_media":1000616070,"comment_status":"closed","ping_status":"closed","sticky":false,"template":"","format":"standard","meta":{"42wp_featured_image_caption":"","42wp_featured_image_credits":"","42wp_featured_video":"","42wp_featured_image_hidden":false,"42wp_authors_list":[],"footnotes":""},"categories":[3],"tags":[619,29062,31851,1595,1491,93,2209,25977,94,90],"42wp_author":[47144],"class_list":["post-107222","post","type-post","status-publish","format-standard","has-post-thumbnail","hentry","category-indy","tag-formula-indy","tag-formula-indy-2022","tag-formula-indy-2023","tag-ganassi","tag-grande-premio","tag-indy","tag-indy-2022","tag-indy-2023","tag-indycar","tag-mclaren","42wp_author-andre-netto"],"_links":{"self":[{"href":"https:\/\/grandepremio.com\/br\/wp-json\/wp\/v2\/posts\/107222","targetHints":{"allow":["GET"]}}],"collection":[{"href":"https:\/\/grandepremio.com\/br\/wp-json\/wp\/v2\/posts"}],"about":[{"href":"https:\/\/grandepremio.com\/br\/wp-json\/wp\/v2\/types\/post"}],"replies":[{"embeddable":true,"href":"https:\/\/grandepremio.com\/br\/wp-json\/wp\/v2\/comments?post=107222"}],"version-history":[{"count":0,"href":"https:\/\/grandepremio.com\/br\/wp-json\/wp\/v2\/posts\/107222\/revisions"}],"wp:featuredmedia":[{"embeddable":true,"href":"https:\/\/grandepremio.com\/br\/wp-json\/wp\/v2\/media\/1000616070"}],"wp:attachment":[{"href":"https:\/\/grandepremio.com\/br\/wp-json\/wp\/v2\/media?parent=107222"}],"wp:term":[{"taxonomy":"category","embeddable":true,"href":"https:\/\/grandepremio.com\/br\/wp-json\/wp\/v2\/categories?post=107222"},{"taxonomy":"post_tag","embeddable":true,"href":"https:\/\/grandepremio.com\/br\/wp-json\/wp\/v2\/tags?post=107222"},{"taxonomy":"42wp_author","embeddable":true,"href":"https:\/\/grandepremio.com\/br\/wp-json\/wp\/v2\/42wp_author?post=107222"}],"curies":[{"name":"wp","href":"https:\/\/api.w.org\/{rel}","templated":true}]}}