{"id":107251,"date":"2022-11-15T12:46:04","date_gmt":"2022-11-15T15:46:04","guid":{"rendered":"https:\/\/grandepremio.com\/br\/noticias\/sergio-perez-tregua-max-verstappen-red-bull-frente-nossos-interesses\/"},"modified":"2022-11-15T13:34:23","modified_gmt":"2022-11-15T16:34:23","slug":"sergio-perez-tregua-max-verstappen-red-bull-frente-nossos-interesses","status":"publish","type":"post","link":"https:\/\/grandepremio.com\/br\/f1\/sergio-perez-tregua-max-verstappen-red-bull-frente-nossos-interesses\/","title":{"rendered":"P\u00e9rez d\u00e1 tr\u00e9gua a Verstappen e diz que Red Bull est\u00e1 &#8220;\u00e0 frente de nossos interesses&#8221;"},"content":{"rendered":"\n<p class=\"wp-block-paragraph\">Depois do clima b\u00e9lico instaurado na <strong>Red Bull <\/strong>ap\u00f3s o <strong>GP de S\u00e3o Paulo<\/strong>, <strong>Sergio P\u00e9rez<\/strong> resolveu baixar a guarda contra <strong>Max Verstappen<\/strong>. Ainda frustrado por n\u00e3o ter recebido ajuda do companheiro de equipe, o mexicano decidiu adotar uma postura em prol da equipe, ressaltando que o assunto j\u00e1 foi resolvido internamente.<\/p>\n\n\n\n<p class=\"wp-block-paragraph\">Na corrida realizada em Interlagos no \u00faltimo domingo, a Red Bull pediu que P\u00e9rez abrisse caminho para Verstappen tentar atacar\u00a0<strong><a href=\"https:\/\/es.grandepremio.com\/\" target=\"_blank\" rel=\"noreferrer noopener\">Fernando Alonso<\/a><\/strong>, ent\u00e3o quinto colocado, mas o #1 n\u00e3o conseguiu. Na \u00faltima volta, ent\u00e3o, o mexicano pediu para Max devolver a posi\u00e7\u00e3o, no entanto, ele disse que n\u00e3o faria isso e que era para a equipe \u201cn\u00e3o perguntar de novo\u201d porque \u201cj\u00e1 tinha dado os motivos\u201d.<\/p>\n\n\n\n<p class=\"wp-block-paragraph\"><strong>\u25b6\ufe0f\u00a0Inscreva-se nos dois canais do GRANDE PR\u00caMIO no YouTube:\u00a0<a href=\"https:\/\/www.youtube.com\/channel\/UC9OlHEgxoaY6QY6nWPoiqQg?sub_confirmation=1\" target=\"_blank\" rel=\"noreferrer noopener\">GP<\/a>\u00a0|\u00a0<a href=\"https:\/\/www.youtube.com\/channel\/UC9csiS6q_C3C0FYhyr1rnFA?sub_confirmation=1\" target=\"_blank\" rel=\"noreferrer noopener\">GP2<\/a><\/strong><br><strong>\u25b6\ufe0f\u00a0<a href=\"https:\/\/www.twitch.tv\/grandepremio\" target=\"_blank\" rel=\"noreferrer noopener\">Conhe\u00e7a o canal do GRANDE PR\u00caMIO na Twitch clicando aqui!<\/a><\/strong><\/p>\n\n\n\n<figure class=\"wp-block-image size-large\"><img decoding=\"async\" src=\"https:\/\/www.grandepremio.com\/br\/wp-content\/uploads\/2022\/11\/redbull-sergioperez-01-4-1024x683.jpg\" alt=\"\" class=\"wp-image-632005\"\/><figcaption>Sergio P\u00e9rez jogou uma bomba na Red Bull, mas disse que o assunto com Verstappen j\u00e1 foi resolvido (Foto: Red Bull Content Pool)<\/figcaption><\/figure>\n\n\n\n<p class=\"wp-block-paragraph\">P\u00e9rez, que briga pelo vice-campeonato na temporada 2022 com&nbsp;<strong><a href=\"https:\/\/www.grandepremio.com\/br\/piloto\/charles-leclerc\/\" target=\"_blank\" rel=\"noreferrer noopener\"><\/a><a href=\"https:\/\/www.grandepremio.com\/br\/piloto\/charles-leclerc\/\" target=\"_blank\" rel=\"noreferrer noopener\">Charles Leclerc<\/a><\/strong>, foi informado via r\u00e1dio assim que cruzou a linha de chegada do que havia acontecido e disparou: \u201cObrigado, pessoal. Isso mostra quem ele realmente \u00e9\u201d. J\u00e1 fora do carro, continuou o ataque: \u201cAcho que, se ele tem dois t\u00edtulos, agrade\u00e7a a mim\u201d. E ainda completou destacando: \u201cdepois de tudo que fiz por ele, estou um pouco desapontado\u201d.<\/p>\n\n\n\n<p class=\"wp-block-paragraph\">&#8220;Veremos mais sobre isso internamente e vamos seguir em frente&#8221;, completou Checo ap\u00f3s a reuni\u00e3o realizada com os taurinos. &#8220;Obviamente, estou decepcionado, especialmente depois de tudo o que fiz. Mas tenho certeza de que somos adultos e vamos avan\u00e7ar como equipe&#8221;, salientou.<\/p>\n\n\n\n<p class=\"wp-block-paragraph\">Ainda no aut\u00f3dromo, <strong>Christian Horner<\/strong> declarou que Verstappen &#8220;apoiar\u00e1 totalmente&#8221; P\u00e9rez em Abu Dhabi, que encerra a temporada 2022. Ao ser questionado se espera isso, Checo foi direto: \u201cSim, definitivamente, caso contr\u00e1rio, n\u00e3o faz sentido para mim&#8221;, ressaltando que, a partir de agora, &#8220;ser\u00e1 diferente n\u00e3o s\u00f3 em <strong>Abu Dhabi<\/strong>, mas daqui para frente&#8221;. &#8220;Sempre colocaremos o time \u00e0 frente de nossos interesses.&#8221;<\/p>\n\n\n\n<p class=\"wp-block-paragraph\">Sobre a corrida brasileira, P\u00e9rez explicou que teve um stint muito ruim final, principalmente depois do segundo safety-car. &#8220;N\u00e3o t\u00ednhamos ader\u00eancia e \u00e9ramos apenas passageiros&#8221;, declarou, sobre a performance dos pneus m\u00e9dios.<\/p>\n","protected":false},"excerpt":{"rendered":"<p>Ap\u00f3s a pol\u00eamica com Max Verstappen no GP de S\u00e3o Paulo, Sergio P\u00e9rez resolveu baixar a guarda e disse que, daqui para frente, a Red Bull vir\u00e1 em primeiro lugar na pista<\/p>\n","protected":false},"author":0,"featured_media":1000633570,"comment_status":"closed","ping_status":"closed","sticky":false,"template":"","format":"standard","meta":{"42wp_featured_image_caption":"","42wp_featured_image_credits":"","42wp_featured_video":"","42wp_featured_image_hidden":false,"42wp_authors_list":[],"footnotes":""},"categories":[2],"tags":[655,147,156,1357,26680,1491,203,204,3132,27543],"42wp_author":[47147],"class_list":["post-107251","post","type-post","status-publish","format-standard","has-post-thumbnail","hentry","category-f1","tag-christian-horner","tag-f1","tag-f1-2021","tag-f1-2022","tag-gp-de-sao-paulo","tag-grande-premio","tag-max-verstappen","tag-red-bull","tag-sergio-perez","tag-verstappen-campeao","42wp_author-luana-marino"],"_links":{"self":[{"href":"https:\/\/grandepremio.com\/br\/wp-json\/wp\/v2\/posts\/107251","targetHints":{"allow":["GET"]}}],"collection":[{"href":"https:\/\/grandepremio.com\/br\/wp-json\/wp\/v2\/posts"}],"about":[{"href":"https:\/\/grandepremio.com\/br\/wp-json\/wp\/v2\/types\/post"}],"replies":[{"embeddable":true,"href":"https:\/\/grandepremio.com\/br\/wp-json\/wp\/v2\/comments?post=107251"}],"version-history":[{"count":0,"href":"https:\/\/grandepremio.com\/br\/wp-json\/wp\/v2\/posts\/107251\/revisions"}],"wp:featuredmedia":[{"embeddable":true,"href":"https:\/\/grandepremio.com\/br\/wp-json\/wp\/v2\/media\/1000633570"}],"wp:attachment":[{"href":"https:\/\/grandepremio.com\/br\/wp-json\/wp\/v2\/media?parent=107251"}],"wp:term":[{"taxonomy":"category","embeddable":true,"href":"https:\/\/grandepremio.com\/br\/wp-json\/wp\/v2\/categories?post=107251"},{"taxonomy":"post_tag","embeddable":true,"href":"https:\/\/grandepremio.com\/br\/wp-json\/wp\/v2\/tags?post=107251"},{"taxonomy":"42wp_author","embeddable":true,"href":"https:\/\/grandepremio.com\/br\/wp-json\/wp\/v2\/42wp_author?post=107251"}],"curies":[{"name":"wp","href":"https:\/\/api.w.org\/{rel}","templated":true}]}}