{"id":107255,"date":"2022-11-15T11:14:41","date_gmt":"2022-11-15T14:14:41","guid":{"rendered":"https:\/\/grandepremio.com\/br\/noticias\/ferrari-decide-demitir-mattia-binotto-quer-chefe-alfa-romeo-para-substituir-formula-1\/"},"modified":"2022-11-15T11:21:29","modified_gmt":"2022-11-15T14:21:29","slug":"ferrari-decide-demitir-mattia-binotto-quer-chefe-alfa-romeo-para-substituir-formula-1","status":"publish","type":"post","link":"https:\/\/grandepremio.com\/br\/f1\/ferrari-decide-demitir-mattia-binotto-quer-chefe-alfa-romeo-para-substituir-formula-1\/","title":{"rendered":"Ferrari decide demitir Binotto e quer chefe da Alfa Romeo para substituir na F1"},"content":{"rendered":"\n<p class=\"wp-block-paragraph\">No dia seguinte ao surgimento da not\u00edcia de que a <strong>Ferrari<\/strong> <a href=\"https:\/\/www.grandepremio.com\/br\/f1\/noticias\/ausencia-mattia-binotto-corridas-finais-esconde-negociacao-demissao-ferrari\/\" class=\"ek-link\">estuda a sa\u00edda do atual chefe de equipe<\/a>, <strong>Mattia Binotto<\/strong>, o principal jornal esportivo da It\u00e1lia \u2014 <em>La Gazzetta dello Sport<\/em> \u2014 cravou que <strong>Fr\u00e9d\u00e9ric Vasseur<\/strong>, atual diretor da gest\u00e3o esportiva da <strong>Alfa Romeo<\/strong>, ir\u00e1 ocupar o cargo na escuderia em 2023.<\/p>\n\n\n\n<p class=\"wp-block-paragraph\"><strong>\u25b6\ufe0f\u00a0Inscreva-se nos dois canais do GRANDE PR\u00caMIO no YouTube:\u00a0<a href=\"https:\/\/www.youtube.com\/channel\/UC9OlHEgxoaY6QY6nWPoiqQg?sub_confirmation=1\" target=\"_blank\" rel=\"noreferrer noopener\">GP<\/a>\u00a0|\u00a0<a href=\"https:\/\/www.youtube.com\/channel\/UC9csiS6q_C3C0FYhyr1rnFA?sub_confirmation=1\" target=\"_blank\" rel=\"noreferrer noopener\">GP2<\/a><\/strong><br><strong>\u25b6\ufe0f\u00a0<a href=\"https:\/\/www.twitch.tv\/grandepremio\" target=\"_blank\" rel=\"noreferrer noopener\">Conhe\u00e7a o canal do GRANDE PR\u00caMIO na Twitch clicando aqui!<\/a><\/strong><\/p>\n\n\n\n<p class=\"wp-block-paragraph\">No ver\u00e3o europeu deste ano, o presidente da Ferrari, <strong>John Elkann<\/strong>, come\u00e7ou a avaliar op\u00e7\u00f5es para o lugar de Binotto. Vasseur agradou desde o come\u00e7o do &#8216;processo seletivo&#8217;; o bom relacionamento com a alta dire\u00e7\u00e3o do<strong> Stellantis<\/strong> \u2014 um dos maiores grupos de montadoras do mundo \u2014, constru\u00eddo ao longo dos anos de gest\u00e3o na <strong>Sauber<\/strong>, ajudou o franc\u00eas a se destacar. Seu curr\u00edculo no esporte a motor e seu estilo de administra\u00e7\u00e3o tamb\u00e9m s\u00e3o pontos de destaque, na vis\u00e3o da escuderia italiana.<\/p>\n\n\n\n<p class=\"wp-block-paragraph\">Segundo<em> La Gazzetta dello Sport<\/em>, Binotto paga o pre\u00e7o pela falta de competitividade da Ferrari desde 2019. Por um motivo ou outro, a escuderia italiana sempre perde f\u00f4lego ao longo da temporada, desde o momento em que Mattia foi promovido ao posto de chefe de equipe ap\u00f3s a sa\u00edda de <strong>Maurizio Arrivabene<\/strong>.<\/p>\n\n\n\n<figure class=\"wp-block-image size-large\"><img decoding=\"async\" src=\"https:\/\/www.grandepremio.com\/br\/wp-content\/uploads\/2020\/05\/220033-hungarian-gp-qualifying-1024x683.jpg\" alt=\"\" class=\"wp-image-602827\"\/><figcaption>Mattia Binotto pode estar com dias contados na escuderia italiana (Foto: Scuderia Ferrari Press Office)<\/figcaption><\/figure>\n\n\n\n<p class=\"wp-block-paragraph\">H\u00e1, sim, certo cr\u00e9dito pela volta da Ferrari ao pelot\u00e3o da frente ap\u00f3s dois anos dif\u00edceis. Mas os erros de estrat\u00e9gia e sucessivas confus\u00f5es na chefia da equipe pesam mais na balan\u00e7a.<\/p>\n\n\n\n<p class=\"wp-block-paragraph\">O esc\u00e2ndalo t\u00e9cnico de 2019 da Ferrari tamb\u00e9m aconteceu na gest\u00e3o Binotto. Naquela temporada, a unidade de pot\u00eancia da Ferrari parecia imbat\u00edvel, com velocidade de reta muito superior \u00e0s demais equipes. A <strong>Red Bull<\/strong> foi a primeira a levantar suspeita de ilegalidade no motor italiano, direcionando suas acusa\u00e7\u00f5es ao fluxo do combust\u00edvel. A <strong>Mercedes<\/strong>, \u00f3bvia parte interessada, logo se juntou aos protestos. A <strong>FIA<\/strong> (Federa\u00e7\u00e3o Internacional de Automobilismo), ent\u00e3o, determinou o sistema da escuderia italiana, que pulsava sinais el\u00e9tricos que interferiam no flux\u00f4metro, como ilegal \u2014 sob a justificativa de que a vantagem obtida n\u00e3o estava de acordo com o regulamento t\u00e9cnico.<\/p>\n\n\n\n<p class=\"wp-block-paragraph\">Nos bastidores, \u00f3rg\u00e3o regulador e escuderia italiana firmaram uma esp\u00e9cie de acordo secreto. Mas sem o &#8216;temperinho&#8217;, a pimenta no motor, a Ferrari enfrentou fortes repercuss\u00f5es t\u00e9cnicas em 2020 e 2021. Todo esse cen\u00e1rio tamb\u00e9m pesa contra Binotto.<\/p>\n\n\n\n<figure class=\"wp-block-image size-full\"><img decoding=\"async\" src=\"https:\/\/www.grandepremio.com\/br\/wp-content\/uploads\/2019\/11\/20191132152359_Ferrari_SebastianVettel_32_DMa.jpg\" alt=\"\" class=\"wp-image-375918\"\/><figcaption>Motor da Ferrari em 2019 tinha um certo tempero a mais&#8230; (Foto: Ferrari)<\/figcaption><\/figure>\n\n\n\n<p class=\"wp-block-paragraph\">Por fim, o descontentamento de <strong>Charles Leclerc<\/strong> com o chefe de equipe mostra-se, igualmente, um fator. O relacionamento entre os dois tornou-se conflitante desde o <strong>GP da Inglaterra<\/strong> deste ano, quando o piloto de 25 anos deixou de vencer ap\u00f3s uma m\u00e1 escolha estrat\u00e9gica do time, que acabou tirando o monegasco at\u00e9 do p\u00f3dio. \u00c0 \u00e9poca, Leclerc estava 49 pontos atr\u00e1s de <strong>Max Verstappen<\/strong> na disputa pelo t\u00edtulo. Um jantar de esclarecimento aconteceu em Monte Carlo pouco depois, mas n\u00e3o foi suficiente para recuperar a rela\u00e7\u00e3o.<\/p>\n\n\n\n<p class=\"wp-block-paragraph\">Na \u00faltima segunda-feira, a revista francesa <em>AutoHebdo<\/em> apontou que as recentes aus\u00eancias de Binotto no paddock representam indicativo de sa\u00edda. De acordo com a publica\u00e7\u00e3o, fontes pr\u00f3ximas a Maranello afirmam que o momento n\u00e3o \u00e9 mais de di\u00e1logo, e sim de separa\u00e7\u00e3o. Mattia est\u00e1 na Ferrari desde 1995, inicialmente na \u00e1rea dos motores.\u00a0<\/p>\n\n\n\n<figure class=\"wp-block-embed is-type-rich is-provider-spotify wp-block-embed-spotify wp-embed-aspect-21-9 wp-has-aspect-ratio\"><div class=\"wp-block-embed__wrapper\">\n<iframe title=\"Spotify Embed: F1 2022, GP DE S\u00c3O PAULO: RUSSELL VENCE, HAMILTON 2\u00ba, VERSTAPPEN 6\u00ba | Briefing\" style=\"border-radius: 12px\" width=\"100%\" height=\"152\" frameborder=\"0\" allowfullscreen allow=\"autoplay; clipboard-write; encrypted-media; fullscreen; picture-in-picture\" loading=\"lazy\" src=\"https:\/\/open.spotify.com\/embed\/episode\/5KyeIqQArGmmZe3kaFH4Dv?utm_source=oembed\"><\/iframe>\n<\/div><\/figure>\n\n\n\n<p class=\"wp-block-paragraph\">A escuderia italiana ocupa o segundo lugar no Mundial de Construtores de 2022, com 19 tentos de vantagem sobre a Mercedes antes da \u00faltima corrida, em Abu Dhabi. O time venceu quatro vezes \u2014 tr\u00eas com Leclerc, e uma com\u00a0<strong>Carlos Sainz<\/strong>.<\/p>\n\n\n\n<p class=\"wp-block-paragraph\">O\u00a0<strong>GRANDE PR\u00caMIO<\/strong>\u00a0cobriu o\u00a0<strong>GP de S\u00e3o Paulo<\/strong>\u00a0de\u00a0F\u00f3rmula 1\u00a0\u2018in loco\u2019 com Ana Paula Cerveira, Andr\u00e9 Netto, Evelyn Guimar\u00e3es, Felipe Leite, Gabriel Curty, Jo\u00e3o Pedro Nascimento, Luana Marino, Rodrigo Berton, Pedro Henrique Marum e Victor Martins. A F1 encerra a temporada com o GP de Abu Dhabi j\u00e1 entre os dias 18 e 20 de novembro.<\/p>\n","protected":false},"excerpt":{"rendered":"<p>Segundo o principal jornal esportivo da It\u00e1lia, La Gazzetta dello Sport, Fr\u00e9d\u00e9ric Vasseur ser\u00e1 o chefe de equipe da escuderia na temporada de 2023 da F\u00f3rmula 1<\/p>\n","protected":false},"author":0,"featured_media":1000577007,"comment_status":"closed","ping_status":"closed","sticky":false,"template":"","format":"standard","meta":{"42wp_featured_image_caption":"","42wp_featured_image_credits":"","42wp_featured_video":"","42wp_featured_image_hidden":false,"42wp_authors_list":[],"footnotes":""},"categories":[2],"tags":[457,147,1357,207,180,26841,1322,26680,30282,29971,32967,28633,1491,28285,124,442,2380,29528],"42wp_author":[47143],"class_list":["post-107255","post","type-post","status-publish","format-standard","has-post-thumbnail","hentry","category-f1","tag-alfa-romeo","tag-f1","tag-f1-2022","tag-ferrari","tag-formula-1","tag-formula-1-2022","tag-frederic-vasseur","tag-gp-de-sao-paulo","tag-gp-de-sao-paulo-2022","tag-gp-de-sao-paulo-de-f1","tag-gp-de-sao-paulo-de-f1-2022","tag-gp-de-sao-paulo-de-formula-1","tag-grande-premio","tag-grandepremio","tag-interlagos","tag-mattia-binotto","tag-sao-paulo","tag-vasseur","42wp_author-felipe-leite"],"_links":{"self":[{"href":"https:\/\/grandepremio.com\/br\/wp-json\/wp\/v2\/posts\/107255","targetHints":{"allow":["GET"]}}],"collection":[{"href":"https:\/\/grandepremio.com\/br\/wp-json\/wp\/v2\/posts"}],"about":[{"href":"https:\/\/grandepremio.com\/br\/wp-json\/wp\/v2\/types\/post"}],"replies":[{"embeddable":true,"href":"https:\/\/grandepremio.com\/br\/wp-json\/wp\/v2\/comments?post=107255"}],"version-history":[{"count":0,"href":"https:\/\/grandepremio.com\/br\/wp-json\/wp\/v2\/posts\/107255\/revisions"}],"wp:featuredmedia":[{"embeddable":true,"href":"https:\/\/grandepremio.com\/br\/wp-json\/wp\/v2\/media\/1000577007"}],"wp:attachment":[{"href":"https:\/\/grandepremio.com\/br\/wp-json\/wp\/v2\/media?parent=107255"}],"wp:term":[{"taxonomy":"category","embeddable":true,"href":"https:\/\/grandepremio.com\/br\/wp-json\/wp\/v2\/categories?post=107255"},{"taxonomy":"post_tag","embeddable":true,"href":"https:\/\/grandepremio.com\/br\/wp-json\/wp\/v2\/tags?post=107255"},{"taxonomy":"42wp_author","embeddable":true,"href":"https:\/\/grandepremio.com\/br\/wp-json\/wp\/v2\/42wp_author?post=107255"}],"curies":[{"name":"wp","href":"https:\/\/api.w.org\/{rel}","templated":true}]}}