{"id":107275,"date":"2022-11-14T10:25:17","date_gmt":"2022-11-14T13:25:17","guid":{"rendered":"https:\/\/grandepremio.com\/br\/noticias\/lewis-hamilton-cutuca-max-verstappen-novo-acidente-quando-voce-tem-sucesso-vira-alvo\/"},"modified":"2022-11-15T11:58:56","modified_gmt":"2022-11-15T14:58:56","slug":"lewis-hamilton-cutuca-max-verstappen-novo-acidente-quando-voce-tem-sucesso-vira-alvo","status":"publish","type":"post","link":"https:\/\/grandepremio.com\/br\/f1\/lewis-hamilton-cutuca-max-verstappen-novo-acidente-quando-voce-tem-sucesso-vira-alvo\/","title":{"rendered":"Hamilton cutuca Verstappen ap\u00f3s novo acidente: &#8220;Quando voc\u00ea tem sucesso, vira alvo&#8221;"},"content":{"rendered":"\n<figure class=\"wp-block-video\"><video class=\"video-js vjs-big-play-centered\" data-gp-vjs=\"1\" controls poster=\"https:\/\/www.grandepremio.com\/br\/wp-content\/uploads\/2022\/11\/Re70gyK4IO54_Pd_-poster.jpeg\" src=\"https:\/\/www.grandepremio.com\/br\/wp-content\/uploads\/2022\/11\/Re70gyK4IO54_Pd_.mp4\"><\/video><figcaption>Verstappen e Hamilton revivem rivalidade e se tocam em Interlagos (V\u00eddeo: Reprodu\u00e7\u00e3o\/F1TV)<\/figcaption><\/figure>\n\n\n\n<p class=\"wp-block-paragraph\">Quem achava que 2021 havia ficado para tr\u00e1s, se enganou. Depois de duas ensaiadas nos <strong>Estados Unidos<\/strong> e no <strong>M\u00e9xico<\/strong>, eis que <strong>Lewis Hamilton<\/strong> e <strong>Max Verstappen<\/strong> se encontraram no S do Senna no <strong>GP de S\u00e3o Paulo<\/strong>. O piloto da Red Bull levou a pior no incidente, chegando a tomar 5s de puni\u00e7\u00e3o, mas Hamilton tamb\u00e9m n\u00e3o aliviou \u2014 nem na pista e fora dela, nas declara\u00e7\u00f5es p\u00f3s-corrida.<\/p>\n\n\n\n<p class=\"wp-block-paragraph\">Na coletiva em Interlagos, Hamilton foi questionado se achava que Verstappen possu\u00eda algum problema espec\u00edfico com ele, j\u00e1 que, mais uma vez, uma disputa de posi\u00e7\u00e3o entre ambos terminou em batida. E a alfinetada veio.<\/p>\n\n\n\n<p class=\"wp-block-paragraph\"><strong>\u25b6\ufe0f\u00a0Inscreva-se nos dois canais do GRANDE PR\u00caMIO no YouTube:\u00a0<a href=\"https:\/\/www.youtube.com\/channel\/UC9OlHEgxoaY6QY6nWPoiqQg?sub_confirmation=1\" target=\"_blank\" rel=\"noreferrer noopener\">GP<\/a>\u00a0|\u00a0<a href=\"https:\/\/www.youtube.com\/channel\/UC9csiS6q_C3C0FYhyr1rnFA?sub_confirmation=1\" target=\"_blank\" rel=\"noreferrer noopener\">GP2<\/a><\/strong><br><strong>\u25b6\ufe0f\u00a0<a href=\"https:\/\/www.twitch.tv\/grandepremio\" target=\"_blank\" rel=\"noreferrer noopener\">Conhe\u00e7a o canal do GRANDE PR\u00caMIO na Twitch clicando aqui!<\/a><\/strong><\/p>\n\n\n\n<figure class=\"wp-block-image size-large\"><img decoding=\"async\" src=\"https:\/\/www.grandepremio.com\/br\/wp-content\/uploads\/2022\/11\/redbull-maxverstappen-05-2-1024x683.jpg\" alt=\"\" class=\"wp-image-633320\"\/><figcaption>O ensaio veio em Austin e no M\u00e9xico: Hamilton e Verstappen bateram no Brasil (Foto: Red Bull Content Pool)<\/figcaption><\/figure>\n\n\n\n<p class=\"wp-block-paragraph\">&#8220;N\u00e3o tenho nenhuma preocupa\u00e7\u00e3o [com isso]. Acho natural, quando voc\u00ea tem sucesso e os n\u00fameros no peito, que voc\u00ea se torne um alvo. Mas est\u00e1 tudo bem. N\u00e3o \u00e9 nada que eu n\u00e3o tenha lidado antes&#8221;, declarou o heptacampe\u00e3o.<\/p>\n\n\n\n<p class=\"wp-block-paragraph\">Antes, Lewis j\u00e1 havia falado sobre o incidente na volta 7, explicando que a maior preocupa\u00e7\u00e3o naquele momento era com o estado do carro. \u201cTudo que pensei naquele momento foi que imaginei que teria de abandonar, porque senti algo diferente, a traseira n\u00e3o foi mais a mesma depois disso. Para mim, parecia que \u00edamos perder a dobradinha para a equipe. Era tudo o que eu conseguia pensar\u201d, admitiu.<\/p>\n\n\n\n<p class=\"wp-block-paragraph\">\u201cEnt\u00e3o fui na grama, e ao voltar \u00e0 pista, s\u00f3 conseguia pensar em como poderia voltar a dar \u00e0 equipe aquele resultado incr\u00edvel. Portanto, para mim, \u00e9 mais uma vez n\u00e3o sobre como voc\u00ea cai, mas como voc\u00ea se levanta. E estou orgulhoso do trabalho que todos n\u00f3s fizemos\u201d, finalizou Hamilton.<\/p>\n","protected":false},"excerpt":{"rendered":"<p>A resposta veio durante a coletiva de imprensa p\u00f3s-GP de S\u00e3o Paulo, em Interlagos, ao ser questionado se achava que Max Verstappen tinha algum problema pessoal com ele<\/p>\n","protected":false},"author":0,"featured_media":1000633332,"comment_status":"closed","ping_status":"closed","sticky":false,"template":"","format":"standard","meta":{"42wp_featured_image_caption":"","42wp_featured_image_credits":"","42wp_featured_video":"","42wp_featured_image_hidden":false,"42wp_authors_list":[],"footnotes":""},"categories":[2],"tags":[487,147,156,1357,180,26680,1491,124,87,203],"42wp_author":[47147],"class_list":["post-107275","post","type-post","status-publish","format-standard","has-post-thumbnail","hentry","category-f1","tag-acidente","tag-f1","tag-f1-2021","tag-f1-2022","tag-formula-1","tag-gp-de-sao-paulo","tag-grande-premio","tag-interlagos","tag-lewis-hamilton","tag-max-verstappen","42wp_author-luana-marino"],"_links":{"self":[{"href":"https:\/\/grandepremio.com\/br\/wp-json\/wp\/v2\/posts\/107275","targetHints":{"allow":["GET"]}}],"collection":[{"href":"https:\/\/grandepremio.com\/br\/wp-json\/wp\/v2\/posts"}],"about":[{"href":"https:\/\/grandepremio.com\/br\/wp-json\/wp\/v2\/types\/post"}],"replies":[{"embeddable":true,"href":"https:\/\/grandepremio.com\/br\/wp-json\/wp\/v2\/comments?post=107275"}],"version-history":[{"count":0,"href":"https:\/\/grandepremio.com\/br\/wp-json\/wp\/v2\/posts\/107275\/revisions"}],"wp:featuredmedia":[{"embeddable":true,"href":"https:\/\/grandepremio.com\/br\/wp-json\/wp\/v2\/media\/1000633332"}],"wp:attachment":[{"href":"https:\/\/grandepremio.com\/br\/wp-json\/wp\/v2\/media?parent=107275"}],"wp:term":[{"taxonomy":"category","embeddable":true,"href":"https:\/\/grandepremio.com\/br\/wp-json\/wp\/v2\/categories?post=107275"},{"taxonomy":"post_tag","embeddable":true,"href":"https:\/\/grandepremio.com\/br\/wp-json\/wp\/v2\/tags?post=107275"},{"taxonomy":"42wp_author","embeddable":true,"href":"https:\/\/grandepremio.com\/br\/wp-json\/wp\/v2\/42wp_author?post=107275"}],"curies":[{"name":"wp","href":"https:\/\/api.w.org\/{rel}","templated":true}]}}